{"id":136390,"date":"2025-03-01T00:10:08","date_gmt":"2025-03-01T03:10:08","guid":{"rendered":"https:\/\/www.elsindical.com.ar\/notas\/?p=136390"},"modified":"2025-03-01T00:10:14","modified_gmt":"2025-03-01T03:10:14","slug":"efemerides-del-dia-1-marzo","status":"publish","type":"post","link":"https:\/\/www.elsindical.com.ar\/notas\/efemerides-del-dia-1-marzo\/","title":{"rendered":"EFEM\u00c9RIDES: DEL D\u00cdA 1 MARZO"},"content":{"rendered":"\n<p>D\u00eda mundial de las Enfermedades Raras<\/p>\n\n\n\n<p>1692 \u2013 Nace John Byron, poeta brit\u00e1nico.<\/p>\n\n\n\n<p>1908 \u2013 Nacimiento de Balthasar Klossowski, \u201cBalthus\u201d, pintor franc\u00e9s.<\/p>\n\n\n\n<p>1912 \u2013 La piedra movediza de Tandil (Prov de Buenos Aires, Argentina), cae y se destruye en tres pedazos, probablemente en un acto de vandalismo.<\/p>\n\n\n\n<p>1916 \u2013 En&nbsp;Carolina del Sur, la&nbsp;edad m\u00ednima&nbsp;de los trabajadores en f\u00e1bricas, molinos y minas se eleva desde 12 a 14 a\u00f1os.<\/p>\n\n\n\n<p>1940 \u2013 \u201cLo que el viento se llev\u00f3\u201d gana 8 Oscar. Entre ellos Hattie McDaniel, primera norteamericana negra en ganar un Oscar.<\/p>\n\n\n\n<p>1944 \u2013 Nace Dennis Farina, actor estadounidense.<\/p>\n\n\n\n<p>1960 \u2013 En Marruecos, un terremoto asola la ciudad de Agadir.<\/p>\n\n\n\n<p>1968 \u2013 Los Beatles ganan el Grammy con su canci\u00f3n \u201cSgt. Pepper\u2019s Lonely Hearts Club Band.<\/p>\n\n\n\n<p>1972 \u2013 Nace Antonio Sabato Jr., actor italo-estadounidense.<\/p>\n\n\n\n<p>1980 \u2013 Nace Fernando Fayart, futbolista argentino.<\/p>\n\n\n\n<p>1980 \u2013 Nace Jos\u00e9 Almaraz, futbolista argentino.<\/p>\n\n\n\n<p>1984 \u2013 El cantante estadounidense Michel Jackson es galardonado con ocho premios Grammy, los m\u00e1s importantes del mundo de la canci\u00f3n.<\/p>\n\n\n\n<p>1988 \u2013 Nace Luciano Cigno, futbolista argentino.<\/p>\n\n\n\n<p>1988 \u2013 Muere Beatriz Guido, novelista argentina.<\/p>\n\n\n\n<p>1992 \u2013 A partir de este d\u00eda, la&nbsp;Rep\u00fablica de Bosnia y Herzegovina&nbsp;celebr\u00f3 un refer\u00e9ndum sobre la independencia que obtuvo un apoyo casi un\u00e1nime, y el 3 de marzo se proclam\u00f3 la independencia, lo que provoc\u00f3 el bombardeo de las fuerzas serbias.<\/p>\n\n\n\n<p>2004 \u2013 En Hait\u00ed, un golpe de estado derroca al presidente Jean-Bertrand Aristide, que es enviado fuera del pa\u00eds.<\/p>\n\n\n\n<p>2004 \u2013 El regreso del rey:&nbsp;la \u00faltima entrega de la adaptaci\u00f3n cinematogr\u00e1fica de&nbsp;la fantas\u00eda \u00e9pica&nbsp;de&nbsp;JRR Tolkien,&nbsp;El Se\u00f1or de los anillos,&nbsp;recibi\u00f3 11&nbsp;premios de la Academia, empatando a Ben-Hur&nbsp;(1959) y&nbsp;Titanic&nbsp;(1997).<\/p>\n\n\n\n<p>2012 \u2013 Muere Davy Jones, actor, compositor y cantante estadounidense de The Monkees.<\/p>\n\n\n\n<p>2012 \u2013 Finaliza las obras para el Tokyo Skytree. Es la torre m\u00e1s alta construida por el hombre.<\/p>\n","protected":false},"excerpt":{"rendered":"<p>D\u00eda mundial de las Enfermedades Raras 1692 \u2013 Nace John Byron, poeta brit\u00e1nico. 1908 \u2013 Nacimiento de Balthasar Klossowski, \u201cBalthus\u201d, pintor franc\u00e9s. 1912 \u2013 La piedra movediza de Tandil (Prov de Buenos Aires, Argentina), cae y se destruye en tres pedazos, probablemente en un acto de vandalismo. 1916 \u2013 En&nbsp;Carolina del Sur, la&nbsp;edad m\u00ednima&nbsp;de los&hellip;<\/p>\n","protected":false},"author":1,"featured_media":0,"comment_status":"open","ping_status":"open","sticky":false,"template":"","format":"standard","meta":{"footnotes":""},"categories":[14],"tags":[2450,22026],"class_list":["post-136390","post","type-post","status-publish","format-standard","hentry","category-efemerides","tag-diario-el-sindical","tag-efemerides"],"_links":{"self":[{"href":"https:\/\/www.elsindical.com.ar\/notas\/wp-json\/wp\/v2\/posts\/136390","targetHints":{"allow":["GET"]}}],"collection":[{"href":"https:\/\/www.elsindical.com.ar\/notas\/wp-json\/wp\/v2\/posts"}],"about":[{"href":"https:\/\/www.elsindical.com.ar\/notas\/wp-json\/wp\/v2\/types\/post"}],"author":[{"embeddable":true,"href":"https:\/\/www.elsindical.com.ar\/notas\/wp-json\/wp\/v2\/users\/1"}],"replies":[{"embeddable":true,"href":"https:\/\/www.elsindical.com.ar\/notas\/wp-json\/wp\/v2\/comments?post=136390"}],"version-history":[{"count":1,"href":"https:\/\/www.elsindical.com.ar\/notas\/wp-json\/wp\/v2\/posts\/136390\/revisions"}],"predecessor-version":[{"id":136391,"href":"https:\/\/www.elsindical.com.ar\/notas\/wp-json\/wp\/v2\/posts\/136390\/revisions\/136391"}],"wp:attachment":[{"href":"https:\/\/www.elsindical.com.ar\/notas\/wp-json\/wp\/v2\/media?parent=136390"}],"wp:term":[{"taxonomy":"category","embeddable":true,"href":"https:\/\/www.elsindical.com.ar\/notas\/wp-json\/wp\/v2\/categories?post=136390"},{"taxonomy":"post_tag","embeddable":true,"href":"https:\/\/www.elsindical.com.ar\/notas\/wp-json\/wp\/v2\/tags?post=136390"}],"curies":[{"name":"wp","href":"https:\/\/api.w.org\/{rel}","templated":true}]}}