{"id":136386,"date":"2025-02-28T21:22:51","date_gmt":"2025-03-01T00:22:51","guid":{"rendered":"https:\/\/www.elsindical.com.ar\/notas\/?p=136386"},"modified":"2025-02-28T21:22:58","modified_gmt":"2025-03-01T00:22:58","slug":"lali-domo-a-javier-milei-que-tuvo-que-borrar-sus-posteos-contra-ella","status":"publish","type":"post","link":"https:\/\/www.elsindical.com.ar\/notas\/lali-domo-a-javier-milei-que-tuvo-que-borrar-sus-posteos-contra-ella\/","title":{"rendered":"Lali dom\u00f3 a Javier Milei que tuvo que borrar sus posteos contra ella"},"content":{"rendered":"<div class=\"wp-block-image\">\n<figure class=\"aligncenter size-full\"><a href=\"https:\/\/www.elsindical.com.ar\/notas\/var\/www\/html\/notas\/wp-content\/uploads\/2025\/02\/Lali-y-Milei.jpg\"><img loading=\"lazy\" decoding=\"async\" width=\"750\" height=\"421\" src=\"https:\/\/www.elsindical.com.ar\/notas\/var\/www\/html\/notas\/wp-content\/uploads\/2025\/02\/Lali-y-Milei.jpg\" alt=\"\" class=\"wp-image-136387\" srcset=\"https:\/\/www.elsindical.com.ar\/notas\/var\/www\/html\/notas\/wp-content\/uploads\/2025\/02\/Lali-y-Milei.jpg 750w, https:\/\/www.elsindical.com.ar\/notas\/var\/www\/html\/notas\/wp-content\/uploads\/2025\/02\/Lali-y-Milei-300x168.jpg 300w\" sizes=\"auto, (max-width: 750px) 100vw, 750px\" \/><\/a><\/figure>\n<\/div>\n\n\n<p>   Luego de que el presidente Javier Milei, iniciara una campa\u00f1a de difamaci\u00f3n y agresiones contra la cantante y actriz Lali Esp\u00f3sito, a la que se sumaron los trolls contratados por el gobienro nacional, Lali consigui\u00f3 que la justicia ordenara a Milei que borre los contenidos agraviantes y se abstenga de continuar.<\/p>\n\n\n\n<p>En las \u00faltimas horas comenz\u00f3 a circular en redes sociales el rumor de que la cantante Lali, a trav\u00e9s de una demanda judicial, logr\u00f3 que el presidente <strong>Javier Milei borre los posteos de X en donde la llama \u2018Lali Dep\u00f3sito\u2019.<\/strong><br><br>Diferentes usuarios de X (antes Twitter) advirtieron que<strong> todos los posteos que el mandatario hab\u00eda realizado sobre \u201cLali Dep\u00f3sito\u201d ya no existen<\/strong>.&nbsp;\u201cLali consigui\u00f3 que la Justicia obligue a Milei a borrar todos los tuits donde la llamaba \u2018Lali Dep\u00f3sito\u2019\u201d, aseguraron diferentes usuarios.&nbsp;Si bien se desconoce si la petici\u00f3n judicial es real,&nbsp;<strong> a la hora de buscar las publicaciones en donde el Presidente la llama as\u00ed no aparece nada.&nbsp;<\/strong><\/p>\n\n\n\n<p>El \u00abapodo\u00bb del mandatario nacional a Lali lleg\u00f3 luego de que acusar\u00e1n a la artista de financiar un show con \u00abplata del Estado\u00bb.\u00a0Milei lleg\u00f3 a llamar \u00abLali Dep\u00f3sito\u00bb y \u00abLadri Dep\u00f3sito\u00bb a la cantante en varias entrevistas, aunque parece que este apodo lleg\u00f3 a su fin, al menos en X.<br><br>Los ataques del Presidente y de diferentes funcionarios del Gobierno son reiterativos desde que la artista se manifest\u00f3 en contra de la gesti\u00f3n libertaria tras las elecciones en 2023 cuando poste\u00f3 el famoso \u00ab<strong>Que peligroso, que triste<\/strong>\u00ab. Incluso, al ataque diario contra la actriz los libertarios han sumado a otras mujeres que se manifiestan en contra de sus pol\u00edticas como a<strong> Mar\u00eda Becerra.<\/strong><br><br>La cantante, luego de varios idas y vueltas, y hasta una invitaci\u00f3n para que vaya a verla, lanz\u00f3 el a\u00f1o pasado <strong><em>Fan\u00e1tico <\/em><\/strong>con claras referencias sobre el Presidente, un single que adem\u00e1s de ser furor se convirti\u00f3 en una de las banderas de la marcha del Orgullo Antifacista que se realiz\u00f3 el 1\u00b0 de febrero, tras los dichos hom\u00f3fobicos y machistas de Milei en Davos.<\/p>\n","protected":false},"excerpt":{"rendered":"<p>Luego de que el presidente Javier Milei, iniciara una campa\u00f1a de difamaci\u00f3n y agresiones contra la cantante y actriz Lali Esp\u00f3sito, a la que se sumaron los trolls contratados por el gobienro nacional, Lali consigui\u00f3 que la justicia ordenara a Milei que borre los contenidos agraviantes y se abstenga de continuar. En las \u00faltimas horas&hellip;<\/p>\n","protected":false},"author":1,"featured_media":136387,"comment_status":"open","ping_status":"open","sticky":false,"template":"","format":"standard","meta":{"footnotes":""},"categories":[20,13,25],"tags":[2450,28812,36630,28640,2605,25206],"class_list":["post-136386","post","type-post","status-publish","format-standard","has-post-thumbnail","hentry","category-judiciales","category-politica","category-sociedad","tag-diario-el-sindical","tag-javier-milei","tag-lali-esposito","tag-publicaciones","tag-redes-sociales","tag-trolls"],"_links":{"self":[{"href":"https:\/\/www.elsindical.com.ar\/notas\/wp-json\/wp\/v2\/posts\/136386","targetHints":{"allow":["GET"]}}],"collection":[{"href":"https:\/\/www.elsindical.com.ar\/notas\/wp-json\/wp\/v2\/posts"}],"about":[{"href":"https:\/\/www.elsindical.com.ar\/notas\/wp-json\/wp\/v2\/types\/post"}],"author":[{"embeddable":true,"href":"https:\/\/www.elsindical.com.ar\/notas\/wp-json\/wp\/v2\/users\/1"}],"replies":[{"embeddable":true,"href":"https:\/\/www.elsindical.com.ar\/notas\/wp-json\/wp\/v2\/comments?post=136386"}],"version-history":[{"count":1,"href":"https:\/\/www.elsindical.com.ar\/notas\/wp-json\/wp\/v2\/posts\/136386\/revisions"}],"predecessor-version":[{"id":136388,"href":"https:\/\/www.elsindical.com.ar\/notas\/wp-json\/wp\/v2\/posts\/136386\/revisions\/136388"}],"wp:featuredmedia":[{"embeddable":true,"href":"https:\/\/www.elsindical.com.ar\/notas\/wp-json\/wp\/v2\/media\/136387"}],"wp:attachment":[{"href":"https:\/\/www.elsindical.com.ar\/notas\/wp-json\/wp\/v2\/media?parent=136386"}],"wp:term":[{"taxonomy":"category","embeddable":true,"href":"https:\/\/www.elsindical.com.ar\/notas\/wp-json\/wp\/v2\/categories?post=136386"},{"taxonomy":"post_tag","embeddable":true,"href":"https:\/\/www.elsindical.com.ar\/notas\/wp-json\/wp\/v2\/tags?post=136386"}],"curies":[{"name":"wp","href":"https:\/\/api.w.org\/{rel}","templated":true}]}}