{"id":136352,"date":"2025-02-27T14:01:01","date_gmt":"2025-02-27T17:01:01","guid":{"rendered":"https:\/\/www.elsindical.com.ar\/notas\/?p=136352"},"modified":"2025-02-27T14:01:07","modified_gmt":"2025-02-27T17:01:07","slug":"las-ventas-de-los-supermercados-bajaron-un-11-en-el-2024","status":"publish","type":"post","link":"https:\/\/www.elsindical.com.ar\/notas\/las-ventas-de-los-supermercados-bajaron-un-11-en-el-2024\/","title":{"rendered":"Las ventas de los supermercados bajaron un 11% en el 2024"},"content":{"rendered":"<div class=\"wp-block-image\">\n<figure class=\"aligncenter size-full\"><a href=\"https:\/\/www.elsindical.com.ar\/notas\/var\/www\/html\/notas\/wp-content\/uploads\/2024\/03\/importaciones-alimentos-super.jpg\"><img loading=\"lazy\" decoding=\"async\" width=\"700\" height=\"463\" src=\"https:\/\/www.elsindical.com.ar\/notas\/var\/www\/html\/notas\/wp-content\/uploads\/2024\/03\/importaciones-alimentos-super.jpg\" alt=\"\" class=\"wp-image-129259\" srcset=\"https:\/\/www.elsindical.com.ar\/notas\/var\/www\/html\/notas\/wp-content\/uploads\/2024\/03\/importaciones-alimentos-super.jpg 700w, https:\/\/www.elsindical.com.ar\/notas\/var\/www\/html\/notas\/wp-content\/uploads\/2024\/03\/importaciones-alimentos-super-300x198.jpg 300w, https:\/\/www.elsindical.com.ar\/notas\/var\/www\/html\/notas\/wp-content\/uploads\/2024\/03\/importaciones-alimentos-super-454x300.jpg 454w\" sizes=\"auto, (max-width: 700px) 100vw, 700px\" \/><\/a><\/figure>\n<\/div>\n\n\n<p>Las ventas en los mayoristas registraron una ca\u00edda acumulada del 15,0% marcando un a\u00f1o negativo para el sector.<\/p>\n\n\n\n<p>Durante el a\u00f1o 2024, las ventas en los supermercados argentinos experimentaron una disminuci\u00f3n del 11% en comparaci\u00f3n con el a\u00f1o anterior, seg\u00fan datos del Instituto Nacional de Estad\u00edstica y Censos (INDEC).<\/p>\n\n\n\n<p>En diciembre de 2024, las ventas a precios constantes cayeron un 3,3% interanual y un 0,3% respecto a noviembre. Por su parte, los autoservicios mayoristas registraron una ca\u00edda acumulada del 15% en sus ventas durante el mismo per\u00edodo.<\/p>\n\n\n\n<p>A pesar de estos descensos en t\u00e9rminos reales, las ventas totales a precios corrientes en diciembre de 2024 alcanzaron los 2.228.134,3 millones de pesos en supermercados, lo que representa un incremento del 94,2% respecto al mismo mes del a\u00f1o anterior.<\/p>\n\n\n\n<p>Los sectores con mayores aumentos interanuales en ventas fueron \u201cIndumentaria, calzado y textiles para el hogar\u201d (128,9%), \u201cL\u00e1cteos\u201d (120%), \u201cAlimentos preparados y rotiser\u00eda\u201d (118,7%) y \u201cPanader\u00eda\u201d (112,4%).<\/p>\n\n\n\n<p>En cuanto a los medios de pago, las transacciones con tarjeta de cr\u00e9dito representaron el 43,8% del total de ventas, seguidas por las realizadas con tarjeta de d\u00e9bito (29,7%) y en efectivo (15,5%).<\/p>\n\n\n\n<p>Por \u00faltimo, en los autoservicios mayoristas, las ventas totales a precios corrientes en diciembre de 2024 sumaron 336.084,7 millones de pesos, un aumento del 75,7% respecto al mismo mes del a\u00f1o anterior. Los grupos de art\u00edculos con mayores incrementos interanuales en este sector fueron \u201cIndumentaria, calzado y textiles para el hogar\u201d (179,7%) y \u201cElectr\u00f3nicos y art\u00edculos para el hogar\u201d (117,9%).<\/p>\n","protected":false},"excerpt":{"rendered":"<p>Las ventas en los mayoristas registraron una ca\u00edda acumulada del 15,0% marcando un a\u00f1o negativo para el sector. Durante el a\u00f1o 2024, las ventas en los supermercados argentinos experimentaron una disminuci\u00f3n del 11% en comparaci\u00f3n con el a\u00f1o anterior, seg\u00fan datos del Instituto Nacional de Estad\u00edstica y Censos (INDEC). En diciembre de 2024, las ventas&hellip;<\/p>\n","protected":false},"author":1,"featured_media":129259,"comment_status":"open","ping_status":"open","sticky":false,"template":"","format":"standard","meta":{"footnotes":""},"categories":[9],"tags":[44826,2450,22023,2200,1560],"class_list":["post-136352","post","type-post","status-publish","format-standard","has-post-thumbnail","hentry","category-economia","tag-caidas-ventas","tag-diario-el-sindical","tag-economia","tag-indec","tag-supermercados"],"_links":{"self":[{"href":"https:\/\/www.elsindical.com.ar\/notas\/wp-json\/wp\/v2\/posts\/136352","targetHints":{"allow":["GET"]}}],"collection":[{"href":"https:\/\/www.elsindical.com.ar\/notas\/wp-json\/wp\/v2\/posts"}],"about":[{"href":"https:\/\/www.elsindical.com.ar\/notas\/wp-json\/wp\/v2\/types\/post"}],"author":[{"embeddable":true,"href":"https:\/\/www.elsindical.com.ar\/notas\/wp-json\/wp\/v2\/users\/1"}],"replies":[{"embeddable":true,"href":"https:\/\/www.elsindical.com.ar\/notas\/wp-json\/wp\/v2\/comments?post=136352"}],"version-history":[{"count":1,"href":"https:\/\/www.elsindical.com.ar\/notas\/wp-json\/wp\/v2\/posts\/136352\/revisions"}],"predecessor-version":[{"id":136353,"href":"https:\/\/www.elsindical.com.ar\/notas\/wp-json\/wp\/v2\/posts\/136352\/revisions\/136353"}],"wp:featuredmedia":[{"embeddable":true,"href":"https:\/\/www.elsindical.com.ar\/notas\/wp-json\/wp\/v2\/media\/129259"}],"wp:attachment":[{"href":"https:\/\/www.elsindical.com.ar\/notas\/wp-json\/wp\/v2\/media?parent=136352"}],"wp:term":[{"taxonomy":"category","embeddable":true,"href":"https:\/\/www.elsindical.com.ar\/notas\/wp-json\/wp\/v2\/categories?post=136352"},{"taxonomy":"post_tag","embeddable":true,"href":"https:\/\/www.elsindical.com.ar\/notas\/wp-json\/wp\/v2\/tags?post=136352"}],"curies":[{"name":"wp","href":"https:\/\/api.w.org\/{rel}","templated":true}]}}