{"id":136337,"date":"2025-02-26T10:20:15","date_gmt":"2025-02-26T13:20:15","guid":{"rendered":"https:\/\/www.elsindical.com.ar\/notas\/?p=136337"},"modified":"2025-02-26T10:20:21","modified_gmt":"2025-02-26T13:20:21","slug":"morvillo-anuncio-el-cierre-y-sus-trabajadores-se-organizan-en-defensa-de-sus-puestos","status":"publish","type":"post","link":"https:\/\/www.elsindical.com.ar\/notas\/morvillo-anuncio-el-cierre-y-sus-trabajadores-se-organizan-en-defensa-de-sus-puestos\/","title":{"rendered":"Morvillo anunci\u00f3 el cierre y sus trabajadores se organizan en defensa de sus puestos"},"content":{"rendered":"\n<figure class=\"wp-block-image size-full\"><a href=\"https:\/\/www.elsindical.com.ar\/notas\/var\/www\/html\/notas\/wp-content\/uploads\/2025\/02\/ytabajadores-de-Morvillo.jpg\"><img loading=\"lazy\" decoding=\"async\" width=\"880\" height=\"512\" src=\"https:\/\/www.elsindical.com.ar\/notas\/var\/www\/html\/notas\/wp-content\/uploads\/2025\/02\/ytabajadores-de-Morvillo.jpg\" alt=\"\" class=\"wp-image-136338\" srcset=\"https:\/\/www.elsindical.com.ar\/notas\/var\/www\/html\/notas\/wp-content\/uploads\/2025\/02\/ytabajadores-de-Morvillo.jpg 880w, https:\/\/www.elsindical.com.ar\/notas\/var\/www\/html\/notas\/wp-content\/uploads\/2025\/02\/ytabajadores-de-Morvillo-300x175.jpg 300w, https:\/\/www.elsindical.com.ar\/notas\/var\/www\/html\/notas\/wp-content\/uploads\/2025\/02\/ytabajadores-de-Morvillo-768x447.jpg 768w\" sizes=\"auto, (max-width: 880px) 100vw, 880px\" \/><\/a><\/figure>\n\n\n\n<p>La hist\u00f3rica empresa gr\u00e1fica de Avellaneda inform\u00f3 que dejar\u00e1 de operar desde el 26 de febrero. Frente a esto, sus trabajadores decidieron permanecer en la planta para defender sus fuentes de empleo y rechazar posibles despidos.<\/p>\n\n\n\n<p>Cerca de la medianoche del mi\u00e9rcoles 25 de febrero, la empresa gr\u00e1fica Anselmo Morvillo anunci\u00f3 el cese de sus actividades en su planta de Avellaneda a partir del primer turno del d\u00eda siguiente. La decisi\u00f3n fue comunicada a trav\u00e9s de un mensaje en el que la patronal argument\u00f3 que la ca\u00edda del 63% en el volumen de producci\u00f3n, la p\u00e9rdida de clientes estrat\u00e9gicos, el aumento de los costos de insumos y las nuevas exigencias de pago anticipado del papel hicieron insostenible la continuidad de la firma.<\/p>\n\n\n\n<p>El cierre impacta de lleno en los trabajadores, quienes se\u00f1alan que estos factores son ajenos a su responsabilidad y que ellos son las principales v\u00edctimas de la crisis. En este contexto, resolvieron una permanencia indefinida en la planta con el objetivo de defender sus fuentes de empleo, sus derechos laborales y la continuidad productiva de la empresa.<\/p>\n\n\n\n<p>La crisis en la industria gr\u00e1fica no es nueva, pero se ha profundizado en el \u00faltimo a\u00f1o, con una recesi\u00f3n que multiplic\u00f3 los despidos y el cierre de empresas del sector. Morvillo, que durante casi medio siglo se mantuvo como una de las principales firmas del rubro, enfrenta un destino similar al de otras grandes editoriales que en los \u00faltimos a\u00f1os dejaron de operar.<\/p>\n\n\n\n<p>En los \u00faltimos d\u00edas, surgieron versiones sobre la posible llegada de inversores interesados en la empresa, aunque, seg\u00fan denuncian los trabajadores, estas propuestas estar\u00edan condicionadas a despidos masivos, reducci\u00f3n salarial y p\u00e9rdida de derechos laborales. Frente a este escenario, convocan al movimiento obrero y, en particular, al gremio gr\u00e1fico a solidarizarse con su lucha.<\/p>\n\n\n\n<p>El conflicto en Morvillo se enmarca en un contexto de ajuste y ca\u00edda de la actividad industrial, donde la defensa del empleo y los derechos laborales se vuelve un punto clave para el conjunto de los trabajadores.<\/p>\n\n\n\n<p><\/p>\n","protected":false},"excerpt":{"rendered":"<p>La hist\u00f3rica empresa gr\u00e1fica de Avellaneda inform\u00f3 que dejar\u00e1 de operar desde el 26 de febrero. Frente a esto, sus trabajadores decidieron permanecer en la planta para defender sus fuentes de empleo y rechazar posibles despidos. Cerca de la medianoche del mi\u00e9rcoles 25 de febrero, la empresa gr\u00e1fica Anselmo Morvillo anunci\u00f3 el cese de sus&hellip;<\/p>\n","protected":false},"author":1,"featured_media":136338,"comment_status":"open","ping_status":"open","sticky":false,"template":"","format":"standard","meta":{"footnotes":""},"categories":[16],"tags":[44824,461,2258,2450,16298,44823,17982,125],"class_list":["post-136337","post","type-post","status-publish","format-standard","has-post-thumbnail","hentry","category-gremiales","tag-anselmomorvillo","tag-avellaneda","tag-cierre","tag-diario-el-sindical","tag-grafica","tag-morvillo","tag-pineiro","tag-trabajadores"],"_links":{"self":[{"href":"https:\/\/www.elsindical.com.ar\/notas\/wp-json\/wp\/v2\/posts\/136337","targetHints":{"allow":["GET"]}}],"collection":[{"href":"https:\/\/www.elsindical.com.ar\/notas\/wp-json\/wp\/v2\/posts"}],"about":[{"href":"https:\/\/www.elsindical.com.ar\/notas\/wp-json\/wp\/v2\/types\/post"}],"author":[{"embeddable":true,"href":"https:\/\/www.elsindical.com.ar\/notas\/wp-json\/wp\/v2\/users\/1"}],"replies":[{"embeddable":true,"href":"https:\/\/www.elsindical.com.ar\/notas\/wp-json\/wp\/v2\/comments?post=136337"}],"version-history":[{"count":1,"href":"https:\/\/www.elsindical.com.ar\/notas\/wp-json\/wp\/v2\/posts\/136337\/revisions"}],"predecessor-version":[{"id":136339,"href":"https:\/\/www.elsindical.com.ar\/notas\/wp-json\/wp\/v2\/posts\/136337\/revisions\/136339"}],"wp:featuredmedia":[{"embeddable":true,"href":"https:\/\/www.elsindical.com.ar\/notas\/wp-json\/wp\/v2\/media\/136338"}],"wp:attachment":[{"href":"https:\/\/www.elsindical.com.ar\/notas\/wp-json\/wp\/v2\/media?parent=136337"}],"wp:term":[{"taxonomy":"category","embeddable":true,"href":"https:\/\/www.elsindical.com.ar\/notas\/wp-json\/wp\/v2\/categories?post=136337"},{"taxonomy":"post_tag","embeddable":true,"href":"https:\/\/www.elsindical.com.ar\/notas\/wp-json\/wp\/v2\/tags?post=136337"}],"curies":[{"name":"wp","href":"https:\/\/api.w.org\/{rel}","templated":true}]}}