{"id":136285,"date":"2025-02-25T00:35:21","date_gmt":"2025-02-25T03:35:21","guid":{"rendered":"https:\/\/www.elsindical.com.ar\/notas\/?p=136285"},"modified":"2025-02-25T00:35:29","modified_gmt":"2025-02-25T03:35:29","slug":"efemerides-del-dia-25-de-febrero-10","status":"publish","type":"post","link":"https:\/\/www.elsindical.com.ar\/notas\/efemerides-del-dia-25-de-febrero-10\/","title":{"rendered":"EFEM\u00c9RIDES: DEL D\u00cdA 25 DE FEBRERO"},"content":{"rendered":"\n<p>1713 \u2013 Muere Federico I de Prusia.<\/p>\n\n\n\n<p>1778 \u2013 Nace Jos\u00e9 Francisco de San Mart\u00edn, militar argentino, padre de la Patria.<\/p>\n\n\n\n<p>1830 \u2013 En&nbsp;Argentina&nbsp;se libra la&nbsp;Batalla de Oncativo&nbsp;o Laguna Larga, donde el ej\u00e9rcito de los&nbsp;federales, dirigidos por&nbsp;Facundo Quiroga, es derrotado por el de los&nbsp;unitarios&nbsp;bajo el mando de&nbsp;Jos\u00e9 Mar\u00eda Paz.<\/p>\n\n\n\n<p>1836 \u2013 John Colt patenta el primer rev\u00f3lver de repetici\u00f3n.<\/p>\n\n\n\n<p>1841 \u2013 Nace Pierre Auguste Renoir, pintor impresionista.<\/p>\n\n\n\n<p>1866 \u2013 Nace Benedetto Croce, humanista, historiador, fil\u00f3sofo italiano.<\/p>\n\n\n\n<p>1878 \u2013 Muere Juan Mar\u00eda Guti\u00e9rrez, escritor, publicista, traductor, agrimensor y pol\u00edtico argentino.<\/p>\n\n\n\n<p>1901 \u2013 Nace el actor Herbert \u00abZeppo\u00bb Marx.<\/p>\n\n\n\n<p>1917 \u2013 Nace Anthony Burgess, escritor y m\u00fasico brit\u00e1nico (f. 1993).<\/p>\n\n\n\n<p>1922 \u2013 En&nbsp;Francia&nbsp;es guillotinado Henri Desir\u00e9 Landru, acusado del asesinato de ocho mujeres.<\/p>\n\n\n\n<p>1925 \u2013 En&nbsp;Nueva York&nbsp;(Estados Unidos).&nbsp;Columbia Records&nbsp;hace la primera grabaci\u00f3n musical el\u00e9ctrica. Su int\u00e9rprete fue el pianista y cantante estadounidense&nbsp;Art Gillham.<\/p>\n\n\n\n<p>1932 \u2013&nbsp;Muere en Argentina Julieta Lanteri de Renshaw. Destacada feminista, fue una de las primeras mujeres en obtener la ciudadan\u00eda del pa\u00eds.<\/p>\n\n\n\n<p>1936 \u2013 Nace Jorge Jacobson, periodista argentino (f. 2014).<\/p>\n\n\n\n<p>1943 \u2013 Nace el m\u00fasico George Harrison, integrante de los Beatles&nbsp;(f. 2001).<\/p>\n\n\n\n<p>1950 \u2013 Nace N\u00e9stor Carlos Kirchner, abogado, pol\u00edtico y presidente argentino (f.&nbsp;2010).<\/p>\n\n\n\n<p>1951 \u2013 En&nbsp;Buenos Aires&nbsp;(Argentina), el presidente Juan Domingo Per\u00f3n&nbsp;inaugura los primeros&nbsp;Juegos Panamericanos.<\/p>\n\n\n\n<p>1953 \u2013 Nace Jos\u00e9 Mar\u00eda Aznar, pol\u00edtico y presidente espa\u00f1ol.<\/p>\n\n\n\n<p>1963 \u2013 Nace Diego Peretti, actor argentino.<\/p>\n\n\n\n<p>1972 \u2013 Nace Myriam Bregman, abogada, activista y pol\u00edtica argentina.<\/p>\n\n\n\n<p>1975 \u2013 Nace Cristian Castillo, futbolista argentino.<\/p>\n\n\n\n<p>1983 \u2013 Muere el escritor Thomas Lanier \u00abTennessee\u00bb Williams.<\/p>\n\n\n\n<p>1986 \u2013 Coraz\u00f3n Aquino es designada presidente de Filipinas.<\/p>\n\n\n\n<p>1990 \u2013 Violeta Barrios de Chamorro es elegida Presidente de Nicaragua.<\/p>\n\n\n\n<p>1991 \u2013 El Gobierno de Irak ordena abandonar Kuwait, pa\u00eds que sus tropas hab\u00edan invadido.<\/p>\n\n\n\n<p>1998 \u2013 Bill Clinton apremia a Israel para que reactive el proceso de paz.<\/p>\n\n\n\n<p>1997 \u2013 Se realiza una masiva marcha en reclamo por el esclarecimiento del crimen del reportero gr\u00e1fico Jos\u00e9 Luis Cabezas.<\/p>\n\n\n\n<p>2005 \u2013 Muere en un incidente de tr\u00e1nsito el rockero Norberto \u00abPappo\u00bb Napolitano<\/p>\n\n\n\n<p>2005 \u2013 Muere Peter Benenson, abogado brit\u00e1nico, fundador de Amnist\u00eda Internacional.<\/p>\n\n\n\n<p>2014 \u2013 Muere Paco de Luc\u00eda, guitarrista espa\u00f1ol.<\/p>\n\n\n\n<p>2017 \u2013 Muere Bill Paxton, actor y director estadounidense.<\/p>\n\n\n\n<p><\/p>\n","protected":false},"excerpt":{"rendered":"<p>1713 \u2013 Muere Federico I de Prusia. 1778 \u2013 Nace Jos\u00e9 Francisco de San Mart\u00edn, militar argentino, padre de la Patria. 1830 \u2013 En&nbsp;Argentina&nbsp;se libra la&nbsp;Batalla de Oncativo&nbsp;o Laguna Larga, donde el ej\u00e9rcito de los&nbsp;federales, dirigidos por&nbsp;Facundo Quiroga, es derrotado por el de los&nbsp;unitarios&nbsp;bajo el mando de&nbsp;Jos\u00e9 Mar\u00eda Paz. 1836 \u2013 John Colt patenta el&hellip;<\/p>\n","protected":false},"author":1,"featured_media":0,"comment_status":"open","ping_status":"open","sticky":false,"template":"","format":"standard","meta":{"footnotes":""},"categories":[14],"tags":[2450,22026],"class_list":["post-136285","post","type-post","status-publish","format-standard","hentry","category-efemerides","tag-diario-el-sindical","tag-efemerides"],"_links":{"self":[{"href":"https:\/\/www.elsindical.com.ar\/notas\/wp-json\/wp\/v2\/posts\/136285","targetHints":{"allow":["GET"]}}],"collection":[{"href":"https:\/\/www.elsindical.com.ar\/notas\/wp-json\/wp\/v2\/posts"}],"about":[{"href":"https:\/\/www.elsindical.com.ar\/notas\/wp-json\/wp\/v2\/types\/post"}],"author":[{"embeddable":true,"href":"https:\/\/www.elsindical.com.ar\/notas\/wp-json\/wp\/v2\/users\/1"}],"replies":[{"embeddable":true,"href":"https:\/\/www.elsindical.com.ar\/notas\/wp-json\/wp\/v2\/comments?post=136285"}],"version-history":[{"count":1,"href":"https:\/\/www.elsindical.com.ar\/notas\/wp-json\/wp\/v2\/posts\/136285\/revisions"}],"predecessor-version":[{"id":136286,"href":"https:\/\/www.elsindical.com.ar\/notas\/wp-json\/wp\/v2\/posts\/136285\/revisions\/136286"}],"wp:attachment":[{"href":"https:\/\/www.elsindical.com.ar\/notas\/wp-json\/wp\/v2\/media?parent=136285"}],"wp:term":[{"taxonomy":"category","embeddable":true,"href":"https:\/\/www.elsindical.com.ar\/notas\/wp-json\/wp\/v2\/categories?post=136285"},{"taxonomy":"post_tag","embeddable":true,"href":"https:\/\/www.elsindical.com.ar\/notas\/wp-json\/wp\/v2\/tags?post=136285"}],"curies":[{"name":"wp","href":"https:\/\/api.w.org\/{rel}","templated":true}]}}