{"id":136282,"date":"2025-02-24T20:32:05","date_gmt":"2025-02-24T23:32:05","guid":{"rendered":"https:\/\/www.elsindical.com.ar\/notas\/?p=136282"},"modified":"2025-02-24T20:32:12","modified_gmt":"2025-02-24T23:32:12","slug":"en-un-cambio-de-posicion-la-argentina-se-abstuvo-de-condenar-a-putin-por-la-invasion-a-ucrania-en-la-onu","status":"publish","type":"post","link":"https:\/\/www.elsindical.com.ar\/notas\/en-un-cambio-de-posicion-la-argentina-se-abstuvo-de-condenar-a-putin-por-la-invasion-a-ucrania-en-la-onu\/","title":{"rendered":"En un cambi\u00f3 de posici\u00f3n la Argentina se abstuvo de condenar a Putin por la invasi\u00f3n a Ucrania en la ONU"},"content":{"rendered":"<div class=\"wp-block-image\">\n<figure class=\"aligncenter size-full is-resized\"><a href=\"https:\/\/www.elsindical.com.ar\/notas\/var\/www\/html\/notas\/wp-content\/uploads\/2025\/02\/Milei-y-Zelenski.jpg\"><img loading=\"lazy\" decoding=\"async\" width=\"655\" height=\"368\" src=\"https:\/\/www.elsindical.com.ar\/notas\/var\/www\/html\/notas\/wp-content\/uploads\/2025\/02\/Milei-y-Zelenski.jpg\" alt=\"\" class=\"wp-image-136283\" style=\"width:781px;height:auto\" srcset=\"https:\/\/www.elsindical.com.ar\/notas\/var\/www\/html\/notas\/wp-content\/uploads\/2025\/02\/Milei-y-Zelenski.jpg 655w, https:\/\/www.elsindical.com.ar\/notas\/var\/www\/html\/notas\/wp-content\/uploads\/2025\/02\/Milei-y-Zelenski-300x169.jpg 300w\" sizes=\"auto, (max-width: 655px) 100vw, 655px\" \/><\/a><\/figure>\n<\/div>\n\n\n<p>El gobierno de Javier Milei modific\u00f3 su posici\u00f3n internacional y se abstuvo de respaldar una resoluci\u00f3n en la Asamblea de las Naciones Unidas que le exig\u00eda a Rusia retirar \u201cde inmediato, por completo y sin condiciones todas sus fuerzas militares\u201d del territorio ucraniano.<\/p>\n\n\n\n<p>Pese al v\u00ednculo casi \u00abpersonal\u00bb, que expres\u00f3 Milei con su par de Ucrania, Volodimir Zelenski, la canciller\u00eda se vio forzada a cambiar el rumbo de su pol\u00edtica exterior despu\u00e9s que el presidente de Estados Unidos, Donald Trump, calificara al ucraniano de \u201cdictador\u201d, y consolidara su v\u00ednculo con Vladimir Putin.<\/p>\n\n\n\n<figure class=\"wp-block-embed is-type-rich is-provider-twitter wp-block-embed-twitter\"><div class=\"wp-block-embed__wrapper\">\nhttps:\/\/twitter.com\/NoticiasONU\/status\/1894124214203949468?ref_src=twsrc%5Etfw%7Ctwcamp%5Etweetembed%7Ctwterm%5E1894124214203949468%7Ctwgr%5E16d38700b1a79e87e133e93ebebe2a4bf86f4c6b%7Ctwcon%5Es1_c10&#038;ref_url=https%3A%2F%2Fpartediario.com.ar%2F%3Fp%3D11721\n<\/div><\/figure>\n\n\n\n<p>La resoluci\u00f3n que cont\u00f3 con el apoyo de los europeo y reitera el \u201ccompromiso con la soberan\u00eda, la independencia, la unidad y la integridad territorial de Ucrania\u201d, fue aprobada con 93 votos a favor, 18 en contra y 65 abstenciones.<\/p>\n\n\n\n<p>Entre los que rechazaron la medida figuran Estados Unidos, Israel, Nicaragua, Colombia, Rusia mientras que la Argentina se abstuvo al igual que el bloque de pa\u00edses que integran los Brics (Brasil, India, China, Sud\u00e1frica), espacio que el jefe de Estado rechaz\u00f3 integrar al iniciar su mandato.<\/p>\n\n\n\n<p>El llamativo cambio de postura se contradice con los esfuerzos de Milei por defender a Ucrania del avance de las tropas rusas. El 15 de junio de 2024, Milei particip\u00f3 en la Cumbre por la Paz en Suiza, desde donde manifest\u00f3 \u201cel apoyo al pueblo de Ucrania\u201d en nombre del pueblo argentino. \u201cComo defensores de la idea de la libertad repudiamos cualquier forma de violencia, ya sea entre individuos, pero en particular repudiamos la guerra como mecanismo ileg\u00edtimo para dirimir los conflictos entre naciones\u201d, se\u00f1al\u00f3 en la oportunidad, manifestaci\u00f3n que en el caso de la invasi\u00f3n de Israel en el territorio Palestino, y pa\u00edses de Medio Oriente, no observ\u00f3<\/p>\n\n\n\n<p>Hace poco m\u00e1s de un mes, el 22 de en enero, en el marco del Foro Econ\u00f3mico de Davos, el mandatario se entrevist\u00f3 con el ucraniano, a quien le expres\u00f3 el apoyo de la Argentina en pleno conflicto b\u00e9lico.<\/p>\n\n\n\n<p>A finales de diciembre, Zelenski y el libertario hablaron por tel\u00e9fono, y al t\u00e9rmino, el excomdiante revel\u00f3 en sus redes que se trat\u00f3 de una conversaci\u00f3n \u201cc\u00e1lida y significativa\u201d, en la que le agradeci\u00f3 el apoyo a su pa\u00eds.<\/p>\n\n\n\n<p>Desde el Palacio San Martin evitaron dar precisiones sobre el cambio de postura que estuvo a cargo del embajador en la ONU, Francisco Tropepi, tras la salida de su antecesor Ricardo Lagorio, quien vot\u00f3 en contra del bloqueo econ\u00f3mico a Cuba, por orden de la entonces canciller Diana Mondino.<\/p>\n\n\n\n<p>Los conflictos se generaron despu\u00e9s que el republicano calificara de \u00abpoco importante\u00bb la presencia del presidente de Ucrania, en las conversaciones de paz, y lo acusara de \u201cdictador\u201d, consolidando su alineamiento con Putin.<\/p>\n\n\n\n<p>\u201cPiensen en esto: un comediante modestamente exitoso, Zelensky, convenci\u00f3 a Estados Unidos de gastar 350.000 millones de d\u00f3lares en una guerra que no se pod\u00eda ganar, que nunca tuvo que empezar, pero una guerra que \u00e9l, sin Estados Unidos y sin \u2018Trump\u2019, nunca podr\u00e1 resolver\u00bb, coment\u00f3 al tiempo que lo cuestion\u00f3 por no tener \u00abcartas\u00bb en las negociaciones, destac\u00f3.<\/p>\n\n\n\n<p>El libertario, completamente alineado con Trump, opt\u00f3 por no pronunciarse en la resoluci\u00f3n impulsada por Estados Unidos, pero bajo la administraci\u00f3n de Joe Biden.<\/p>\n\n\n\n<p><\/p>\n","protected":false},"excerpt":{"rendered":"<p>El gobierno de Javier Milei modific\u00f3 su posici\u00f3n internacional y se abstuvo de respaldar una resoluci\u00f3n en la Asamblea de las Naciones Unidas que le exig\u00eda a Rusia retirar \u201cde inmediato, por completo y sin condiciones todas sus fuerzas militares\u201d del territorio ucraniano. Pese al v\u00ednculo casi \u00abpersonal\u00bb, que expres\u00f3 Milei con su par de&hellip;<\/p>\n","protected":false},"author":1,"featured_media":136283,"comment_status":"open","ping_status":"open","sticky":false,"template":"","format":"standard","meta":{"footnotes":""},"categories":[13],"tags":[127,24748,141,28812,2338,2650,8234,42825],"class_list":["post-136282","post","type-post","status-publish","format-standard","has-post-thumbnail","hentry","category-politica","tag-argentina","tag-donald-trump","tag-eeuu","tag-javier-milei","tag-onu","tag-rusia","tag-ucrania","tag-volodimir-zelenski"],"_links":{"self":[{"href":"https:\/\/www.elsindical.com.ar\/notas\/wp-json\/wp\/v2\/posts\/136282","targetHints":{"allow":["GET"]}}],"collection":[{"href":"https:\/\/www.elsindical.com.ar\/notas\/wp-json\/wp\/v2\/posts"}],"about":[{"href":"https:\/\/www.elsindical.com.ar\/notas\/wp-json\/wp\/v2\/types\/post"}],"author":[{"embeddable":true,"href":"https:\/\/www.elsindical.com.ar\/notas\/wp-json\/wp\/v2\/users\/1"}],"replies":[{"embeddable":true,"href":"https:\/\/www.elsindical.com.ar\/notas\/wp-json\/wp\/v2\/comments?post=136282"}],"version-history":[{"count":1,"href":"https:\/\/www.elsindical.com.ar\/notas\/wp-json\/wp\/v2\/posts\/136282\/revisions"}],"predecessor-version":[{"id":136284,"href":"https:\/\/www.elsindical.com.ar\/notas\/wp-json\/wp\/v2\/posts\/136282\/revisions\/136284"}],"wp:featuredmedia":[{"embeddable":true,"href":"https:\/\/www.elsindical.com.ar\/notas\/wp-json\/wp\/v2\/media\/136283"}],"wp:attachment":[{"href":"https:\/\/www.elsindical.com.ar\/notas\/wp-json\/wp\/v2\/media?parent=136282"}],"wp:term":[{"taxonomy":"category","embeddable":true,"href":"https:\/\/www.elsindical.com.ar\/notas\/wp-json\/wp\/v2\/categories?post=136282"},{"taxonomy":"post_tag","embeddable":true,"href":"https:\/\/www.elsindical.com.ar\/notas\/wp-json\/wp\/v2\/tags?post=136282"}],"curies":[{"name":"wp","href":"https:\/\/api.w.org\/{rel}","templated":true}]}}