{"id":136266,"date":"2025-02-24T12:16:39","date_gmt":"2025-02-24T15:16:39","guid":{"rendered":"https:\/\/www.elsindical.com.ar\/notas\/?p=136266"},"modified":"2025-02-24T12:16:45","modified_gmt":"2025-02-24T15:16:45","slug":"el-gobierno-transformo-otra-empresa-estatal-en-sociedad-anonima","status":"publish","type":"post","link":"https:\/\/www.elsindical.com.ar\/notas\/el-gobierno-transformo-otra-empresa-estatal-en-sociedad-anonima\/","title":{"rendered":"El Gobierno transform\u00f3 otra empresa estatal en sociedad an\u00f3nima"},"content":{"rendered":"<div class=\"wp-block-image\">\n<figure class=\"aligncenter size-full\"><a href=\"https:\/\/www.elsindical.com.ar\/notas\/var\/www\/html\/notas\/wp-content\/uploads\/2025\/02\/Yacimientos-Carboniferos-de-Rio-Turbio.jpg\"><img loading=\"lazy\" decoding=\"async\" width=\"712\" height=\"393\" src=\"https:\/\/www.elsindical.com.ar\/notas\/var\/www\/html\/notas\/wp-content\/uploads\/2025\/02\/Yacimientos-Carboniferos-de-Rio-Turbio.jpg\" alt=\"\" class=\"wp-image-136267\" srcset=\"https:\/\/www.elsindical.com.ar\/notas\/var\/www\/html\/notas\/wp-content\/uploads\/2025\/02\/Yacimientos-Carboniferos-de-Rio-Turbio.jpg 712w, https:\/\/www.elsindical.com.ar\/notas\/var\/www\/html\/notas\/wp-content\/uploads\/2025\/02\/Yacimientos-Carboniferos-de-Rio-Turbio-300x166.jpg 300w\" sizes=\"auto, (max-width: 712px) 100vw, 712px\" \/><\/a><\/figure>\n<\/div>\n\n\n<p class=\"wp-block-paragraph\">Se trata del Yacimiento Carbon\u00edfero de R\u00edo Turbio. La privatizaci\u00f3n fue anunciada por el vocero Manuel Adorni.<\/p>\n\n\n\n<p class=\"wp-block-paragraph\"><strong>El presidente Javier Milei decidi\u00f3 la transformaci\u00f3n del Yacimiento Carbon\u00edfero de R\u00edo Turbio, hasta ahora empresa estatal, en una Sociedad An\u00f3nima.<\/strong><\/p>\n\n\n\n<p class=\"wp-block-paragraph\">\u201cEl Presidente de la Naci\u00f3n ha firmado el decreto que transforma la empresa Yacimiento Carbon\u00edfero de R\u00edo Turbio en una Sociedad An\u00f3nima. <strong>Nada de lo que no deba ser estatal permanecer\u00e1 en manos del Estado<\/strong>. Que tengan todos un gran inicio de semana. Fin\u201d, anunci\u00f3 Manuel Adorni.<\/p>\n\n\n\n<p class=\"wp-block-paragraph\">Antes de viajar a los Estados Unidos, y<strong> en pleno criptogate, el presidente Milei firm\u00f3 el decreto que transforma al Banco Naci\u00f3n en una sociedad an\u00f3nima.<\/strong> El Gobierno hab\u00eda incluido al Banco Naci\u00f3n en el listado de empresas a privatizar, pero finalmente fue excluido de ese listado por el Congreso.<\/p>\n\n\n\n<p class=\"wp-block-paragraph\">Algo similar ocurri\u00f3 con el Yacimiento Carbon\u00edfero de R\u00edo Turbio, cuya posibilidad de ingreso de capitales privados hab\u00eda sido rechazado por gobernadores patag\u00f3nicos en su momento.<\/p>\n","protected":false},"excerpt":{"rendered":"<p>Se trata del Yacimiento Carbon\u00edfero de R\u00edo Turbio. La privatizaci\u00f3n fue anunciada por el vocero Manuel Adorni. El presidente Javier Milei decidi\u00f3 la transformaci\u00f3n del Yacimiento Carbon\u00edfero de R\u00edo Turbio, hasta ahora empresa estatal, en una Sociedad An\u00f3nima. \u201cEl Presidente de la Naci\u00f3n ha firmado el decreto que transforma la empresa Yacimiento Carbon\u00edfero de R\u00edo&hellip;<\/p>\n","protected":false},"author":1,"featured_media":136267,"comment_status":"open","ping_status":"open","sticky":false,"template":"","format":"standard","meta":{"footnotes":""},"categories":[13],"tags":[2450,28812,41770,44797,44796],"class_list":["post-136266","post","type-post","status-publish","format-standard","has-post-thumbnail","hentry","category-politica","tag-diario-el-sindical","tag-javier-milei","tag-manuel-adorni","tag-sociedad-anonima","tag-yacimiento-carbonifero-de-rio-turbio"],"_links":{"self":[{"href":"https:\/\/www.elsindical.com.ar\/notas\/wp-json\/wp\/v2\/posts\/136266","targetHints":{"allow":["GET"]}}],"collection":[{"href":"https:\/\/www.elsindical.com.ar\/notas\/wp-json\/wp\/v2\/posts"}],"about":[{"href":"https:\/\/www.elsindical.com.ar\/notas\/wp-json\/wp\/v2\/types\/post"}],"author":[{"embeddable":true,"href":"https:\/\/www.elsindical.com.ar\/notas\/wp-json\/wp\/v2\/users\/1"}],"replies":[{"embeddable":true,"href":"https:\/\/www.elsindical.com.ar\/notas\/wp-json\/wp\/v2\/comments?post=136266"}],"version-history":[{"count":1,"href":"https:\/\/www.elsindical.com.ar\/notas\/wp-json\/wp\/v2\/posts\/136266\/revisions"}],"predecessor-version":[{"id":136268,"href":"https:\/\/www.elsindical.com.ar\/notas\/wp-json\/wp\/v2\/posts\/136266\/revisions\/136268"}],"wp:featuredmedia":[{"embeddable":true,"href":"https:\/\/www.elsindical.com.ar\/notas\/wp-json\/wp\/v2\/media\/136267"}],"wp:attachment":[{"href":"https:\/\/www.elsindical.com.ar\/notas\/wp-json\/wp\/v2\/media?parent=136266"}],"wp:term":[{"taxonomy":"category","embeddable":true,"href":"https:\/\/www.elsindical.com.ar\/notas\/wp-json\/wp\/v2\/categories?post=136266"},{"taxonomy":"post_tag","embeddable":true,"href":"https:\/\/www.elsindical.com.ar\/notas\/wp-json\/wp\/v2\/tags?post=136266"}],"curies":[{"name":"wp","href":"https:\/\/api.w.org\/{rel}","templated":true}]}}