{"id":136229,"date":"2025-02-22T20:53:45","date_gmt":"2025-02-22T23:53:45","guid":{"rendered":"https:\/\/www.elsindical.com.ar\/notas\/?p=136229"},"modified":"2025-02-22T20:53:51","modified_gmt":"2025-02-22T23:53:51","slug":"se-presento-en-sociedad-el-movimiento-derecho-al-futuro-que-encabeza-axel-kicillof","status":"publish","type":"post","link":"https:\/\/www.elsindical.com.ar\/notas\/se-presento-en-sociedad-el-movimiento-derecho-al-futuro-que-encabeza-axel-kicillof\/","title":{"rendered":"Se present\u00f3 en sociedad el Movimiento Derecho al Futuro, que encabeza Axel Kicillof"},"content":{"rendered":"<div class=\"wp-block-image\">\n<figure class=\"aligncenter size-full is-resized\"><a href=\"https:\/\/www.elsindical.com.ar\/notas\/var\/www\/html\/notas\/wp-content\/uploads\/2025\/02\/Movimiento-Derecho-al-Futuro.jpg\"><img loading=\"lazy\" decoding=\"async\" width=\"700\" height=\"394\" src=\"https:\/\/www.elsindical.com.ar\/notas\/var\/www\/html\/notas\/wp-content\/uploads\/2025\/02\/Movimiento-Derecho-al-Futuro.jpg\" alt=\"\" class=\"wp-image-136230\" style=\"width:802px;height:auto\" srcset=\"https:\/\/www.elsindical.com.ar\/notas\/var\/www\/html\/notas\/wp-content\/uploads\/2025\/02\/Movimiento-Derecho-al-Futuro.jpg 700w, https:\/\/www.elsindical.com.ar\/notas\/var\/www\/html\/notas\/wp-content\/uploads\/2025\/02\/Movimiento-Derecho-al-Futuro-300x169.jpg 300w, https:\/\/www.elsindical.com.ar\/notas\/var\/www\/html\/notas\/wp-content\/uploads\/2025\/02\/Movimiento-Derecho-al-Futuro-460x260.jpg 460w\" sizes=\"auto, (max-width: 700px) 100vw, 700px\" \/><\/a><\/figure>\n<\/div>\n\n\n<p>El espacio pol\u00edtico que encabeza Axel Kicillof se presenta como parte del \u00abperonismo fuerte y con capacidad de gesti\u00f3n\u00bb, \u00abuna alternativa real\u00bb al rumbo libertario.<\/p>\n\n\n\n<p><strong>Con Axel Kicillof a la cabeza, fue presentado el Movimiento Derecho al Futuro,<\/strong> que se propone como \u201calternativa real\u201d al gobierno de Javier Milei, que forma parte de \u201cun peronismo fuerte y con capacidad de gesti\u00f3n\u201d.<\/p>\n\n\n\n<p><strong>\u201cEl Movimiento Derecho al Futuro nace con la voluntad de constituirse en una alternativa real al rumbo libertario, trascendiendo la coyuntura y proyect\u00e1ndose como parte de un peronismo fuerte, con capacidad de gesti\u00f3n y vocaci\u00f3n de futuro\u201d<\/strong>, se\u00f1alaron.<\/p>\n\n\n\n<p>Y agregan: <strong>\u201cNo se trata solo de un dispositivo electoral, sino de una herramienta para reconstruir la esperanza popular y ampliar la base de representaci\u00f3n, convocando a todas las tradiciones democr\u00e1ticas, populares y progresistas\u201d<\/strong>. \u201cQueremos luchar contra la resignaci\u00f3n y poner al pueblo en movimiento\u201d, agregan.<\/p>\n\n\n\n<p>Intendentes, legisladores, movimientos sociales, organizaciones gremiales, empresarios, estudiantes, representantes de la cultura y de la ciencia participan de este nuevo espacio. \u201cAdem\u00e1s de ser escudo y red ante la deserci\u00f3n del gobierno nacional debemos construir una alternativa de futuro para el pueblo bonaerense\u201d, se\u00f1alaron.<\/p>\n\n\n\n<h2 class=\"wp-block-heading\">El mensaje<\/h2>\n\n\n\n<p><strong>ABRAZAR AL PUEBLO Y ENCENDER LA ESPERANZA.<\/strong><\/p>\n\n\n\n<p>MOVIMIENTO DERECHO AL FUTURO<\/p>\n\n\n\n<p>El peronismo enfrenta un desaf\u00edo hist\u00f3rico: reconstruirse para liderar una alternativa al experimento de ajuste y crueldad que lleva adelante el Gobierno Nacional de Javier Milei.<\/p>\n\n\n\n<p>Ante este modelo de especulaci\u00f3n financiera, concentraci\u00f3n de la riqueza y entrega a intereses extranjeros, la Argentina necesita volver a edificar una fuerza social y pol\u00edtica que defienda y represente al trabajo, la producci\u00f3n agropecuaria e industrial, a comerciantes, profesionales, estudiantes, artistas, cient\u00edficos, jubilados: que asegure el desarrollo econ\u00f3mico con justicia social. En este contexto el peronismo tiene la obligaci\u00f3n y el desaf\u00edo de ser el motor de esta construcci\u00f3n, recuperando su esencia de movimiento popular, amplio, nacional y federal.<\/p>\n\n\n\n<p>Es momento de escuchar, de comprender las razones de nuestra derrota a nivel nacional, de recuperar la agenda de las mayor\u00edas, defendiendo los derechos de todos. Es hora de empezar a reinventar nuestro proyecto hist\u00f3rico, de un pueblo con igualdad, de un pueblo que pueda aspirar a ser feliz. Es momento de actualizar nuestras ideas con una perspectiva de futuro, sin temor al debate interno.<\/p>\n\n\n\n<p>En este contexto, el gobierno de la Provincia de Buenos Aires, bajo la conducci\u00f3n de Axel Kicillof, se ha convertido en el escudo y la red que luchan por proteger los derechos de los bonaerenses ante un Estado desertor. Mientras el gobierno nacional abandona sus responsabilidades, la Provincia busca aliviar el da\u00f1o social que provoca la apuesta por el mercado desregulado como \u00fanica respuesta. Es en el gobierno de la Provincia donde se visualiza una alternativa y donde se enciende una esperanza concreta, real, que demuestra con hechos que hay otra forma de gobernar: con compromiso, con transparencia y con pol\u00edticas p\u00fablicas en favor del pueblo.<\/p>\n\n\n\n<p>Convocamos a la construcci\u00f3n de una gran fuerza social y pol\u00edtica para el desarrollo y la justicia social, que represente a trabajadores, sectores productivos, la ciencia, la educaci\u00f3n y la cultura. Que defienda los intereses nacionales, promueva el desarrollo y se abra a la participaci\u00f3n de todos. Solo con un peronismo fuerte, amplio, unido y con sus ra\u00edces en el pueblo podremos forjar un pa\u00eds m\u00e1s justo, solidario y con oportunidades para todos.<\/p>\n\n\n\n<p>El pueblo y la patria necesitan de un peronismo que abrace al pueblo y enfoque sus energ\u00edas a reconstruir el sue\u00f1o colectivo de una patria justa, libre y soberana.<\/p>\n\n\n\n<p>Hacia all\u00e1 nos dirigimos, derecho a un futuro mejor.<\/p>\n\n\n\n<p><em>Julio Alak, intendente de La Plata, Fernando Espinoza, intendente de La Matanza, Mario Ishii, intendente de Jos\u00e9 C. Paz, Jorge Ferraresi, intendente de Avellaneda, Mario Secco, intendente de Ensenada, Fernando Moreira, intendente de San Mart\u00edn, Juan Jos\u00e9 Mussi, intendente de Berazategui, Federico Achaval, intendente de Pilar, Andr\u00e9s Watson, intendente de Florencio Varela, Pablo Descalzo, intendente de Ituzaing\u00f3, Mariano Cascallares, intendente de Almirante Brown, Lucas Ghi, intendente de Mor\u00f3n, Fabi\u00e1n Cagliardi, intendente de Berisso, Ricardo Curutchet, intendente de Marcos Paz, David Angueira, intendente de Punta Indio, Facundo Diz, intendente de Navarro, Ricardo Alessandro, intendente de Salto, Daniel Stadnik, intendente de Carlos Casares, Gustavo Barrera, intendente de Villa Gesell, Julio Marini, intendente de Benito Ju\u00e1rez, Gustavo Cocconi, intendente de Tapalqu\u00e9, Mauro Poletti, intendente de Ramallo, Germ\u00e1n Lago, intendente de Alberti, Juan Manuel \u00c1lvarez, intendente de Ranchos, Rodrigo Aristimu\u00f1o, intendente de Coronel Rosales, Diego Nanni, intendente de Exaltaci\u00f3n de la Cruz, Mar\u00eda Celia Gianini, intendenta de Carlos Tejedor, Juan de Jes\u00fas, intendente del partido de La Costa, Ricardo Moccero, intendente de Coronel Su\u00e1rez, Cecilio Salazar, intendente de San Pedro, Carlos Ferraris, intendente de Leandro N. Alem, Walter Wischnivetzky, intendente de Mar Chiquita, Alfredo Fisher, intendente de Laprida, Sergio Barenghi, intendente de Bragado, Arturo Rojas, intendente de Necochea, Ariel Sucurro, intendente de Salliquel\u00f3, Ignacio Pugnaloni, intendente de Hip\u00f3lito Yrigoyen, Francisco Echarren, intendente de Castelli, Alejandro Acerbo, intendente de Daireaux, Sebasti\u00e1n Walker, intendente de Pila, Jos\u00e9 Nobre Ferreira, intendente de Guamin\u00ed, Carlos Rocha, intendente de General Guido, H\u00e9ctor Olivera, intendente de Tordillo, Hugo Yasky, Diputado Nacional, Daniel Goll\u00e1n, Diputado Nacional, Julio Pereyra, Diputado Nacional, Victoria Tolosa Paz, Diputada Nacional, Juan Marino, Diputado Nacional, Santiago Cafiero, Diputado Nacional, Brenda Duarte, Diputada Nacional, Pedro Borgini, Senador Provincial, Ayel\u00e9n Dur\u00e1n, Senadora Provincial, Carlos Cuto Moreno, Diputado Provincial, Susana Gonz\u00e1lez, Diputada Provincial, Gustavo Pulti, Diputado Provincial, Mariana Larroque, Diputada Provincial, Naldo Brunelli, Diputado Provincial, Lucia Ia\u00f1ez, Diputada Provincial, Liliana Pintos, Diputada Provincial, Ricardo Rollieri, Diputado Provincial, Laura Aloisi, Diputada Provincial, Ana Luz Balor, Diputada Provincial, Viviana Guzzo, Diputada Provincial, Alberto Descalzo, Presidente PJ Ituzaing\u00f3, Gildo Onorato, Presidente del Partido La Patria de los Comunes, La Patria es el Otro, Movimiento Mayo, Patria y Futuro, Somos Barrios de Pie, Agrupaci\u00f3n Eva Per\u00f3n, Corriente Nacional de la Militancia, Corriente Peronista 13 de Abril, Corriente Militante Lealtad, Kolina Buenos Aires, Descamisados, FETRAES, CNCT, Peronismo de la Soberan\u00eda, Camino a la Victoria, Partido Piquetero, Corriente Nacional Mart\u00edn Fierro, Movimiento Territorial de Liberaci\u00f3n, Frente Barrial de la CTA, Frente Social Peronista, Renacer Peronista, Agrupaci\u00f3n 17 de Noviembre La Rucci, Partido Comunista Buenos Aires, Los Irrompibles Buenos Aires, La Capitana, Encuentro Peronista, Frente Federal Los Pueblos, EPIKA, Frente 25 de Mayo, Movimiento Unidad Peronista, Movimiento Territorial Jauretche, Corriente N\u00e9stor Kirchner, FORJARTE, Frente de Trabajadores Peronistas, Peronismo en Desarrollo, Frente Mart\u00edn Miguel de G\u00fcemes, Fuerza Colectiva, Instituto Federal Peronista, La N\u00e9stor, La 20V, La Soberana, Oktubre Corriente Militante, Voluntad Popular, Agrupaci\u00f3n Avanti Morocha, La Lupin, Mil Flores, UTPE, Sumando por Argentina, Agrupaci\u00f3n Tupac Amaru, Frente Patria Migrante, FUNCAT, Populismo K, Frente Unidad Peronista, FECOOPBA, Agrupaci\u00f3n 24 de Junio, Frente Justicia Social, FUOPE, Agrupaci\u00f3n Centenario, Frente Social la Nueva Independencia, Agrupaci\u00f3n Nacional Peronista Revolucionaria, Movimiento Octubres, Peronismo 26 de Julio, Movimiento Compromiso Social, La N\u00e9stor Kirchner, Frente SI, Proyecto Sur, Movimiento de Trabajadores Organizados, Agrupaci\u00f3n 30 de Octubre, Movimiento Popular para la Victoria, Organizaci\u00f3n para la Liberaci\u00f3n Argentina, Frente Social Migrante, Vertiente Social Peronista, Movimiento 26 de Julio, Migrar no es un Delito, SURGE Movimiento Nacional, COMUNA, Un Grito de Coraz\u00f3n, La Walsh, Agrupaci\u00f3n Arturo Jauretche, Palermo K, Movimiento La Social, CNP, Movimiento Peronista Aut\u00e9ntico, Manuel Belgrano, Movimiento Territorial Agust\u00edn Tosco, Asamblea de Flores, Movimiento Federal Belgrano, Patria Popular, Desborde Educativo, Amanecer Peronista, La Marcha, Causa Popular, La Hebe de Bonafini, PASEN, Agrupaci\u00f3n Pensamiento y Acci\u00f3n, Corriente Nacional y Popular, La Mugica, Nueva Generaci\u00f3n, Cristina Militante, Patria Peronista, Agrupaci\u00f3n Pol\u00edtico-Empresaria Ministro Gelbard, Movimiento La Social, Proyecto Per\u00f3n, La Defensor\u00eda de los Laburantes, Agrupaci\u00f3n Kumpas, Casa de Todos Ca\u00f1uelas, Ateneo N\u00e9stor Kirchner Florencio Varela.<\/em><\/p>\n\n\n\n<p><em>CGT, CTA T, CTA A, Federaci\u00f3n Nacional de Trabajadores Camioneros, 62 ORGANIZACIONES, FEMPINRA, FATICA, FEGEPPBA, Federaci\u00f3n de Sindicatos de Trabajadores municipales de la Provincia de Buenos Aires, Federaci\u00f3n Nacional de Peones de Taxis, Federaci\u00f3n Gr\u00e1fica Bonaerense, Federaci\u00f3n de Obreros y Empleados de la Industria del Papel, Cart\u00f3n y Qu\u00edmicos, Confederaci\u00f3n Argentina de Trabajadores del Transporte (CATT), Federaci\u00f3n de Sindicatos de Trabajadores de la Carne y Afines de la Rep\u00fablica Argentina (FESITCARA), FATEL Federaci\u00f3n Argentina de Telecomunicaciones, FOETRA Federaci\u00f3n de Obreros y Empleados Telef\u00f3nicos de la Rep\u00fablica, FOEESITRA \u2013 Federaci\u00f3n de las Telecomunicaciones y las TIC, Confederaci\u00f3n De Educadores Argentinos (Cea), Federaci\u00f3n gremial del personal de la industria de la Carne y sus derivados, Federaci\u00f3n de Trabajadores Pasteleros, Servicios R\u00e1pidos, Confiteros, Heladeros, Pizzeros y Alfajoreros, FATFA Federaci\u00f3n Argentina de Trabajadores de Farmacia, UOMRA Uni\u00f3n Obrera Metal\u00fargica de la Rep\u00fablica Argentina, SEIVARA, STIA \u2013 Sindicato de Trabajadores de Industrias de la Alimentaci\u00f3n, SETIA (Sindicato de Empleados Textiles de la Industria y Afines), SI.UN.FLET.RA Sindicato \u00fanico de Fleteros de la Rep\u00fablica Argentina, SOEME, SOCRA, SADOP, ATE PBA, SUTEP, Sindicato Jer\u00e1rquicos de Comercio, UTICRA, SUETRA, UATRE, AAA (Asociaci\u00f3n Argentina de Aeronavegantes), SOMU &nbsp;(Sindicato Obreros Mar\u00edtimos Unidos), Centro de Patrones y Oficiales Fluviales, de Pesca y de Cabotaje Mar\u00edtimo, SICONARA (Sindicato de Conductores Navales de la Rep\u00fablica Argentina), SEAMARA Sindicato Encargados Apuntadores Mar\u00edtimos y Afines de la Rep\u00fablica Argentina, Sindicato De Guincheros, AOMA \u2013 Asociaci\u00f3n Obrera Minera Argentina, SATSAID Sindicato Argentino de Televisi\u00f3n, Telecomunicaciones, Servicios Audiovisuales, Interactivos y de Datos, AMS \u2013 Asociaci\u00f3n gremial empleados de administraci\u00f3n, maestranza y servicios de Casinos Provinciales, UPJET \u2013 Uni\u00f3n Personal Jer\u00e1rquico de Empresas de Telecomunicaciones, Sindicato Qu\u00edmicos de Pilar, Sindicato de la Carne GBA, UOMA \u2013 Uni\u00f3n Obrera Molinera Argentina, STIHMPRA- Sindicato de Trabajadores de la Industria del Hielo y Mercados Particulares de la Rep\u00fablica Argentina, AMET, Asociaci\u00f3n de Jefes y Oficiales Navales de Radiocomunicacones, UDOCBA, ATE Astilleros R\u00edo Santiago, AGPMNHRA Asociaci\u00f3n gremial del personal del Mercado Nacional de Hacienda, SUTEBA, AJB, CICOP, Asociaci\u00f3n del Personal Aeron\u00e1utico \u2013 APA, Luz y Fuerza MDP, SIGURA \u2013 Sindicato de Guardavidas Unidos de la Rep\u00fablica Argentina, AAA \u2013 Asociaci\u00f3n Argentina de Actores, SUTEPA sindicato unido de trabajadores y empleados de PAMI, ADUM -Agremiaci\u00f3n Docente Universitaria Marplatense, Sindicato de Trabajadores Municipales de Ensenada, Sindicato Qu\u00edmicos de Pilar, OETSYLRA Sindicato de Tintoreros, SOSBA Sindicato de obras Sanitarias PBA, SSP Sindicato de salud p\u00fablica PBA, APOC \u2013 Asociaci\u00f3n de organismos de control PBA, AERI- Asociaci\u00f3n de empleados de renta e inmobiliaria- ARBA, Sindicato Gr\u00e1fico Platense, SUETRA- Sindicato \u00fanico de trabajadores t\u00e9cnicos de la educaci\u00f3n, Sindicato del Gas, APL- Asociaci\u00f3n del Personal legislativo PBA, AMRA -Asociaci\u00f3n de M\u00e9dico Rep. Arg. PBA- nacional, AJAMOP- Obras P\u00fablicas, Sindicato Mensual del Hip\u00f3dromo de La Plata, SOEIA ACEITEROS Sindicato de Obreros y Empleados de la Industria del Aceite, Asociaci\u00f3n empleados conductores de Taxi La Plata, Asociaci\u00f3n de Trabajadores de Combis, Charters, Minibus y Afines de la Rep. Argentina, Sindicato Unido de Educadores T\u00e9cnicos de la Rep\u00fablica Argentina, Asociaci\u00f3n del Personal de los Organismos de Control, Seccional Control Pcia. Bs. As, Asociaci\u00f3n Sindical Unida de Recicladores, SUTAT \u2013 Sindicato \u00danico de Trabajadores de Atenci\u00f3n Telef\u00f3nica, SEEN \u2013 Sindicato de Electricistas Electronicistas Navales, APHARA \u2013 Asociaci\u00f3n del Personal de Hip\u00f3dromos, Agencias, Apuestas y Afines de la Rep\u00fablica Argentina, SUPASO \u2013 Sindicato \u00danico de Salud Ocupacional, SUTCA \u2013 Sindicato Unidos Trabajadores Custodios Argentinos, SUTCAPRA \u2013 Sindicato \u00danico de Trabajadores de Control de Admisi\u00f3n y Permanencia de la Rep\u00fablica Argentina, SUTCAPRA -Provincia de Buenos Aires, UOLRA Ladrilleros, Asociaci\u00f3n de Capitanes y Baqueanos Fluviales de la Rep\u00fablica Argentina, ADUNA- Asociaci\u00f3n Docente de la Universidad Nacional de Avellaneda, ADIUNPAZ \u2013 Asociaci\u00f3n de Docentes Universitarios, ADIUNGS \u2013 Asociaci\u00f3n de Docentes Universitarios, ADEIUNAJ \u2013 Asociaci\u00f3n de Docentes Extensionistas e Investigadores de la UNAJ, ATUNAJ Asociaci\u00f3n de Trabajadores de la Universidad Nacional Arturo Jauretche), ATUNQ (Asociacion de Trabajadores de la Universidad Nacional De Quilmes), ATUNNOBA (Asociaci\u00f3n de Trabajadores de la Universidad Nacional del Noroeste de la Provincia de Buenos Aires), ATUNPAZ (Asociaci\u00f3n de Trabajadores de la Universidad Nacional de Jos\u00e9 C. Paz), APUNSAM (Asociaci\u00f3n del Personal de la Universidad Nacional de San Mart\u00edn), ATUNH (Asociaci\u00f3n de Trabajadores de la Universidad Nacional de Hurlingham), APUNTREF (Asociaci\u00f3n el Personal de la Universidad Nacional de Tres de Febrero), APULZ (Asociaci\u00f3n del Personal de la Universidad Nacional de Lomas de Zamora), ATUNCPBA (Asociaci\u00f3n de Trabajadores de la Universidad Nacional del Centro de la Provincia de Buenos Aires.), APUNM (Asociaci\u00f3n Personal de la Universidad Nacional de Moreno), APUNO (Asociaci\u00f3n Personal de la Universidad Nacional del Oeste), SOM- Sindicato Obreros Marroquineros, AGTSyP \u2013 Metrodelegados, SOECC \u2013 Sindicato de Obreros y Empleados de Casas Cosignatarias, Sindicato Farmacia Pergamino, SEF \u2013 Sindicato Farmacia La Plata, Asociaci\u00f3n Empleados de Farmacia de la Regi\u00f3n Olavarr\u00eda, Sindicato de Trabajadores de Farmacia Pehuaj\u00f3, Sindicato Farmacia&nbsp; Chivilcoy, ADEF \u2013 Asociaci\u00f3n de Empleados de Farmacia Bah\u00eda Blanca, SITFAR Capital sindicato de empleados y empleadas de Farmacia de Mar del Plata, U.O.E.M.B. Uni\u00f3n Obreros y Empleados Municipales de Berisso, ATILRA Secc. Gral Rodriguez, ATILRA Secc. Ca\u00f1uelas, ATILRA Secc. Trenque Lauquen, ATILRA&nbsp; secc. Junin, UOM SAN MIGUEL, UOM SAN NICOLAS, UOM&nbsp; Vicente L\u00f3pez, UOM TRES DE FEBRERO, UOM seccional LA PLATA, UOM ZARATE CAMPANA, UOM MOR\u00d3N, AOMA OLAVARRIA (Asociaci\u00f3n Obrera Minera de la Rep\u00fablica Argentina Seccional Olavarr\u00eda), Sindicato de Trabajadores Municipales de San Isidro, FESIMUBO \u2013 Municipales de Lomas De Zamora, Sindicato de empleados municipales de Lincoln, Sindicato de Obreros y Empleados Municipales de La Plata SOEMLP, Sindicato de trabajadores municipales de Olavarr\u00eda STMO (Adheridos a Fesimubo), SURYA MATANZA, SUTEP \u2013 La Matanza -, ATSA Zona Norte, UPSRA (Union Personal de la Seguridad) La Matanza, SADOP MATANZA, JUVENTUD SINDICAL CGT LA MATANZA, SECEIC \u2013 Sindicato de Empleados, Capataces y Encargados de la Industria del Cuero (CTA A), Sindicato de Enpleados de Vialidad Nacional-&nbsp; Pcia. de Bs As, Sindicato Argentino de la manufactura del Cuero, CGT REGIONAL LOMAS DE ZAMORA, CGT REGIONAL TRES ARROYOS, CGT REGIONAL LA PLATA, BERISSO, ENSENADA, BRABDSEN, GRAL PAZ Y PUNTA INDIO, CGT REGIONAL DEL OESTE, CGT REGIONAL LA MATANZA, CGT REGIONAL PARTIDO DE LA COSTA, CGT REGIONAL SAN NICOL\u00c1S RAMALLO, CGT REGIONAL BAH\u00cdA BLANCA, CGT REGIONAL SAN MARTIN, TRES DE FEBRERO, SAN MIGUEL, MALVINAS, JOS\u00c9 C. PAZ, CGT REGIONAL LAS FLORES, CGT REGIONAL LAN\u00daS AVELLANEDA, CGT REGIONAL DEL TUY\u00da, CGT REGIONAL NECOCHEA, CGT REGIONAL BOLIVAR DAIREAUX, CGT REGIONAL AZUL, CGT REGIONAL PERGAMINO, ARRECIFES, COL\u00d3N, ROJAS, SALTO, CAPIT\u00c1N SARMIENTO, CGT REGIONAL COL\u00d3N, CGT REGIONAL CHIVILCOY, CGT REGIONAL CHASCOM\u00daS, CGT REGIONAL MERCEDES, NAVARRO, SAN ANDRES DE GILES, CGT REGIONAL CA\u00d1UELAS, LOBOS, MONTE; CGT REGIONAL ZARATE CAMPANA ESCOBAR; CGT REGIONAL ZONA NORTE, CGT REGIONAL 9 DE JULIO, CGT REGIONAL OLAVARR\u00cdA, 62 Organizaciones Generales L\u00ednea Fundadora La Matanza, 62 ORGANIZACIONES GREMIALES PERONISTAS Regional San Isidro, 62 ORGANIZACIONES GREMIALES PERONISTAS Regional Ezeiza, 62 ORGANIZACIONES GREMIALES PERONISTAS Regional Lan\u00fas, 62 ORGANIZACIONES GREMIALES PERONISTAS Regional Ca\u00f1uelas, 62 ORGANIZACIONES GREMIALES PERONISTAS REGIONAL SAN FERNANDO, 62 ORGANIZACIONES GREMIALES PERONISTAS REGIONAL VICENTE L\u00d3PEZ, CTA T Regional Avellaneda, CTA T Regional Berazategui, CTA T Regional Florencio Varela, CTA T Regional La Matanza, CTA T Regional Lan\u00fas, CTA T Regional Lomas de Zamora, CTA T Regional Pilar, CTA T Regional Quilmes, CTA T Regional Alte. Brown, Presidente Per\u00f3n; CTA T Regional Brandsen \u2013 San Vicente; CTA T Regional Ca\u00f1uelas- Lobos; CTA T Regional Chascom\u00fas \u2013 Castelli \u2013 Dolores &nbsp;-Lezama \u2013 Tordillo \u2013 G. Guido \u2013 Maip\u00fa; CTA T Regional Chivilcoy \u2013 Alberti \u2013 Chacabuco; CTA T Regional Esteban Echeverr\u00eda \u2013 Ezeiza; CTA T Regional Exaltaci\u00f3n de la Cruz \u2013 Capit\u00e1n Sarmiento \u2013 Carmen de Areco \u2013 San Antonio de Areco; CTA T Regional General Belgrano \u2013 G. Paz \u2013 Pila \u2013 San Miguel del Monte \u2013 Las Flores; CTA T Regional General Las Heras \u2013 Navarro; CTA T Regional G. Pueyrred\u00f3n \u2013 Balcarce \u2013 G. Alvarado \u2013 Mar Chiquita; CTA T Regional G. San Mart\u00edn \u2013 Tres de Febrero; CTA T Regional Jun\u00edn \u2013 Bragado \u2013 G. Arenales \u2013 G. Viamonte \u2013 Alem; CTA T Regional Laprida \u2013 B. Ju\u00e1rez \u2013 G. Chaves \u2013 G. La Madrid \u2013 C. Pringles \u2013 Tres Arroyos; CTA T Regional La Plata \u2013 Berisso \u2013 Ensenada \u2013 Magdalena \u2013 Punta Indio; CTA T Regional Luj\u00e1n \u2013 Mercedes \u2013 San Andr\u00e9s de Giles \u2013 Suipacha \u2013 G. Rodriguez; CTA T Regional Moreno \u2013 Merlo \u2013 Marcos Paz; CTA T Regional Mor\u00f3n \u2013 Hurlingham \u2013 Ituzaing\u00f3; CTA T Regional Necochea \u2013 Lober\u00eda \u2013 San Cayetano; CTA T Regional Olavarr\u00eda \u2013 25 de Mayo \u2013 Azul -Bolivar \u2013 G. Alvear \u2013 Roque P\u00e9rez \u2013 Saladillo \u2013 Tapalqu\u00e9; CTA T Regional Patagones; CTA T Regional Partido de la Costa \u2013 G. Lavalle \u2013 Pinamar \u2013 G. Madariaga \u2013 Villa Gesell; CTA T Regional Pehuaj\u00f3 \u2013 9 de Julio \u2013 C. Casares \u2013 C. Tejedor \u2013 H. Yrigoyen; CTA T Regional Pergamino \u2013 Arrecifes \u2013 Col\u00f3n \u2013 Rojas \u2013 Salto; CTA T Regional Rauch \u2013 Tandil \u2013 Ayacucho; CTA T Regional Saavedra \u2013 Pu\u00e1n \u2013 Tornquist \u2013 C. Su\u00e1rez \u2013 A. Alsina; CTA T Regional San Miguel \u2013 Jose C. Paz \u2013 Malvinas Argentinas; CTA T Regional San Nicol\u00e1s \u2013 Ramallo; CTA T Regional San Isidro \u2013 San Fernando \u2013 Tigre \u2013 Vicente L\u00f3pez \u2013 Escobar; CTA T Regional Trenque Lauquen \u2013 Ameghino \u2013 G. Villegas \u2013 Lincoln \u2013 Rivadavia; CTA T Regional Tres Lomas \u2013 Salliquello \u2013 Pellegrini \u2013 Guamin\u00ed \u2013 Daireaux; CTA T Regional Villarino \u2013 C. Rosales \u2013 C. Dorrego \u2013 Monte Hermoso \u2013 Bah\u00eda Blanca; CTA T Regional Zarate \u2013 Campana \u2013 San Pedro \u2013 Baradero; CGT C\u00f3rdoba; CGT Regional C\u00f3rdoba; Plenario CGT C\u00f3rdoba CTA-A y Cta-T y otras organizaciones; CGT REGIONAL BELL VILLE \u2013 CORDOBA; CGT Regional Villa Mar\u00eda C\u00f3rdoba; CGT REGIONAL LA RIOJA; CGT regional Gualeguaych\u00fa \u2013 Entre R\u00edos; CGT Valle Inferior Chubut y Puerto Madryn; CGT regional General Pico y Zona Norte \u2013 La Pampa; CGT Regional Tucum\u00e1n; SURAR \u2013 Sindicato Uni\u00f3n de Recicladores y Afines al Reciclado \u2013 Tucum\u00e1n; CGT Ca\u00f1ada de G\u00f3mez \u2013 Santa Fe; CGT R\u00edo Negro Zona Atl\u00e1ntica; CGT Regional \u2013 Misiones; CGT Sa\u00fal Ubaldini \u2013 Comodoro Rivadavia, CHUBUT; CGT REGIONAL CONCORDIA, Entre R\u00edos; CGT CORRIENTES; CGT CHACO; CGT CATAMARCA; CGT regional Col\u00f3n, ENTRE RIOS; Federaci\u00f3n de Sindicatos de Trabajadores Municipales de la Provincia de SANTA FE (FESTRAM); Cooperativa 17 de Noviembre, SALTA; 62 ORGANIZACIONES SALTA; Union Nacional de de Clubes de Barrio; Mesa Sindical Bah\u00eda Blanca; Mesa Intersindical De Tandil (CGT, CTA, MIT); Frente Sindical Carlos Costello. Lomas de Zamora; Frente Sindical Eva Per\u00f3n. Lan\u00fas; Frente Sindical Ca\u00f1uelas; Jubilados Activos Fraternidad-&nbsp; Fraternidad La Matanza; Agrup. Fuerza Argentina; Frente Pol\u00edtico Sindical Alberto Balestrini, La Matanza; Frente Sindical Peronista Pilarense.<\/em><\/p>\n","protected":false},"excerpt":{"rendered":"<p>El espacio pol\u00edtico que encabeza Axel Kicillof se presenta como parte del \u00abperonismo fuerte y con capacidad de gesti\u00f3n\u00bb, \u00abuna alternativa real\u00bb al rumbo libertario. Con Axel Kicillof a la cabeza, fue presentado el Movimiento Derecho al Futuro, que se propone como \u201calternativa real\u201d al gobierno de Javier Milei, que forma parte de \u201cun peronismo&hellip;<\/p>\n","protected":false},"author":1,"featured_media":136230,"comment_status":"open","ping_status":"open","sticky":false,"template":"","format":"standard","meta":{"footnotes":""},"categories":[13],"tags":[42512,2450,44780,22025],"class_list":["post-136229","post","type-post","status-publish","format-standard","has-post-thumbnail","hentry","category-politica","tag-axel-kiccillof","tag-diario-el-sindical","tag-movimiento-derecho-al-futuro","tag-politica"],"_links":{"self":[{"href":"https:\/\/www.elsindical.com.ar\/notas\/wp-json\/wp\/v2\/posts\/136229","targetHints":{"allow":["GET"]}}],"collection":[{"href":"https:\/\/www.elsindical.com.ar\/notas\/wp-json\/wp\/v2\/posts"}],"about":[{"href":"https:\/\/www.elsindical.com.ar\/notas\/wp-json\/wp\/v2\/types\/post"}],"author":[{"embeddable":true,"href":"https:\/\/www.elsindical.com.ar\/notas\/wp-json\/wp\/v2\/users\/1"}],"replies":[{"embeddable":true,"href":"https:\/\/www.elsindical.com.ar\/notas\/wp-json\/wp\/v2\/comments?post=136229"}],"version-history":[{"count":1,"href":"https:\/\/www.elsindical.com.ar\/notas\/wp-json\/wp\/v2\/posts\/136229\/revisions"}],"predecessor-version":[{"id":136231,"href":"https:\/\/www.elsindical.com.ar\/notas\/wp-json\/wp\/v2\/posts\/136229\/revisions\/136231"}],"wp:featuredmedia":[{"embeddable":true,"href":"https:\/\/www.elsindical.com.ar\/notas\/wp-json\/wp\/v2\/media\/136230"}],"wp:attachment":[{"href":"https:\/\/www.elsindical.com.ar\/notas\/wp-json\/wp\/v2\/media?parent=136229"}],"wp:term":[{"taxonomy":"category","embeddable":true,"href":"https:\/\/www.elsindical.com.ar\/notas\/wp-json\/wp\/v2\/categories?post=136229"},{"taxonomy":"post_tag","embeddable":true,"href":"https:\/\/www.elsindical.com.ar\/notas\/wp-json\/wp\/v2\/tags?post=136229"}],"curies":[{"name":"wp","href":"https:\/\/api.w.org\/{rel}","templated":true}]}}