{"id":136219,"date":"2025-02-22T12:38:50","date_gmt":"2025-02-22T15:38:50","guid":{"rendered":"https:\/\/www.elsindical.com.ar\/notas\/?p=136219"},"modified":"2025-02-22T12:47:16","modified_gmt":"2025-02-22T15:47:16","slug":"avellaneda-incendio-y-derrumbe-de-un-deposito","status":"publish","type":"post","link":"https:\/\/www.elsindical.com.ar\/notas\/avellaneda-incendio-y-derrumbe-de-un-deposito\/","title":{"rendered":"Avellaneda: incendio y derrumbe de un dep\u00f3sito"},"content":{"rendered":"<div class=\"wp-block-image\">\n<figure class=\"aligncenter size-full is-resized\"><a href=\"https:\/\/www.elsindical.com.ar\/notas\/var\/www\/html\/notas\/wp-content\/uploads\/2025\/02\/incendio-en-Avellaneda-febrero-25.jpg\"><img loading=\"lazy\" decoding=\"async\" width=\"750\" height=\"422\" src=\"https:\/\/www.elsindical.com.ar\/notas\/var\/www\/html\/notas\/wp-content\/uploads\/2025\/02\/incendio-en-Avellaneda-febrero-25.jpg\" alt=\"\" class=\"wp-image-136220\" style=\"width:828px;height:auto\" srcset=\"https:\/\/www.elsindical.com.ar\/notas\/var\/www\/html\/notas\/wp-content\/uploads\/2025\/02\/incendio-en-Avellaneda-febrero-25.jpg 750w, https:\/\/www.elsindical.com.ar\/notas\/var\/www\/html\/notas\/wp-content\/uploads\/2025\/02\/incendio-en-Avellaneda-febrero-25-300x169.jpg 300w, https:\/\/www.elsindical.com.ar\/notas\/var\/www\/html\/notas\/wp-content\/uploads\/2025\/02\/incendio-en-Avellaneda-febrero-25-460x260.jpg 460w\" sizes=\"auto, (max-width: 750px) 100vw, 750px\" \/><\/a><\/figure>\n<\/div>\n\n\n<p>El fuego comenz\u00f3 anoche y mientras los bomberos intentaban sofocar las llamas, una de las paredes del edificio de Avellaneda colaps\u00f3.<\/p>\n\n\n\n<p><strong>Un feroz incendio desat\u00f3 &nbsp;p\u00e1nico en Avellaneda.<\/strong> El fuego arras\u00f3 con un dep\u00f3sito ubicado en&nbsp;Montes de Oca y Cambaceres, a metros del&nbsp;Puente Pueyrred\u00f3n.<\/p>\n\n\n\n<p>Se hicieron presentes varias dotaciones de bomberos, pertenecientes a los cuarteles de <strong>Almirante Brown, Avellaneda, Sarand\u00ed, Wilde y Lan\u00fas.<\/strong><\/p>\n\n\n\n<p><strong>Mientras los bomberos intentaban controlar el incendio cerca de las 21.30 cedi\u00f3 uno de los muros y colaps\u00f3 toda la estructura del viejo local.<\/strong><\/p>\n\n\n\n<p>El siniestro, que comenz\u00f3 alrededor de las&nbsp;20:20 del viernes, ocurri\u00f3&nbsp;en un <strong>dep\u00f3sito destinado al<\/strong>&nbsp;<strong>almacenamiento, acondicionamiento y distribuci\u00f3n<\/strong>&nbsp;de&nbsp;<strong>art\u00edculos de librer\u00eda, papeler\u00eda, escolar, comercial, oficina y marroquiner\u00eda<\/strong>.<\/p>\n\n\n\n<p>Como medida preventiva,&nbsp;<strong>personal de bomberos evacu\u00f3 las Torres 5 y 6<\/strong>, ubicadas sobre la calle&nbsp;Belisario Hueyo.<\/p>\n\n\n\n<figure class=\"wp-block-embed is-type-video is-provider-youtube wp-block-embed-youtube wp-embed-aspect-16-9 wp-has-aspect-ratio\"><div class=\"wp-block-embed__wrapper\">\n<iframe loading=\"lazy\" title=\"Avellaneda impresionante incendio\" width=\"700\" height=\"394\" src=\"https:\/\/www.youtube.com\/embed\/U9yzWNOgRD8?feature=oembed\" frameborder=\"0\" allow=\"accelerometer; autoplay; clipboard-write; encrypted-media; gyroscope; picture-in-picture; web-share\" referrerpolicy=\"strict-origin-when-cross-origin\" allowfullscreen><\/iframe>\n<\/div><\/figure>\n","protected":false},"excerpt":{"rendered":"<p>El fuego comenz\u00f3 anoche y mientras los bomberos intentaban sofocar las llamas, una de las paredes del edificio de Avellaneda colaps\u00f3. Un feroz incendio desat\u00f3 &nbsp;p\u00e1nico en Avellaneda. El fuego arras\u00f3 con un dep\u00f3sito ubicado en&nbsp;Montes de Oca y Cambaceres, a metros del&nbsp;Puente Pueyrred\u00f3n. Se hicieron presentes varias dotaciones de bomberos, pertenecientes a los cuarteles&hellip;<\/p>\n","protected":false},"author":1,"featured_media":136220,"comment_status":"open","ping_status":"open","sticky":false,"template":"","format":"standard","meta":{"footnotes":""},"categories":[25],"tags":[461,2723,4113,2450,1158,44778],"class_list":["post-136219","post","type-post","status-publish","format-standard","has-post-thumbnail","hentry","category-sociedad","tag-avellaneda","tag-bomberos-voluntarios","tag-derrumbe","tag-diario-el-sindical","tag-incendio","tag-papeleria"],"_links":{"self":[{"href":"https:\/\/www.elsindical.com.ar\/notas\/wp-json\/wp\/v2\/posts\/136219","targetHints":{"allow":["GET"]}}],"collection":[{"href":"https:\/\/www.elsindical.com.ar\/notas\/wp-json\/wp\/v2\/posts"}],"about":[{"href":"https:\/\/www.elsindical.com.ar\/notas\/wp-json\/wp\/v2\/types\/post"}],"author":[{"embeddable":true,"href":"https:\/\/www.elsindical.com.ar\/notas\/wp-json\/wp\/v2\/users\/1"}],"replies":[{"embeddable":true,"href":"https:\/\/www.elsindical.com.ar\/notas\/wp-json\/wp\/v2\/comments?post=136219"}],"version-history":[{"count":2,"href":"https:\/\/www.elsindical.com.ar\/notas\/wp-json\/wp\/v2\/posts\/136219\/revisions"}],"predecessor-version":[{"id":136222,"href":"https:\/\/www.elsindical.com.ar\/notas\/wp-json\/wp\/v2\/posts\/136219\/revisions\/136222"}],"wp:featuredmedia":[{"embeddable":true,"href":"https:\/\/www.elsindical.com.ar\/notas\/wp-json\/wp\/v2\/media\/136220"}],"wp:attachment":[{"href":"https:\/\/www.elsindical.com.ar\/notas\/wp-json\/wp\/v2\/media?parent=136219"}],"wp:term":[{"taxonomy":"category","embeddable":true,"href":"https:\/\/www.elsindical.com.ar\/notas\/wp-json\/wp\/v2\/categories?post=136219"},{"taxonomy":"post_tag","embeddable":true,"href":"https:\/\/www.elsindical.com.ar\/notas\/wp-json\/wp\/v2\/tags?post=136219"}],"curies":[{"name":"wp","href":"https:\/\/api.w.org\/{rel}","templated":true}]}}