{"id":136215,"date":"2025-02-22T11:44:35","date_gmt":"2025-02-22T14:44:35","guid":{"rendered":"https:\/\/www.elsindical.com.ar\/notas\/?p=136215"},"modified":"2025-02-22T11:44:40","modified_gmt":"2025-02-22T14:44:40","slug":"mar-del-plata-un-joven-murio-tras-ser-golpeado-por-una-chapa-en-medio-del-temporal","status":"publish","type":"post","link":"https:\/\/www.elsindical.com.ar\/notas\/mar-del-plata-un-joven-murio-tras-ser-golpeado-por-una-chapa-en-medio-del-temporal\/","title":{"rendered":"Mar del Plata: un joven muri\u00f3 tras ser golpeado por una chapa en medio del temporal"},"content":{"rendered":"<div class=\"wp-block-image\">\n<figure class=\"aligncenter size-full is-resized\"><a href=\"https:\/\/www.elsindical.com.ar\/notas\/var\/www\/html\/notas\/wp-content\/uploads\/2025\/02\/Ryan-Gianfranco-Ayala.jpg\"><img loading=\"lazy\" decoding=\"async\" width=\"653\" height=\"410\" src=\"https:\/\/www.elsindical.com.ar\/notas\/var\/www\/html\/notas\/wp-content\/uploads\/2025\/02\/Ryan-Gianfranco-Ayala.jpg\" alt=\"\" class=\"wp-image-136216\" style=\"width:769px;height:auto\" srcset=\"https:\/\/www.elsindical.com.ar\/notas\/var\/www\/html\/notas\/wp-content\/uploads\/2025\/02\/Ryan-Gianfranco-Ayala.jpg 653w, https:\/\/www.elsindical.com.ar\/notas\/var\/www\/html\/notas\/wp-content\/uploads\/2025\/02\/Ryan-Gianfranco-Ayala-300x188.jpg 300w\" sizes=\"auto, (max-width: 653px) 100vw, 653px\" \/><\/a><\/figure>\n<\/div>\n\n\n<p>Una muerte m\u00e1s por negligencia y falta de controles en las obras en construcci\u00f3n en La Costa.<\/p>\n\n\n\n<p>La v\u00edctima ten\u00eda 24 a\u00f1os y era de la localidad bonaerense de Claypole.<\/p>\n\n\n\n<p>Un joven de 24 a\u00f1os muri\u00f3 en <strong>Mar del Plata<\/strong> tras ser golpeado por una <strong>placa de madera que se desprendi\u00f3 de una obra en construcci\u00f3n<\/strong> y le impact\u00f3 en el cuello y la cabeza.<\/p>\n\n\n<div class=\"wp-block-image\">\n<figure class=\"aligncenter size-full\"><a href=\"https:\/\/www.elsindical.com.ar\/notas\/var\/www\/html\/notas\/wp-content\/uploads\/2025\/02\/olaca-de-madera-muerte-Mar-del-Plata.jpg\"><img loading=\"lazy\" decoding=\"async\" width=\"700\" height=\"413\" src=\"https:\/\/www.elsindical.com.ar\/notas\/var\/www\/html\/notas\/wp-content\/uploads\/2025\/02\/olaca-de-madera-muerte-Mar-del-Plata.jpg\" alt=\"\" class=\"wp-image-136217\" srcset=\"https:\/\/www.elsindical.com.ar\/notas\/var\/www\/html\/notas\/wp-content\/uploads\/2025\/02\/olaca-de-madera-muerte-Mar-del-Plata.jpg 700w, https:\/\/www.elsindical.com.ar\/notas\/var\/www\/html\/notas\/wp-content\/uploads\/2025\/02\/olaca-de-madera-muerte-Mar-del-Plata-300x177.jpg 300w\" sizes=\"auto, (max-width: 700px) 100vw, 700px\" \/><\/a><\/figure>\n<\/div>\n\n\n<p>El tr\u00e1gico hecho ocurri\u00f3 este jueves por la noche en la avenida De los Trabajadores al 3600, en el balneario de Punta Mogotes. La v\u00edctima, identificada como <strong>Ryan Gianfranco Ayala<\/strong>, era de la localidad bonaerense de <strong>Claypole <\/strong>y se encontraba de vacaciones junto a su familia.<\/p>\n\n\n\n<p>Seg\u00fan informaron, el chico circulaba con su moto sobre la avenida cuando <strong>una chapa se desprendi\u00f3 <\/strong>de una obra en construcci\u00f3n, producto del <strong>fuerte temporal<\/strong>, y le <strong>impact\u00f3 en la cabeza<\/strong>, caus\u00e1ndole la muerte.<\/p>\n\n\n\n<p>Efectivos de la comisar\u00eda quinta y de la Polic\u00eda Cient\u00edfica se presentaron ante el llamado de los vecinos que fueron testigos del lamentable hecho. Luego del peritaje correspondiente, retiraron el cuerpo de la v\u00edctima.<\/p>\n\n\n\n<p>Al momento, el fiscal de Delitos Culposos, Germ\u00e1n Vera Tapia,<strong> investiga si la obra en construcci\u00f3n contaba con la documentaci\u00f3n<\/strong> y habilitaciones.<\/p>\n","protected":false},"excerpt":{"rendered":"<p>Una muerte m\u00e1s por negligencia y falta de controles en las obras en construcci\u00f3n en La Costa. La v\u00edctima ten\u00eda 24 a\u00f1os y era de la localidad bonaerense de Claypole. Un joven de 24 a\u00f1os muri\u00f3 en Mar del Plata tras ser golpeado por una placa de madera que se desprendi\u00f3 de una obra en&hellip;<\/p>\n","protected":false},"author":1,"featured_media":136216,"comment_status":"open","ping_status":"open","sticky":false,"template":"","format":"standard","meta":{"footnotes":""},"categories":[22],"tags":[2450,44775,1673,44777,44776],"class_list":["post-136215","post","type-post","status-publish","format-standard","has-post-thumbnail","hentry","category-policiales","tag-diario-el-sindical","tag-joven-muerto","tag-mar-del-plata","tag-obra-en-construccion","tag-ryan-gianfranco-ayala"],"_links":{"self":[{"href":"https:\/\/www.elsindical.com.ar\/notas\/wp-json\/wp\/v2\/posts\/136215","targetHints":{"allow":["GET"]}}],"collection":[{"href":"https:\/\/www.elsindical.com.ar\/notas\/wp-json\/wp\/v2\/posts"}],"about":[{"href":"https:\/\/www.elsindical.com.ar\/notas\/wp-json\/wp\/v2\/types\/post"}],"author":[{"embeddable":true,"href":"https:\/\/www.elsindical.com.ar\/notas\/wp-json\/wp\/v2\/users\/1"}],"replies":[{"embeddable":true,"href":"https:\/\/www.elsindical.com.ar\/notas\/wp-json\/wp\/v2\/comments?post=136215"}],"version-history":[{"count":1,"href":"https:\/\/www.elsindical.com.ar\/notas\/wp-json\/wp\/v2\/posts\/136215\/revisions"}],"predecessor-version":[{"id":136218,"href":"https:\/\/www.elsindical.com.ar\/notas\/wp-json\/wp\/v2\/posts\/136215\/revisions\/136218"}],"wp:featuredmedia":[{"embeddable":true,"href":"https:\/\/www.elsindical.com.ar\/notas\/wp-json\/wp\/v2\/media\/136216"}],"wp:attachment":[{"href":"https:\/\/www.elsindical.com.ar\/notas\/wp-json\/wp\/v2\/media?parent=136215"}],"wp:term":[{"taxonomy":"category","embeddable":true,"href":"https:\/\/www.elsindical.com.ar\/notas\/wp-json\/wp\/v2\/categories?post=136215"},{"taxonomy":"post_tag","embeddable":true,"href":"https:\/\/www.elsindical.com.ar\/notas\/wp-json\/wp\/v2\/tags?post=136215"}],"curies":[{"name":"wp","href":"https:\/\/api.w.org\/{rel}","templated":true}]}}