{"id":136212,"date":"2025-02-22T00:44:39","date_gmt":"2025-02-22T03:44:39","guid":{"rendered":"https:\/\/www.elsindical.com.ar\/notas\/?p=136212"},"modified":"2025-02-22T00:44:46","modified_gmt":"2025-02-22T03:44:46","slug":"villa-gesell-dos-aprehendidos-y-vehiculos-secuestrados-por-correr-picadas-en-la-playa","status":"publish","type":"post","link":"https:\/\/www.elsindical.com.ar\/notas\/villa-gesell-dos-aprehendidos-y-vehiculos-secuestrados-por-correr-picadas-en-la-playa\/","title":{"rendered":"Villa Gesell: Dos aprehendidos y veh\u00edculos secuestrados por correr picadas en la playa"},"content":{"rendered":"<div class=\"wp-block-image\">\n<figure class=\"aligncenter size-full\"><a href=\"https:\/\/www.elsindical.com.ar\/notas\/var\/www\/html\/notas\/wp-content\/uploads\/2025\/02\/picadas-en-playa-Gesell.jpg\"><img loading=\"lazy\" decoding=\"async\" width=\"750\" height=\"430\" src=\"https:\/\/www.elsindical.com.ar\/notas\/var\/www\/html\/notas\/wp-content\/uploads\/2025\/02\/picadas-en-playa-Gesell.jpg\" alt=\"\" class=\"wp-image-136213\" srcset=\"https:\/\/www.elsindical.com.ar\/notas\/var\/www\/html\/notas\/wp-content\/uploads\/2025\/02\/picadas-en-playa-Gesell.jpg 750w, https:\/\/www.elsindical.com.ar\/notas\/var\/www\/html\/notas\/wp-content\/uploads\/2025\/02\/picadas-en-playa-Gesell-300x172.jpg 300w, https:\/\/www.elsindical.com.ar\/notas\/var\/www\/html\/notas\/wp-content\/uploads\/2025\/02\/picadas-en-playa-Gesell-220x126.jpg 220w\" sizes=\"auto, (max-width: 750px) 100vw, 750px\" \/><\/a><\/figure>\n<\/div>\n\n\n<p>La Polic\u00eda Bonaerense, logr\u00f3 la aprehensi\u00f3n de dos personas que fueron filmadas corriendo picadas en la playa, poniendo en riesgo a terceros y as\u00ed mismos.<\/p>\n\n\n\n<p>VILLA GESELL<br>Comisaria V. Gesell l<br>FECHA: 21\/02\/2025<\/p>\n\n\n\n<p>LUGAR: Zona Medanos \u201cLa Olla\u201d V.Gesell<\/p>\n\n\n\n<p>HECHO: Inf. Art. 193 Bis C.P<br>INTERVINIENTE: UFI NRO 8 Gral. Madariaga.-<br>DENUNCIANTE: PERSONAL POLICIAL<\/p>\n\n\n\n<p>APREHENDIDO:<br>VOLPE JUAN ISMAEL, 22 A\u00d1OS, DDO. AV ANT\u00c1RTIDA ARGENTINA AL 2000 BERAZATEGUI (No residente)<\/p>\n\n\n\n<p>EGUREN LUCIA ESTHER, 22 A\u00d1OS, DDO. PADRE CHERASCO AL 5300 DE HURLINGHAM (No residente)<\/p>\n\n\n\n<p>S\u00cdNTESIS: Fecha, en el marco del Operativo de Sol a Sol 2024\/2025, y en relaci\u00f3n O.S 779\/25 Operativo Prevenci\u00f3n en Zona de m\u00e9danos\/ inmediaciones Evento Enduro del Verano 2025 VG; atento a material f\u00edlmico y fotograf\u00edas obtenidas en forma encubierta en el sector de olla por parte de pnal DDITI, se logra la Aprehensi\u00f3n de VOLPE JUAN ISMAEL, quien se desplazaba en rodado marca VW Ram Pte. AF168CM y de EGUREN LUCIA ESTHER, quien conduc\u00eda veh\u00edculo Toyota Hilux, Pte. AG337DF, ambos secuestrados; quienes se hallaban corriendo picadas. Se labran act. por Inf Art. 193 bis CP con Int. de la UFID Nro 08 de Madariaga a\/c Dr. Mercuri, quien aval\u00f3 lo actuado.<\/p>\n\n\n\n<figure class=\"wp-block-embed is-type-video is-provider-youtube wp-block-embed-youtube wp-embed-aspect-16-9 wp-has-aspect-ratio\"><div class=\"wp-block-embed__wrapper\">\n<iframe loading=\"lazy\" title=\"Villa Gesell dos aprehendidos por correr picadas en la playa\" width=\"700\" height=\"394\" src=\"https:\/\/www.youtube.com\/embed\/XNiiKoP9rRU?feature=oembed\" frameborder=\"0\" allow=\"accelerometer; autoplay; clipboard-write; encrypted-media; gyroscope; picture-in-picture; web-share\" referrerpolicy=\"strict-origin-when-cross-origin\" allowfullscreen><\/iframe>\n<\/div><\/figure>\n\n\n\n<p><strong>Fuente: <a href=\"https:\/\/losbonaerenses.com.ar\/\" data-type=\"link\" data-id=\"https:\/\/losbonaerenses.com.ar\/\">Los Bonaerenses<\/a><\/strong><\/p>\n","protected":false},"excerpt":{"rendered":"<p>La Polic\u00eda Bonaerense, logr\u00f3 la aprehensi\u00f3n de dos personas que fueron filmadas corriendo picadas en la playa, poniendo en riesgo a terceros y as\u00ed mismos. VILLA GESELLComisaria V. Gesell lFECHA: 21\/02\/2025 LUGAR: Zona Medanos \u201cLa Olla\u201d V.Gesell HECHO: Inf. Art. 193 Bis C.PINTERVINIENTE: UFI NRO 8 Gral. Madariaga.-DENUNCIANTE: PERSONAL POLICIAL APREHENDIDO:VOLPE JUAN ISMAEL, 22 A\u00d1OS,&hellip;<\/p>\n","protected":false},"author":1,"featured_media":136213,"comment_status":"open","ping_status":"open","sticky":false,"template":"","format":"standard","meta":{"footnotes":""},"categories":[22],"tags":[42799,42198,42609,44774,3481],"class_list":["post-136212","post","type-post","status-publish","format-standard","has-post-thumbnail","hentry","category-policiales","tag-jefe-de-policia-comisario-general-javier-carlos-villar","tag-los-bonaerenses","tag-noticias-policiales","tag-picadas-en-la-playa","tag-villa-gesell"],"_links":{"self":[{"href":"https:\/\/www.elsindical.com.ar\/notas\/wp-json\/wp\/v2\/posts\/136212","targetHints":{"allow":["GET"]}}],"collection":[{"href":"https:\/\/www.elsindical.com.ar\/notas\/wp-json\/wp\/v2\/posts"}],"about":[{"href":"https:\/\/www.elsindical.com.ar\/notas\/wp-json\/wp\/v2\/types\/post"}],"author":[{"embeddable":true,"href":"https:\/\/www.elsindical.com.ar\/notas\/wp-json\/wp\/v2\/users\/1"}],"replies":[{"embeddable":true,"href":"https:\/\/www.elsindical.com.ar\/notas\/wp-json\/wp\/v2\/comments?post=136212"}],"version-history":[{"count":1,"href":"https:\/\/www.elsindical.com.ar\/notas\/wp-json\/wp\/v2\/posts\/136212\/revisions"}],"predecessor-version":[{"id":136214,"href":"https:\/\/www.elsindical.com.ar\/notas\/wp-json\/wp\/v2\/posts\/136212\/revisions\/136214"}],"wp:featuredmedia":[{"embeddable":true,"href":"https:\/\/www.elsindical.com.ar\/notas\/wp-json\/wp\/v2\/media\/136213"}],"wp:attachment":[{"href":"https:\/\/www.elsindical.com.ar\/notas\/wp-json\/wp\/v2\/media?parent=136212"}],"wp:term":[{"taxonomy":"category","embeddable":true,"href":"https:\/\/www.elsindical.com.ar\/notas\/wp-json\/wp\/v2\/categories?post=136212"},{"taxonomy":"post_tag","embeddable":true,"href":"https:\/\/www.elsindical.com.ar\/notas\/wp-json\/wp\/v2\/tags?post=136212"}],"curies":[{"name":"wp","href":"https:\/\/api.w.org\/{rel}","templated":true}]}}