{"id":136035,"date":"2025-02-14T01:44:56","date_gmt":"2025-02-14T04:44:56","guid":{"rendered":"https:\/\/www.elsindical.com.ar\/notas\/?p=136035"},"modified":"2025-02-14T01:44:59","modified_gmt":"2025-02-14T04:44:59","slug":"aerolineas-argentinas-reporto-una-ganancia-operativa-por-primera-vez-desde-2008","status":"publish","type":"post","link":"https:\/\/www.elsindical.com.ar\/notas\/aerolineas-argentinas-reporto-una-ganancia-operativa-por-primera-vez-desde-2008\/","title":{"rendered":"Aerol\u00edneas Argentinas report\u00f3 una ganancia operativa por primera vez desde 2008"},"content":{"rendered":"\n<figure class=\"wp-block-image size-large\"><a href=\"https:\/\/www.elsindical.com.ar\/notas\/var\/www\/html\/notas\/wp-content\/uploads\/2024\/09\/Avion-Aerolineas-Argentinas-2.jpg\"><img loading=\"lazy\" decoding=\"async\" width=\"1024\" height=\"576\" src=\"https:\/\/www.elsindical.com.ar\/notas\/var\/www\/html\/notas\/wp-content\/uploads\/2024\/09\/Avion-Aerolineas-Argentinas-2-1024x576.jpg\" alt=\"\" class=\"wp-image-132676\" srcset=\"https:\/\/www.elsindical.com.ar\/notas\/var\/www\/html\/notas\/wp-content\/uploads\/2024\/09\/Avion-Aerolineas-Argentinas-2-1024x576.jpg 1024w, https:\/\/www.elsindical.com.ar\/notas\/var\/www\/html\/notas\/wp-content\/uploads\/2024\/09\/Avion-Aerolineas-Argentinas-2-300x169.jpg 300w, https:\/\/www.elsindical.com.ar\/notas\/var\/www\/html\/notas\/wp-content\/uploads\/2024\/09\/Avion-Aerolineas-Argentinas-2-768x432.jpg 768w, https:\/\/www.elsindical.com.ar\/notas\/var\/www\/html\/notas\/wp-content\/uploads\/2024\/09\/Avion-Aerolineas-Argentinas-2-500x281.jpg 500w, https:\/\/www.elsindical.com.ar\/notas\/var\/www\/html\/notas\/wp-content\/uploads\/2024\/09\/Avion-Aerolineas-Argentinas-2-460x260.jpg 460w, https:\/\/www.elsindical.com.ar\/notas\/var\/www\/html\/notas\/wp-content\/uploads\/2024\/09\/Avion-Aerolineas-Argentinas-2.jpg 1200w\" sizes=\"auto, (max-width: 1024px) 100vw, 1024px\" \/><\/a><\/figure>\n\n\n\n<p>Durante la reuni\u00f3n de accionistas de Aerol\u00edneas Argentinas, celebrada este jueves, se aprob\u00f3 el balance correspondiente al a\u00f1o 2023, el cual arroj\u00f3 una p\u00e9rdida neta de 200 millones de d\u00f3lares y un d\u00e9ficit operativo de 390 millones. Sin embargo, las autoridades de la compa\u00f1\u00eda presentaron un<strong> balance provisorio para 2024, a\u00fan pendiente de auditor\u00edas independientes, que revel\u00f3 una ganancia operativa de aproximadamente 20 millones de d\u00f3lares durante el a\u00f1o pasado.<\/strong><\/p>\n\n\n\n<p>De confirmarse este resultado, el aumento en el desempe\u00f1o operativo de la empresa ser\u00eda de unos 410 millones de d\u00f3lares en comparaci\u00f3n con el ejercicio anterior. <strong>Este dato cobra especial relevancia, ya que marcar\u00eda el primer super\u00e1vit operativo desde que la aerol\u00ednea fue estatizada en julio de 2008.<\/strong><\/p>\n\n\n\n<h2 class=\"wp-block-heading\"><strong>Recorte de destinos y reducci\u00f3n de personal: claves del resultado<\/strong><\/h2>\n\n\n\n<p>Fuentes internas de la empresa se\u00f1alaron que<strong> este in\u00e9dito resultado se logr\u00f3 tras implementar una serie de medidas estrat\u00e9gicas.<\/strong> Entre ellas, destacaron la decisi\u00f3n de suspender vuelos a varios destinos nacionales e internacionales, como Nueva York y La Habana, especialmente durante los meses de menor ocupaci\u00f3n y actividad tur\u00edstica. Esta medida permiti\u00f3 reducir costos operativos y optimizar la utilizaci\u00f3n de recursos.<\/p>\n\n\n\n<p>En esa l\u00ednea indicaron que <strong>la mejora en ese resultado \u201cse dio en la operaci\u00f3n misma<\/strong>, es decir que,&nbsp;por primera vez desde su estatizaci\u00f3n en 2008, Aerol\u00edneas Argentinas registr\u00f3 ingresos mayores a los costos requeridos para su operaci\u00f3n\u201d. La p\u00e9rdida operativa anual promedio desde que pas\u00f3 a manos del Estado fue de u$s400 millones.<\/p>\n\n\n\n<p>Adem\u00e1s, el Gobierno nacional destin\u00f3 subsidios del Tesoro a Aerol\u00edneas Argentinas para implementar un plan de retiros voluntarios y jubilaciones anticipadas. Este programa permiti\u00f3 reducir la planta de empleados en m\u00e1s de un 10%, pasando de 12.000 a 10.500 trabajadores. \u201c<strong>Ese ahorro fue muy importante\u201d, explicaron fuentes de la empresa, quienes tambi\u00e9n destacaron que \u201clos pasajes en pesos, con la apreciaci\u00f3n de la moneda local, ahora rinden m\u00e1s en d\u00f3lares\u201d.<\/strong><\/p>\n\n\n\n<p><strong>Impacto de la apreciaci\u00f3n del peso en los ingresos<\/strong><\/p>\n\n\n\n<p>La apreciaci\u00f3n del peso frente al d\u00f3lar tambi\u00e9n jug\u00f3 un papel clave en el mejor desempe\u00f1o financiero de la aerol\u00ednea. Al vender pasajes en pesos y luego convertirlos a d\u00f3lares, la compa\u00f1\u00eda logr\u00f3 incrementar sus ingresos en t\u00e9rminos de divisas. Este factor, sumado a las medidas de reducci\u00f3n de costos, contribuy\u00f3 a alcanzar un resultado operativo positivo despu\u00e9s de m\u00e1s de una d\u00e9cada.<\/p>\n","protected":false},"excerpt":{"rendered":"<p>Durante la reuni\u00f3n de accionistas de Aerol\u00edneas Argentinas, celebrada este jueves, se aprob\u00f3 el balance correspondiente al a\u00f1o 2023, el cual arroj\u00f3 una p\u00e9rdida neta de 200 millones de d\u00f3lares y un d\u00e9ficit operativo de 390 millones. Sin embargo, las autoridades de la compa\u00f1\u00eda presentaron un balance provisorio para 2024, a\u00fan pendiente de auditor\u00edas independientes,&hellip;<\/p>\n","protected":false},"author":1,"featured_media":132676,"comment_status":"open","ping_status":"open","sticky":false,"template":"","format":"standard","meta":{"footnotes":""},"categories":[28],"tags":[3051,2450,44709],"class_list":["post-136035","post","type-post","status-publish","format-standard","has-post-thumbnail","hentry","category-empresariales","tag-aerolineas-argentinas","tag-diario-el-sindical","tag-ganancia-operativa"],"_links":{"self":[{"href":"https:\/\/www.elsindical.com.ar\/notas\/wp-json\/wp\/v2\/posts\/136035","targetHints":{"allow":["GET"]}}],"collection":[{"href":"https:\/\/www.elsindical.com.ar\/notas\/wp-json\/wp\/v2\/posts"}],"about":[{"href":"https:\/\/www.elsindical.com.ar\/notas\/wp-json\/wp\/v2\/types\/post"}],"author":[{"embeddable":true,"href":"https:\/\/www.elsindical.com.ar\/notas\/wp-json\/wp\/v2\/users\/1"}],"replies":[{"embeddable":true,"href":"https:\/\/www.elsindical.com.ar\/notas\/wp-json\/wp\/v2\/comments?post=136035"}],"version-history":[{"count":1,"href":"https:\/\/www.elsindical.com.ar\/notas\/wp-json\/wp\/v2\/posts\/136035\/revisions"}],"predecessor-version":[{"id":136036,"href":"https:\/\/www.elsindical.com.ar\/notas\/wp-json\/wp\/v2\/posts\/136035\/revisions\/136036"}],"wp:featuredmedia":[{"embeddable":true,"href":"https:\/\/www.elsindical.com.ar\/notas\/wp-json\/wp\/v2\/media\/132676"}],"wp:attachment":[{"href":"https:\/\/www.elsindical.com.ar\/notas\/wp-json\/wp\/v2\/media?parent=136035"}],"wp:term":[{"taxonomy":"category","embeddable":true,"href":"https:\/\/www.elsindical.com.ar\/notas\/wp-json\/wp\/v2\/categories?post=136035"},{"taxonomy":"post_tag","embeddable":true,"href":"https:\/\/www.elsindical.com.ar\/notas\/wp-json\/wp\/v2\/tags?post=136035"}],"curies":[{"name":"wp","href":"https:\/\/api.w.org\/{rel}","templated":true}]}}