{"id":135970,"date":"2025-02-11T08:16:44","date_gmt":"2025-02-11T11:16:44","guid":{"rendered":"https:\/\/www.elsindical.com.ar\/notas\/?p=135970"},"modified":"2025-02-11T08:40:13","modified_gmt":"2025-02-11T11:40:13","slug":"flavia-florencia-cuenca-fallecio-la-mujer-baleada-por-su-ex-pareja-y-suma-un-nuevo-femicidio","status":"publish","type":"post","link":"https:\/\/www.elsindical.com.ar\/notas\/flavia-florencia-cuenca-fallecio-la-mujer-baleada-por-su-ex-pareja-y-suma-un-nuevo-femicidio\/","title":{"rendered":"Flavia Florencia Cuenca, falleci\u00f3 la mujer baleada por su ex pareja y suma un nuevo femicidio"},"content":{"rendered":"\n<figure class=\"wp-block-image size-full\"><a href=\"https:\/\/www.elsindical.com.ar\/notas\/var\/www\/html\/notas\/wp-content\/uploads\/2025\/02\/Flavia-Florencia-Cuenca.jpeg\"><img loading=\"lazy\" decoding=\"async\" width=\"800\" height=\"800\" src=\"https:\/\/www.elsindical.com.ar\/notas\/var\/www\/html\/notas\/wp-content\/uploads\/2025\/02\/Flavia-Florencia-Cuenca.jpeg\" alt=\"\" class=\"wp-image-135972\" srcset=\"https:\/\/www.elsindical.com.ar\/notas\/var\/www\/html\/notas\/wp-content\/uploads\/2025\/02\/Flavia-Florencia-Cuenca.jpeg 800w, https:\/\/www.elsindical.com.ar\/notas\/var\/www\/html\/notas\/wp-content\/uploads\/2025\/02\/Flavia-Florencia-Cuenca-300x300.jpeg 300w, https:\/\/www.elsindical.com.ar\/notas\/var\/www\/html\/notas\/wp-content\/uploads\/2025\/02\/Flavia-Florencia-Cuenca-150x150.jpeg 150w, https:\/\/www.elsindical.com.ar\/notas\/var\/www\/html\/notas\/wp-content\/uploads\/2025\/02\/Flavia-Florencia-Cuenca-768x768.jpeg 768w, https:\/\/www.elsindical.com.ar\/notas\/var\/www\/html\/notas\/wp-content\/uploads\/2025\/02\/Flavia-Florencia-Cuenca-50x50.jpeg 50w\" sizes=\"auto, (max-width: 800px) 100vw, 800px\" \/><\/a><\/figure>\n\n\n\n<p>   Flor Cuenca, de 32 a\u00f1os de edad, <strong>falleci\u00f3 el pasado martes luego de dos meses de agon\u00eda tras recibir seis disparos en distintas partes del cuerpo, <\/strong>por parte de <strong>Eduardo Jes\u00fas Belmonte Marrero<\/strong>, u<strong>n venezolano residente en Argentina, quien fue pareja de la ahora occisa.<\/strong><\/p>\n\n\n\n<p>El hecho ocurri\u00f3 en San Mart\u00edn, provincia de Buenos Aires, donde tambi\u00e9n <strong>le propin\u00f3 8 tiros a <strong>Yhonny Alberto Peralta Barreto<\/strong>,  de 28 a\u00f1os quien era novio de la chica para el momento y falleci\u00f3 en el instante,<\/strong> por lo que Belmonte Marrero ahora ser\u00e1 acusado de <strong>doble homicidio.<\/strong> \u00c9l se mantiene tras las rejas con algunos beneficios como el uso del celular, seg\u00fan informaron allegados a Flor, quienes explicaron que<strong> hay posibilidad que lo deporten.<\/strong><\/p>\n\n\n\n<p>La joven asesinada es recordada en redes sociales donde ella participaba activamente y el reclamo de justicia es fuerte.<\/p>\n\n\n<div class=\"wp-block-image\">\n<figure class=\"aligncenter size-full\"><a href=\"https:\/\/www.elsindical.com.ar\/notas\/var\/www\/html\/notas\/wp-content\/uploads\/2025\/02\/Eduardo-Jesus-Belmonte-Marrero.jpg\"><img loading=\"lazy\" decoding=\"async\" width=\"750\" height=\"750\" src=\"https:\/\/www.elsindical.com.ar\/notas\/var\/www\/html\/notas\/wp-content\/uploads\/2025\/02\/Eduardo-Jesus-Belmonte-Marrero.jpg\" alt=\"\" class=\"wp-image-135971\" srcset=\"https:\/\/www.elsindical.com.ar\/notas\/var\/www\/html\/notas\/wp-content\/uploads\/2025\/02\/Eduardo-Jesus-Belmonte-Marrero.jpg 750w, https:\/\/www.elsindical.com.ar\/notas\/var\/www\/html\/notas\/wp-content\/uploads\/2025\/02\/Eduardo-Jesus-Belmonte-Marrero-300x300.jpg 300w, https:\/\/www.elsindical.com.ar\/notas\/var\/www\/html\/notas\/wp-content\/uploads\/2025\/02\/Eduardo-Jesus-Belmonte-Marrero-150x150.jpg 150w, https:\/\/www.elsindical.com.ar\/notas\/var\/www\/html\/notas\/wp-content\/uploads\/2025\/02\/Eduardo-Jesus-Belmonte-Marrero-50x50.jpg 50w\" sizes=\"auto, (max-width: 750px) 100vw, 750px\" \/><\/a><\/figure>\n<\/div>\n\n\n<p>Como se recordar\u00e1, al venezolano de 32 a\u00f1os de edad<strong>, lo capturaron los polic\u00edas, cuando intentaba darse a la fuga en autob\u00fas desde Retiro hasta Salta, en el norte de Argentina y frontera con Bolivia.<\/strong><\/p>\n\n\n\n<p>Los hechos comenzaron durante la madrugada del domingo, cuando la pareja se hallaba en una finca situada en calle <strong>De Los Para\u00edsos al 6500<\/strong>, casi en el cruce con De Los Gladiolos, oportunidad en la que el sospechoso ingres\u00f3 al lugar y empez\u00f3 a efectuar disparos, para de inmediato huir velozmente.<\/p>\n\n\n\n<p>Trascendi\u00f3 que los integrantes del Comando Patrulla (C.P.), al ser alertados por un llamado que se recibi\u00f3 en el n\u00famero telef\u00f3nico de emergencias 911, arribaron al lugar del episodio, ocasi\u00f3n en la que hallaron el cad\u00e1ver de Peralta Barreto tendido en el primer piso del inmueble.<\/p>\n\n\n\n<p>Cuenca, quien yac\u00eda herida, tuvo que ser trasladada, de manera urgente, hasta el Hospital Zonal General de Agudos Doctor Carlos Bocalandro, donde los m\u00e9dicos del establecimiento certificaron que ten\u00eda impactos de arma de fuego en las piernas, en una mano y en el est\u00f3mago, lo que provoc\u00f3 que debiera ser operada por los facultativos. Peritos de la delegaci\u00f3n local de la Polic\u00eda Cient\u00edfica, al ser convocados por las autoridades de la Justicia, revisaron posteriormente al occiso y lograron determinar que presentaba ocho balazos; e incautaron vainas de una pistola calibre 40.<\/p>\n\n\n\n<p>Horas despu\u00e9s, los servidores p\u00fablicos de la Direcci\u00f3n Departamental de Investigaciones (D.D.I.) de dicho distrito, con las directivas que les imparti\u00f3 la doctora <strong>Marcela Edith Costa<\/strong>, fiscal de la Unidad Funcional N\u00b0 6 de los tribunales de la jurisdicci\u00f3n, apresaron al atacante, de 32 a\u00f1os y tambi\u00e9n de origen venezolano, al interceptarlo en la terminal de micros del barrio capitalino de Retiro y justo en momentos en los que se dispon\u00eda a ascender a un \u00f3mnibus de larga distancia, con la idea de viajar a territorio salte\u00f1o.<\/p>\n\n\n\n<figure class=\"wp-block-embed is-type-video is-provider-youtube wp-block-embed-youtube wp-embed-aspect-16-9 wp-has-aspect-ratio\"><div class=\"wp-block-embed__wrapper\">\n<iframe loading=\"lazy\" title=\"Flavia Florencia Cuenca otra v\u00edctima de femicidio\" width=\"700\" height=\"394\" src=\"https:\/\/www.youtube.com\/embed\/6pAK7hvo71Q?feature=oembed\" frameborder=\"0\" allow=\"accelerometer; autoplay; clipboard-write; encrypted-media; gyroscope; picture-in-picture; web-share\" referrerpolicy=\"strict-origin-when-cross-origin\" allowfullscreen><\/iframe>\n<\/div><\/figure>\n","protected":false},"excerpt":{"rendered":"<p>Flor Cuenca, de 32 a\u00f1os de edad, falleci\u00f3 el pasado martes luego de dos meses de agon\u00eda tras recibir seis disparos en distintas partes del cuerpo, por parte de Eduardo Jes\u00fas Belmonte Marrero, un venezolano residente en Argentina, quien fue pareja de la ahora occisa. El hecho ocurri\u00f3 en San Mart\u00edn, provincia de Buenos Aires,&hellip;<\/p>\n","protected":false},"author":1,"featured_media":135972,"comment_status":"open","ping_status":"open","sticky":false,"template":"","format":"standard","meta":{"footnotes":""},"categories":[22,25],"tags":[2450,44684,9890,44686,820,12688,44685],"class_list":["post-135970","post","type-post","status-publish","format-standard","has-post-thumbnail","hentry","category-policiales","category-sociedad","tag-diario-el-sindical","tag-eduardo-jesus-belmonte-marrero","tag-femicidio","tag-flavia-florencia-cuenca","tag-san-martin","tag-venezolano","tag-yhonny-alberto-peralta-barreto"],"_links":{"self":[{"href":"https:\/\/www.elsindical.com.ar\/notas\/wp-json\/wp\/v2\/posts\/135970","targetHints":{"allow":["GET"]}}],"collection":[{"href":"https:\/\/www.elsindical.com.ar\/notas\/wp-json\/wp\/v2\/posts"}],"about":[{"href":"https:\/\/www.elsindical.com.ar\/notas\/wp-json\/wp\/v2\/types\/post"}],"author":[{"embeddable":true,"href":"https:\/\/www.elsindical.com.ar\/notas\/wp-json\/wp\/v2\/users\/1"}],"replies":[{"embeddable":true,"href":"https:\/\/www.elsindical.com.ar\/notas\/wp-json\/wp\/v2\/comments?post=135970"}],"version-history":[{"count":2,"href":"https:\/\/www.elsindical.com.ar\/notas\/wp-json\/wp\/v2\/posts\/135970\/revisions"}],"predecessor-version":[{"id":135974,"href":"https:\/\/www.elsindical.com.ar\/notas\/wp-json\/wp\/v2\/posts\/135970\/revisions\/135974"}],"wp:featuredmedia":[{"embeddable":true,"href":"https:\/\/www.elsindical.com.ar\/notas\/wp-json\/wp\/v2\/media\/135972"}],"wp:attachment":[{"href":"https:\/\/www.elsindical.com.ar\/notas\/wp-json\/wp\/v2\/media?parent=135970"}],"wp:term":[{"taxonomy":"category","embeddable":true,"href":"https:\/\/www.elsindical.com.ar\/notas\/wp-json\/wp\/v2\/categories?post=135970"},{"taxonomy":"post_tag","embeddable":true,"href":"https:\/\/www.elsindical.com.ar\/notas\/wp-json\/wp\/v2\/tags?post=135970"}],"curies":[{"name":"wp","href":"https:\/\/api.w.org\/{rel}","templated":true}]}}