{"id":135964,"date":"2025-02-11T07:33:03","date_gmt":"2025-02-11T10:33:03","guid":{"rendered":"https:\/\/www.elsindical.com.ar\/notas\/?p=135964"},"modified":"2025-02-11T07:33:08","modified_gmt":"2025-02-11T10:33:08","slug":"quilmes-asesinaron-a-un-hombre-a-balazos-en-la-puerta-de-un-restaurante","status":"publish","type":"post","link":"https:\/\/www.elsindical.com.ar\/notas\/quilmes-asesinaron-a-un-hombre-a-balazos-en-la-puerta-de-un-restaurante\/","title":{"rendered":"Quilmes: Asesinaron a un hombre a balazos en la puerta de un restaurante"},"content":{"rendered":"<div class=\"wp-block-image\">\n<figure class=\"aligncenter size-full is-resized\"><a href=\"https:\/\/www.elsindical.com.ar\/notas\/var\/www\/html\/notas\/wp-content\/uploads\/2025\/02\/Malbet-Bar.jpg\"><img loading=\"lazy\" decoding=\"async\" width=\"700\" height=\"390\" src=\"https:\/\/www.elsindical.com.ar\/notas\/var\/www\/html\/notas\/wp-content\/uploads\/2025\/02\/Malbet-Bar.jpg\" alt=\"\" class=\"wp-image-135965\" style=\"width:756px;height:auto\" srcset=\"https:\/\/www.elsindical.com.ar\/notas\/var\/www\/html\/notas\/wp-content\/uploads\/2025\/02\/Malbet-Bar.jpg 700w, https:\/\/www.elsindical.com.ar\/notas\/var\/www\/html\/notas\/wp-content\/uploads\/2025\/02\/Malbet-Bar-300x167.jpg 300w\" sizes=\"auto, (max-width: 700px) 100vw, 700px\" \/><\/a><\/figure>\n<\/div>\n\n\n<p>La v\u00edctima ten\u00eda 57 a\u00f1os y sal\u00eda junto a su familia cuando fue atacado por un grupo de personas. La polic\u00eda investiga una disputa previa. Un nuevo crimen que se suma a la ola de inseguridad en la que viven los vecinos mientras desde la intendencia de Mayra Mendoza siguen sin reaccionar.<\/p>\n\n\n\n<p>Un hombre de 57 a\u00f1os fue <strong>asesinado a balazos <\/strong>este domingo por la noche en la puerta de un restaurante ubicado en el partido bonaerense de Quilmes.<\/p>\n\n\n\n<p>La v\u00edctima fue identificada como <strong>Daniel Silva<\/strong> y fue atacada a balazos cuando sal\u00eda de comer junto a su familia en el local conocido como <strong>Malbet Bar <\/strong>ubicado sobre la avenida Cervantes al 167, en plena zona de la ribera quilme\u00f1a.<\/p>\n\n\n\n<p>Fuentes policiales detallaron que la v\u00edctima hab\u00eda<strong> mantenido una discusi\u00f3n con varios hombres <\/strong>dentro del restaurante y que, cuando sali\u00f3 del lugar, le dispararon a quemarropa.<\/p>\n\n\n\n<p>El hombre de 57 a\u00f1os fue trasladado de urgencia al <strong>Hospital Zonal General de Agudos Doctor Isodoro Iriarte <\/strong>de Quilmes, donde tuvo que ser intervenido de emergencia por los m\u00e9dicos.<\/p>\n\n\n\n<p>Unas horas despu\u00e9s <strong>se confirm\u00f3 su fallecimiento<\/strong>, a causa de las graves heridas que le provocaron los bolazos. Seg\u00fan el informe de los peritos, Silva recibi\u00f3 varios impactos de bala en el <strong>antebrazo izquierdo <\/strong>y en el <strong>est\u00f3mago<\/strong>.<\/p>\n\n\n\n<p>El fiscal <strong>Jorge Saizar, <\/strong>a cargo de la Unidad Funcional N\u00b05 de Quilmes, intervino en la causa y la caratul\u00f3 como \u201c<strong>Homicidio agravado\u201d<\/strong>.Adem\u00e1s, pidi\u00f3 una serie de medidas preventivas para avanzar r\u00e1pidamente con la investigaci\u00f3n.<\/p>\n\n\n\n<p>Mientras el hombre era atendido en el centro de salud quilme\u00f1o, efectivos de la Comisar\u00eda 1\u00b0 de Quilmes del Comando de Patrullas del distrito <strong>realizaron tareas de investigaci\u00f3n <\/strong>para tratar de dar con el paradero de los asesinos.<\/p>\n\n\n\n<p>Durante el transcurso del lunes, <strong>un hombre de 36 a\u00f1os fue detenido <\/strong>acusado de haber participado en el crimen de Daniel Silva. El resto de los sospechosos a\u00fan no han sido identificados.<\/p>\n","protected":false},"excerpt":{"rendered":"<p>La v\u00edctima ten\u00eda 57 a\u00f1os y sal\u00eda junto a su familia cuando fue atacado por un grupo de personas. La polic\u00eda investiga una disputa previa. Un nuevo crimen que se suma a la ola de inseguridad en la que viven los vecinos mientras desde la intendencia de Mayra Mendoza siguen sin reaccionar. Un hombre de&hellip;<\/p>\n","protected":false},"author":1,"featured_media":135965,"comment_status":"open","ping_status":"open","sticky":false,"template":"","format":"standard","meta":{"footnotes":""},"categories":[22],"tags":[44681,2450,2329,984,44682,31234,16396,684,34068],"class_list":["post-135964","post","type-post","status-publish","format-standard","has-post-thumbnail","hentry","category-policiales","tag-daniel-silva","tag-diario-el-sindical","tag-homicidio","tag-inseguridad","tag-malbet-bar","tag-mayra-mendoza","tag-pba","tag-quilmes","tag-ribera-de-quilmes"],"_links":{"self":[{"href":"https:\/\/www.elsindical.com.ar\/notas\/wp-json\/wp\/v2\/posts\/135964","targetHints":{"allow":["GET"]}}],"collection":[{"href":"https:\/\/www.elsindical.com.ar\/notas\/wp-json\/wp\/v2\/posts"}],"about":[{"href":"https:\/\/www.elsindical.com.ar\/notas\/wp-json\/wp\/v2\/types\/post"}],"author":[{"embeddable":true,"href":"https:\/\/www.elsindical.com.ar\/notas\/wp-json\/wp\/v2\/users\/1"}],"replies":[{"embeddable":true,"href":"https:\/\/www.elsindical.com.ar\/notas\/wp-json\/wp\/v2\/comments?post=135964"}],"version-history":[{"count":1,"href":"https:\/\/www.elsindical.com.ar\/notas\/wp-json\/wp\/v2\/posts\/135964\/revisions"}],"predecessor-version":[{"id":135966,"href":"https:\/\/www.elsindical.com.ar\/notas\/wp-json\/wp\/v2\/posts\/135964\/revisions\/135966"}],"wp:featuredmedia":[{"embeddable":true,"href":"https:\/\/www.elsindical.com.ar\/notas\/wp-json\/wp\/v2\/media\/135965"}],"wp:attachment":[{"href":"https:\/\/www.elsindical.com.ar\/notas\/wp-json\/wp\/v2\/media?parent=135964"}],"wp:term":[{"taxonomy":"category","embeddable":true,"href":"https:\/\/www.elsindical.com.ar\/notas\/wp-json\/wp\/v2\/categories?post=135964"},{"taxonomy":"post_tag","embeddable":true,"href":"https:\/\/www.elsindical.com.ar\/notas\/wp-json\/wp\/v2\/tags?post=135964"}],"curies":[{"name":"wp","href":"https:\/\/api.w.org\/{rel}","templated":true}]}}