{"id":135948,"date":"2025-02-10T18:54:11","date_gmt":"2025-02-10T21:54:11","guid":{"rendered":"https:\/\/www.elsindical.com.ar\/notas\/?p=135948"},"modified":"2025-02-10T18:55:50","modified_gmt":"2025-02-10T21:55:50","slug":"una-familia-bonaerense-tipo-necesita-287-000-para-empezar-las-clases","status":"publish","type":"post","link":"https:\/\/www.elsindical.com.ar\/notas\/una-familia-bonaerense-tipo-necesita-287-000-para-empezar-las-clases\/","title":{"rendered":"Una familia bonaerense tipo necesita $287.000 para empezar las clases"},"content":{"rendered":"\n<figure class=\"wp-block-image size-large\"><a href=\"https:\/\/www.elsindical.com.ar\/notas\/var\/www\/html\/notas\/wp-content\/uploads\/2024\/02\/utiles-escolares.jpg\"><img loading=\"lazy\" decoding=\"async\" width=\"1024\" height=\"512\" src=\"https:\/\/www.elsindical.com.ar\/notas\/var\/www\/html\/notas\/wp-content\/uploads\/2024\/02\/utiles-escolares-1024x512.jpg\" alt=\"\" class=\"wp-image-128497\" srcset=\"https:\/\/www.elsindical.com.ar\/notas\/var\/www\/html\/notas\/wp-content\/uploads\/2024\/02\/utiles-escolares-1024x512.jpg 1024w, https:\/\/www.elsindical.com.ar\/notas\/var\/www\/html\/notas\/wp-content\/uploads\/2024\/02\/utiles-escolares-300x150.jpg 300w, https:\/\/www.elsindical.com.ar\/notas\/var\/www\/html\/notas\/wp-content\/uploads\/2024\/02\/utiles-escolares-768x384.jpg 768w, https:\/\/www.elsindical.com.ar\/notas\/var\/www\/html\/notas\/wp-content\/uploads\/2024\/02\/utiles-escolares-500x250.jpg 500w, https:\/\/www.elsindical.com.ar\/notas\/var\/www\/html\/notas\/wp-content\/uploads\/2024\/02\/utiles-escolares.jpg 1200w\" sizes=\"auto, (max-width: 1024px) 100vw, 1024px\" \/><\/a><\/figure>\n\n\n\n<p class=\"wp-block-paragraph\">Un estudio de la Defensor\u00eda del Pueblo de la provincia de Buenos Aire revel\u00f3 que <strong>una familia tipo con dos hijos en edad escolar necesitar\u00e1 alrededor de $287.000 para afrontar el inicio del ciclo lectivo<\/strong>. Este monto contempla la compra de mochilas, cartucheras, guardapolvos, joggings, zapatillas y \u00fatiles b\u00e1sicos, sin incluir textos escolares, cuyo valor puede incrementar a\u00fan m\u00e1s el gasto total.<\/p>\n\n\n\n<p class=\"wp-block-paragraph\">El informe destaca que <strong>la canasta de \u00fatiles escolares sufri\u00f3 un incremento interanual del 26%. <\/strong>En particular, algunos art\u00edculos de librer\u00eda experimentaron alzas notorias, como la goma para tinta\/l\u00e1piz, que registr\u00f3 un aumento del 288,02%, el papel glac\u00e9 con un 102,79% y el repuesto de 96 hojas de primera calidad Rivadavia, que subi\u00f3 un 76,80%.<\/p>\n\n\n\n<p class=\"wp-block-paragraph\">Otros productos tambi\u00e9n mostraron un alza de precio, como el <strong>cuaderno universitario de 80 hojas (35,48%), <\/strong>la carpeta para dibujo con cord\u00f3n (36,82%) y el sacapuntas de pl\u00e1stico econ\u00f3mico (37,13%).<\/p>\n\n\n\n<p class=\"wp-block-paragraph\">En lo que respecta a la indumentaria escolar, el informe se\u00f1ala que <strong>un guardapolvo de primera marca talle 10 puede encontrarse en un rango de precios que va desde los $12.900 hasta los $17.000<\/strong>.<\/p>\n\n\n\n<p class=\"wp-block-paragraph\">Por su parte, el costo de <strong>una mochila equipada con \u00fatiles b\u00e1sicos asciende a aproximadamente $66.340,74<\/strong>. Sin embargo, a diferencia de los \u00fatiles escolares, los precios de las zapatillas deportivas escolares y de la indumentaria escolar en general no presentaron aumentos significativos en comparaci\u00f3n con el a\u00f1o anterior.<\/p>\n\n\n\n<p class=\"wp-block-paragraph\">\u201cEsta informaci\u00f3n permite brindar un panorama claro sobre los costos que deber\u00e1n afrontar las familias bonaerenses en el comienzo del nuevo ciclo lectivo, al tiempo que <strong>reafirma la necesidad de implementar estrategias de ahorro y planificaci\u00f3n para garantizar que los ni\u00f1os y ni\u00f1as cuenten con los materiales necesarios <\/strong>para su educaci\u00f3n sin generar un desbalance en la econom\u00eda del hogar\u201d, explic\u00f3 Marcela Escudero, responsable del \u00e1rea de Asuntos Econ\u00f3micos de la Defensor\u00eda.<\/p>\n\n\n\n<p class=\"wp-block-paragraph\">Ante esta situaci\u00f3n, la <strong>Defensor\u00eda del Pueblo recomend\u00f3 a las familias tomar medidas para reducir el impacto econ\u00f3mico del inicio de clases<\/strong>. Entre las principales estrategias sugeridas se encuentran la comparaci\u00f3n de precios entre distintos comercios, la reutilizaci\u00f3n de \u00fatiles en buen estado y la promoci\u00f3n del cuidado de los materiales escolares.<\/p>\n\n\n\n<p class=\"wp-block-paragraph\">El estudio, realizado durante febrero de este a\u00f1o, se bas\u00f3 en un <strong>relevamiento detallado de precios de 35 productos en supermercados y comercios especializados <\/strong>de la provincia de Buenos Aires<\/p>\n","protected":false},"excerpt":{"rendered":"<p>Un estudio de la Defensor\u00eda del Pueblo de la provincia de Buenos Aire revel\u00f3 que una familia tipo con dos hijos en edad escolar necesitar\u00e1 alrededor de $287.000 para afrontar el inicio del ciclo lectivo. Este monto contempla la compra de mochilas, cartucheras, guardapolvos, joggings, zapatillas y \u00fatiles b\u00e1sicos, sin incluir textos escolares, cuyo valor&hellip;<\/p>\n","protected":false},"author":1,"featured_media":128497,"comment_status":"open","ping_status":"open","sticky":false,"template":"","format":"standard","meta":{"footnotes":""},"categories":[9],"tags":[25247,2450,22023,44676],"class_list":["post-135948","post","type-post","status-publish","format-standard","has-post-thumbnail","hentry","category-economia","tag-canasta-escolar","tag-diario-el-sindical","tag-economia","tag-familia-bonaerense"],"_links":{"self":[{"href":"https:\/\/www.elsindical.com.ar\/notas\/wp-json\/wp\/v2\/posts\/135948","targetHints":{"allow":["GET"]}}],"collection":[{"href":"https:\/\/www.elsindical.com.ar\/notas\/wp-json\/wp\/v2\/posts"}],"about":[{"href":"https:\/\/www.elsindical.com.ar\/notas\/wp-json\/wp\/v2\/types\/post"}],"author":[{"embeddable":true,"href":"https:\/\/www.elsindical.com.ar\/notas\/wp-json\/wp\/v2\/users\/1"}],"replies":[{"embeddable":true,"href":"https:\/\/www.elsindical.com.ar\/notas\/wp-json\/wp\/v2\/comments?post=135948"}],"version-history":[{"count":2,"href":"https:\/\/www.elsindical.com.ar\/notas\/wp-json\/wp\/v2\/posts\/135948\/revisions"}],"predecessor-version":[{"id":135950,"href":"https:\/\/www.elsindical.com.ar\/notas\/wp-json\/wp\/v2\/posts\/135948\/revisions\/135950"}],"wp:featuredmedia":[{"embeddable":true,"href":"https:\/\/www.elsindical.com.ar\/notas\/wp-json\/wp\/v2\/media\/128497"}],"wp:attachment":[{"href":"https:\/\/www.elsindical.com.ar\/notas\/wp-json\/wp\/v2\/media?parent=135948"}],"wp:term":[{"taxonomy":"category","embeddable":true,"href":"https:\/\/www.elsindical.com.ar\/notas\/wp-json\/wp\/v2\/categories?post=135948"},{"taxonomy":"post_tag","embeddable":true,"href":"https:\/\/www.elsindical.com.ar\/notas\/wp-json\/wp\/v2\/tags?post=135948"}],"curies":[{"name":"wp","href":"https:\/\/api.w.org\/{rel}","templated":true}]}}