{"id":135942,"date":"2025-02-10T11:59:11","date_gmt":"2025-02-10T14:59:11","guid":{"rendered":"https:\/\/www.elsindical.com.ar\/notas\/?p=135942"},"modified":"2025-02-10T11:59:17","modified_gmt":"2025-02-10T14:59:17","slug":"anses-anuncio-cambios-en-las-becas-progresar-quienes-dejaran-de-cobrar-el-beneficio-en-febrero-de-2025","status":"publish","type":"post","link":"https:\/\/www.elsindical.com.ar\/notas\/anses-anuncio-cambios-en-las-becas-progresar-quienes-dejaran-de-cobrar-el-beneficio-en-febrero-de-2025\/","title":{"rendered":"ANSES anunci\u00f3 cambios en las Becas Progresar: qui\u00e9nes dejar\u00e1n de cobrar el beneficio en febrero de 2025"},"content":{"rendered":"<div class=\"wp-block-image\">\n<figure class=\"aligncenter size-full\"><a href=\"https:\/\/www.elsindical.com.ar\/notas\/var\/www\/html\/notas\/wp-content\/uploads\/2025\/02\/ANSES-Progresar.jpg\"><img loading=\"lazy\" decoding=\"async\" width=\"1023\" height=\"552\" src=\"https:\/\/www.elsindical.com.ar\/notas\/var\/www\/html\/notas\/wp-content\/uploads\/2025\/02\/ANSES-Progresar.jpg\" alt=\"\" class=\"wp-image-135943\" srcset=\"https:\/\/www.elsindical.com.ar\/notas\/var\/www\/html\/notas\/wp-content\/uploads\/2025\/02\/ANSES-Progresar.jpg 1023w, https:\/\/www.elsindical.com.ar\/notas\/var\/www\/html\/notas\/wp-content\/uploads\/2025\/02\/ANSES-Progresar-300x162.jpg 300w, https:\/\/www.elsindical.com.ar\/notas\/var\/www\/html\/notas\/wp-content\/uploads\/2025\/02\/ANSES-Progresar-768x414.jpg 768w\" sizes=\"auto, (max-width: 1023px) 100vw, 1023px\" \/><\/a><\/figure>\n<\/div>\n\n\n<p class=\"wp-block-paragraph\">La medida busca garantizar que el programa contin\u00fae apoyando a quienes demuestren compromiso con su formaci\u00f3n acad\u00e9mica. Los detalles.<\/p>\n\n\n\n<p class=\"wp-block-paragraph\">La <strong>Administraci\u00f3n Nacional de Seguridad Social (ANSES)<\/strong> confirm\u00f3 que a partir de<strong> febrero de 2025<\/strong>, un grupo de beneficiarios <strong>dejar\u00e1 de percibir los pagos<\/strong> del <strong>Programa de Respaldo a Estudiantes de Argentina (Progresar)<\/strong>.<\/p>\n\n\n\n<p class=\"wp-block-paragraph\">La medida responde a la necesidad de garantizar que el programa cumpla su objetivo de <strong>apoyar la continuidad educativa de los j\u00f3venes<\/strong> en situaci\u00f3n de vulnerabilidad.<\/p>\n\n\n\n<p class=\"wp-block-paragraph\">Las <strong>Becas Progresar <\/strong>no solo ofrecen un respaldo econ\u00f3mico, sino que tambi\u00e9n incluyen actividades formativas a trav\u00e9s de los <strong>Espacios Progresar<\/strong>, donde los estudiantes pueden acceder a capacitaciones y tutor\u00edas. Sin embargo, aquellos que pierdan el beneficio por no cumplir con los requisitos de regularidad escolar podr\u00e1n presentar un <strong>reclamo<\/strong> ante las autoridades competentes.<\/p>\n\n\n\n<h2 class=\"wp-block-heading\">Qui\u00e9nes ser\u00e1n dados de baja del programa<\/h2>\n\n\n\n<p class=\"wp-block-paragraph\">De acuerdo con lo informado por el Gobierno, <strong>ANSES suspender\u00e1 los pagos<\/strong> a los beneficiarios que <strong>no cumplan con la aprobaci\u00f3n del 50% de las materias correspondientes<\/strong> y que <strong>no acrediten su regularidad acad\u00e9mica<\/strong>. Esta exigencia forma parte del reglamento vigente del programa.<\/p>\n\n\n\n<p class=\"wp-block-paragraph\">Otros requisitos que deben mantenerse para conservar el beneficio incluyen la<strong> nacionalidad argentina<\/strong> (nativos o naturalizados) y, en el caso de las becas para educaci\u00f3n superior, estar <strong>matriculados en universidades nacionales o provinciales<\/strong>,<strong> institutos universitarios<\/strong>, de <strong>educaci\u00f3n t\u00e9cnica superior<\/strong> o de <strong>formaci\u00f3n docente<\/strong> de gesti\u00f3n estatal.<\/p>\n\n\n\n<h2 class=\"wp-block-heading\">\u00bfQu\u00e9 es el programa Progresar?<\/h2>\n\n\n\n<p class=\"wp-block-paragraph\">El programa, impulsado por el <strong>Ministerio de Capital Humano<\/strong>, tiene como finalidad facilitar el acceso y permanencia en el sistema educativo, ofreciendo tres tipos de becas seg\u00fan el nivel de estudios:<\/p>\n\n\n\n<ul class=\"wp-block-list\">\n<li><strong>Progresar Nivel Obligatorio:<\/strong> destinado a quienes buscan finalizar la educaci\u00f3n primaria o secundaria. Incluye una subl\u00ednea para j\u00f3venes de 16 y 17 a\u00f1os, quienes deben completar un Curso de Orientaci\u00f3n Vocacional y Laboral.<\/li>\n\n\n\n<li><strong>Progresar Nivel Superior: <\/strong>dirigido a estudiantes que cursan carreras terciarias o universitarias.<\/li>\n\n\n\n<li><strong>Progresar Trabajo: <\/strong>enfocado en quienes opten por formaci\u00f3n en oficios y capacitaci\u00f3n profesional.<\/li>\n<\/ul>\n\n\n\n<h2 class=\"wp-block-heading\">Requisitos: qui\u00e9nes pueden acceder a las becas<\/h2>\n\n\n\n<p class=\"wp-block-paragraph\">El programa est\u00e1 disponible para<strong> j\u00f3venes de entre 16 y 24 a\u00f1os<\/strong>, aunque en algunos casos espec\u00edficos no hay l\u00edmite de edad. Para acceder, los solicitantes deben cumplir con ciertos requisitos, entre ellos, que el<strong> ingreso total<\/strong> del estudiante y su grupo familiar <strong>no supere tres Salarios M\u00ednimos, Vitales y M\u00f3viles (SMVM)<\/strong>.<\/p>\n\n\n\n<p class=\"wp-block-paragraph\">Una excepci\u00f3n aplica para aquellos que reciben una <strong>pensi\u00f3n no contributiva por invalidez<\/strong> en el marco del art\u00edculo 9 de la Ley 13.478.&nbsp;Estos cambios en las Becas Progresar buscan fortalecer la educaci\u00f3n y asegurar que los recursos sean destinados a quienes demuestren compromiso con su formaci\u00f3n acad\u00e9mica.<\/p>\n\n\n\n<p class=\"wp-block-paragraph\"><\/p>\n","protected":false},"excerpt":{"rendered":"<p>La medida busca garantizar que el programa contin\u00fae apoyando a quienes demuestren compromiso con su formaci\u00f3n acad\u00e9mica. Los detalles. La Administraci\u00f3n Nacional de Seguridad Social (ANSES) confirm\u00f3 que a partir de febrero de 2025, un grupo de beneficiarios dejar\u00e1 de percibir los pagos del Programa de Respaldo a Estudiantes de Argentina (Progresar). La medida responde&hellip;<\/p>\n","protected":false},"author":1,"featured_media":135943,"comment_status":"open","ping_status":"open","sticky":false,"template":"","format":"standard","meta":{"footnotes":""},"categories":[9],"tags":[80,39176,2450,42202],"class_list":["post-135942","post","type-post","status-publish","format-standard","has-post-thumbnail","hentry","category-economia","tag-anses","tag-becas-progresar","tag-diario-el-sindical","tag-ministerio-de-capital-humano"],"_links":{"self":[{"href":"https:\/\/www.elsindical.com.ar\/notas\/wp-json\/wp\/v2\/posts\/135942","targetHints":{"allow":["GET"]}}],"collection":[{"href":"https:\/\/www.elsindical.com.ar\/notas\/wp-json\/wp\/v2\/posts"}],"about":[{"href":"https:\/\/www.elsindical.com.ar\/notas\/wp-json\/wp\/v2\/types\/post"}],"author":[{"embeddable":true,"href":"https:\/\/www.elsindical.com.ar\/notas\/wp-json\/wp\/v2\/users\/1"}],"replies":[{"embeddable":true,"href":"https:\/\/www.elsindical.com.ar\/notas\/wp-json\/wp\/v2\/comments?post=135942"}],"version-history":[{"count":1,"href":"https:\/\/www.elsindical.com.ar\/notas\/wp-json\/wp\/v2\/posts\/135942\/revisions"}],"predecessor-version":[{"id":135944,"href":"https:\/\/www.elsindical.com.ar\/notas\/wp-json\/wp\/v2\/posts\/135942\/revisions\/135944"}],"wp:featuredmedia":[{"embeddable":true,"href":"https:\/\/www.elsindical.com.ar\/notas\/wp-json\/wp\/v2\/media\/135943"}],"wp:attachment":[{"href":"https:\/\/www.elsindical.com.ar\/notas\/wp-json\/wp\/v2\/media?parent=135942"}],"wp:term":[{"taxonomy":"category","embeddable":true,"href":"https:\/\/www.elsindical.com.ar\/notas\/wp-json\/wp\/v2\/categories?post=135942"},{"taxonomy":"post_tag","embeddable":true,"href":"https:\/\/www.elsindical.com.ar\/notas\/wp-json\/wp\/v2\/tags?post=135942"}],"curies":[{"name":"wp","href":"https:\/\/api.w.org\/{rel}","templated":true}]}}