{"id":135864,"date":"2025-02-06T09:09:16","date_gmt":"2025-02-06T12:09:16","guid":{"rendered":"https:\/\/www.elsindical.com.ar\/notas\/?p=135864"},"modified":"2025-02-06T09:09:20","modified_gmt":"2025-02-06T12:09:20","slug":"martina-oliva-ex-candidata-a-miss-universo-detenida-con-22-kilos-de-cocaina","status":"publish","type":"post","link":"https:\/\/www.elsindical.com.ar\/notas\/martina-oliva-ex-candidata-a-miss-universo-detenida-con-22-kilos-de-cocaina\/","title":{"rendered":"Martina Oliva, ex candidata a Miss Universo detenida con 22 kilos de coca\u00edna"},"content":{"rendered":"<div class=\"wp-block-image\">\n<figure class=\"aligncenter size-full\"><a href=\"https:\/\/www.elsindical.com.ar\/notas\/var\/www\/html\/notas\/wp-content\/uploads\/2025\/02\/Martina-Oliva.jpg\"><img loading=\"lazy\" decoding=\"async\" width=\"700\" height=\"388\" src=\"https:\/\/www.elsindical.com.ar\/notas\/var\/www\/html\/notas\/wp-content\/uploads\/2025\/02\/Martina-Oliva.jpg\" alt=\"\" class=\"wp-image-135865\" srcset=\"https:\/\/www.elsindical.com.ar\/notas\/var\/www\/html\/notas\/wp-content\/uploads\/2025\/02\/Martina-Oliva.jpg 700w, https:\/\/www.elsindical.com.ar\/notas\/var\/www\/html\/notas\/wp-content\/uploads\/2025\/02\/Martina-Oliva-300x166.jpg 300w\" sizes=\"auto, (max-width: 700px) 100vw, 700px\" \/><\/a><\/figure>\n<\/div>\n\n\n<p>La joven de 23 a\u00f1os llevaba la droga en la mochila de su hija cuando fue sorprendida por la Polic\u00eda de Seguridad Aeroportuaria cuando iba hacia el aeropuerto de Salta. El hombre que estaba con ella tambi\u00e9n fue arrestado.<\/p>\n\n\n\n<p>Una modelo que compiti\u00f3 para ser Miss Universo fue <strong>detenida este mi\u00e9rcoles con 22 kilos de coca\u00edna en la mochila de su hija <\/strong>cuando iba hacia el aeropuerto de Salta. El hombre que estaba con ella tambi\u00e9n fue detenido.<\/p>\n\n\n\n<p><strong>Martina Oliva,<\/strong> la joven de 23 a\u00f1os que hab\u00eda ganado el certamen de <strong>Miss Or\u00e1n, <\/strong>viajaba en una camioneta con un hombre de 29 a\u00f1os y una de sus dos hijas cuando fue detenida por el personal de la Polic\u00eda de Seguridad Aeroportuaria (PSA).<\/p>\n\n\n\n<p>Los efectivos revisaron el veh\u00edculo y se encontraron con que la reconocida modelo llevaba <strong>un paquete de 22 kilos de coca\u00edna <\/strong>envuelto en papel de aluminio. Lo curioso es el lugar donde hab\u00eda escondido la droga: en la mochila de su hija, quien estaba dentro del auto al momento de la inspecci\u00f3n.<\/p>\n\n\n<div class=\"wp-block-image\">\n<figure class=\"aligncenter size-full\"><a href=\"https:\/\/www.elsindical.com.ar\/notas\/var\/www\/html\/notas\/wp-content\/uploads\/2025\/02\/Martina-Oliva-detenida.jpg\"><img loading=\"lazy\" decoding=\"async\" width=\"531\" height=\"691\" src=\"https:\/\/www.elsindical.com.ar\/notas\/var\/www\/html\/notas\/wp-content\/uploads\/2025\/02\/Martina-Oliva-detenida.jpg\" alt=\"\" class=\"wp-image-135866\" srcset=\"https:\/\/www.elsindical.com.ar\/notas\/var\/www\/html\/notas\/wp-content\/uploads\/2025\/02\/Martina-Oliva-detenida.jpg 531w, https:\/\/www.elsindical.com.ar\/notas\/var\/www\/html\/notas\/wp-content\/uploads\/2025\/02\/Martina-Oliva-detenida-231x300.jpg 231w\" sizes=\"auto, (max-width: 531px) 100vw, 531px\" \/><\/a><\/figure>\n<\/div>\n\n\n<p>Los j\u00f3venes fueron inmediatamente detenidos y trasladados hasta la base de investigaciones de la Polic\u00eda de Seguridad Aeroportuaria, ubicada en el aeropuerto <strong>Mart\u00edn Miguel de G\u00fcemes.<\/strong><\/p>\n\n\n\n<p>Los investigadores primero creyeron que el hombre detenido era la pareja de Oliva, pero luego confirmaron que se trata de una persona conocida como <strong>\u201cEl Perro\u201d<\/strong>, vinculada con el circuito de venta de droga que realiza la banda conocida como \u00ab<strong>Los Bagayeros\u00bb.<\/strong><\/p>\n\n\n\n<p>Medios locales se\u00f1alaron que los sospechosos podr\u00edan tener v\u00ednculos con un integrante de la banda que lidera <strong>Cristian Gabriel \u201cEl Gringo\u201d Palavecino<\/strong>, detenido en Or\u00e1n en octubre de 2023 por un millonario robo a una frutihort\u00edcola y que, adem\u00e1s, es sospechoso por homicidios y narcotr\u00e1fico.<\/p>\n\n\n\n<p>Palavecino era \u201cel pr\u00f3fugo m\u00e1s buscado del norte argentino\u201d desde comienzos de 2017. El operativo para detenerlo incluy\u00f3 m\u00e1s de 100 polic\u00edas y 13 allanamientos.<\/p>\n\n\n\n<p>Martina Oliva es oriunda de la localidad salte\u00f1a de <strong>San Ram\u00f3n de la Nueva Or\u00e1n. <\/strong>Hija de un reconocido empresario de la carne en la provincia, su vida siempre estuvo relacionada con la est\u00e9tica y las competencias de belleza.<\/p>\n\n\n\n<p>La joven de 23 a\u00f1os no s\u00f3lo se consagr\u00f3 ganadora del certamen <strong>Miss Or\u00e1n<\/strong>, sino que algunos a\u00f1os atr\u00e1s compiti\u00f3 como candidata por <strong>Salta <\/strong>para ser <strong>Miss Universo, <\/strong>pero no tuvo \u00e9xito.<\/p>\n\n\n\n<p>\u201cMartu\u201d, como la conocen en Or\u00e1n, es madre de dos hijas y presenta una vida muy activa en redes sociales. Horas antes de ser detenida,<strong> hizo un posteo contando que estaba camino al aeropuerto<\/strong> de Salta para hacer un viaje que finalmente no pudo hacer.<\/p>\n\n\n\n<p>La joven tiene un emprendimiento de venta de carteras e indumentaria y en sus redes sociales tambi\u00e9n <strong>hac\u00eda gala del lujo <\/strong>con el que viv\u00eda: sol\u00eda subir fotos de los productos y de la indumentaria de alto nivel que vest\u00eda.<\/p>\n","protected":false},"excerpt":{"rendered":"<p>La joven de 23 a\u00f1os llevaba la droga en la mochila de su hija cuando fue sorprendida por la Polic\u00eda de Seguridad Aeroportuaria cuando iba hacia el aeropuerto de Salta. El hombre que estaba con ella tambi\u00e9n fue arrestado. Una modelo que compiti\u00f3 para ser Miss Universo fue detenida este mi\u00e9rcoles con 22 kilos de&hellip;<\/p>\n","protected":false},"author":1,"featured_media":135865,"comment_status":"open","ping_status":"open","sticky":false,"template":"","format":"standard","meta":{"footnotes":""},"categories":[22],"tags":[44637,43,2450,44636,839,2562],"class_list":["post-135864","post","type-post","status-publish","format-standard","has-post-thumbnail","hentry","category-policiales","tag-aeropuerto-martin-miguel-de-guemes","tag-cocaina","tag-diario-el-sindical","tag-martina-oliva","tag-psa","tag-salta"],"_links":{"self":[{"href":"https:\/\/www.elsindical.com.ar\/notas\/wp-json\/wp\/v2\/posts\/135864","targetHints":{"allow":["GET"]}}],"collection":[{"href":"https:\/\/www.elsindical.com.ar\/notas\/wp-json\/wp\/v2\/posts"}],"about":[{"href":"https:\/\/www.elsindical.com.ar\/notas\/wp-json\/wp\/v2\/types\/post"}],"author":[{"embeddable":true,"href":"https:\/\/www.elsindical.com.ar\/notas\/wp-json\/wp\/v2\/users\/1"}],"replies":[{"embeddable":true,"href":"https:\/\/www.elsindical.com.ar\/notas\/wp-json\/wp\/v2\/comments?post=135864"}],"version-history":[{"count":1,"href":"https:\/\/www.elsindical.com.ar\/notas\/wp-json\/wp\/v2\/posts\/135864\/revisions"}],"predecessor-version":[{"id":135867,"href":"https:\/\/www.elsindical.com.ar\/notas\/wp-json\/wp\/v2\/posts\/135864\/revisions\/135867"}],"wp:featuredmedia":[{"embeddable":true,"href":"https:\/\/www.elsindical.com.ar\/notas\/wp-json\/wp\/v2\/media\/135865"}],"wp:attachment":[{"href":"https:\/\/www.elsindical.com.ar\/notas\/wp-json\/wp\/v2\/media?parent=135864"}],"wp:term":[{"taxonomy":"category","embeddable":true,"href":"https:\/\/www.elsindical.com.ar\/notas\/wp-json\/wp\/v2\/categories?post=135864"},{"taxonomy":"post_tag","embeddable":true,"href":"https:\/\/www.elsindical.com.ar\/notas\/wp-json\/wp\/v2\/tags?post=135864"}],"curies":[{"name":"wp","href":"https:\/\/api.w.org\/{rel}","templated":true}]}}