{"id":135852,"date":"2025-02-05T23:48:11","date_gmt":"2025-02-06T02:48:11","guid":{"rendered":"https:\/\/www.elsindical.com.ar\/notas\/?p=135852"},"modified":"2025-02-06T00:18:45","modified_gmt":"2025-02-06T03:18:45","slug":"una-intendenta-bailo-en-los-carnavales-de-su-ciudad-y-es-furor","status":"publish","type":"post","link":"https:\/\/www.elsindical.com.ar\/notas\/una-intendenta-bailo-en-los-carnavales-de-su-ciudad-y-es-furor\/","title":{"rendered":"Una intendenta bail\u00f3 en los carnavales de su ciudad y es furor"},"content":{"rendered":"<div class=\"wp-block-image\">\n<figure class=\"aligncenter size-full\"><a href=\"https:\/\/www.elsindical.com.ar\/notas\/var\/www\/html\/notas\/wp-content\/uploads\/2025\/02\/Maria-Gimena-Mansilla.jpg\"><img loading=\"lazy\" decoding=\"async\" width=\"700\" height=\"410\" src=\"https:\/\/www.elsindical.com.ar\/notas\/var\/www\/html\/notas\/wp-content\/uploads\/2025\/02\/Maria-Gimena-Mansilla.jpg\" alt=\"\" class=\"wp-image-135853\" srcset=\"https:\/\/www.elsindical.com.ar\/notas\/var\/www\/html\/notas\/wp-content\/uploads\/2025\/02\/Maria-Gimena-Mansilla.jpg 700w, https:\/\/www.elsindical.com.ar\/notas\/var\/www\/html\/notas\/wp-content\/uploads\/2025\/02\/Maria-Gimena-Mansilla-300x176.jpg 300w\" sizes=\"auto, (max-width: 700px) 100vw, 700px\" \/><\/a><\/figure>\n<\/div>\n\n\n<p><strong>Mar\u00eda Gimena Mansilla<\/strong>, intendenta de <strong>Aguilares<\/strong>, localidad de la provincia de Tucum\u00e1n, <strong>sorprendi\u00f3 a todos al animarse a bailar con una comparsa<\/strong> en la 48\u00b0 edici\u00f3n de los <strong>carnavales <\/strong>de esa localidad.<\/p>\n\n\n\n<p>La presencia de la jefa municipal llam\u00f3 la atenci\u00f3n de los concurrentes que se sorprendieron por su actuaci\u00f3n, que r\u00e1pidamente se convirti\u00f3 en un tema de conversaci\u00f3n en todo Tucum\u00e1n.<\/p>\n\n\n\n<p>La intendenta, quien se encontraba en el palco acompa\u00f1ada por el vicegobernador Miguel Acevedo, la diputada nacional Elia Fern\u00e1ndez de Mansilla, y varios legisladores y concejales, <strong>baj\u00f3 tras el desfile de varias comparsas y se puso el traje para ponerse a bailar delante de los presentes<\/strong>.<\/p>\n\n\n\n<p>Con brillos, plumas y tacos altos, capt\u00f3 la atenci\u00f3n de todos. Muchos capturaron el momento y compartieron videos que tuvieron gran cantidad de reproducciones en las redes sociales.<\/p>\n\n\n\n<p>Mansilla, de 35 a\u00f1os, asumi\u00f3 como intendenta de Aguilares en octubre de 2023 y es la sucesora de Elia Fern\u00e1ndez de Mansilla, su madre, quien actualmente se desempe\u00f1a como diputada nacional por la provincia de Tucum\u00e1n<\/p>\n\n\n\n<figure class=\"wp-block-embed is-type-video is-provider-youtube wp-block-embed-youtube wp-embed-aspect-16-9 wp-has-aspect-ratio\"><div class=\"wp-block-embed__wrapper\">\n<iframe loading=\"lazy\" title=\"Mar\u00eda Gimena Mansilla se volvi\u00f3 viral al bailar con una comparsa\" width=\"700\" height=\"394\" src=\"https:\/\/www.youtube.com\/embed\/io2jl8jZTwE?feature=oembed\" frameborder=\"0\" allow=\"accelerometer; autoplay; clipboard-write; encrypted-media; gyroscope; picture-in-picture; web-share\" referrerpolicy=\"strict-origin-when-cross-origin\" allowfullscreen><\/iframe>\n<\/div><\/figure>\n","protected":false},"excerpt":{"rendered":"<p>Mar\u00eda Gimena Mansilla, intendenta de Aguilares, localidad de la provincia de Tucum\u00e1n, sorprendi\u00f3 a todos al animarse a bailar con una comparsa en la 48\u00b0 edici\u00f3n de los carnavales de esa localidad. La presencia de la jefa municipal llam\u00f3 la atenci\u00f3n de los concurrentes que se sorprendieron por su actuaci\u00f3n, que r\u00e1pidamente se convirti\u00f3 en&hellip;<\/p>\n","protected":false},"author":1,"featured_media":135853,"comment_status":"open","ping_status":"open","sticky":false,"template":"","format":"standard","meta":{"footnotes":""},"categories":[13,25],"tags":[490,32518,44631,2450,44630,44629,44632,3121],"class_list":["post-135852","post","type-post","status-publish","format-standard","has-post-thumbnail","hentry","category-politica","category-sociedad","tag-baile","tag-carnavales","tag-corsodromo","tag-diario-el-sindical","tag-intendenta-aguilares","tag-maria-gimena-mansilla","tag-noticia-viral","tag-tucuman"],"_links":{"self":[{"href":"https:\/\/www.elsindical.com.ar\/notas\/wp-json\/wp\/v2\/posts\/135852","targetHints":{"allow":["GET"]}}],"collection":[{"href":"https:\/\/www.elsindical.com.ar\/notas\/wp-json\/wp\/v2\/posts"}],"about":[{"href":"https:\/\/www.elsindical.com.ar\/notas\/wp-json\/wp\/v2\/types\/post"}],"author":[{"embeddable":true,"href":"https:\/\/www.elsindical.com.ar\/notas\/wp-json\/wp\/v2\/users\/1"}],"replies":[{"embeddable":true,"href":"https:\/\/www.elsindical.com.ar\/notas\/wp-json\/wp\/v2\/comments?post=135852"}],"version-history":[{"count":2,"href":"https:\/\/www.elsindical.com.ar\/notas\/wp-json\/wp\/v2\/posts\/135852\/revisions"}],"predecessor-version":[{"id":135855,"href":"https:\/\/www.elsindical.com.ar\/notas\/wp-json\/wp\/v2\/posts\/135852\/revisions\/135855"}],"wp:featuredmedia":[{"embeddable":true,"href":"https:\/\/www.elsindical.com.ar\/notas\/wp-json\/wp\/v2\/media\/135853"}],"wp:attachment":[{"href":"https:\/\/www.elsindical.com.ar\/notas\/wp-json\/wp\/v2\/media?parent=135852"}],"wp:term":[{"taxonomy":"category","embeddable":true,"href":"https:\/\/www.elsindical.com.ar\/notas\/wp-json\/wp\/v2\/categories?post=135852"},{"taxonomy":"post_tag","embeddable":true,"href":"https:\/\/www.elsindical.com.ar\/notas\/wp-json\/wp\/v2\/tags?post=135852"}],"curies":[{"name":"wp","href":"https:\/\/api.w.org\/{rel}","templated":true}]}}