{"id":135826,"date":"2025-02-04T16:53:38","date_gmt":"2025-02-04T19:53:38","guid":{"rendered":"https:\/\/www.elsindical.com.ar\/notas\/?p=135826"},"modified":"2025-02-04T16:53:44","modified_gmt":"2025-02-04T19:53:44","slug":"lanus-asumio-el-nuevo-delegado-del-ministerio-de-trabajo","status":"publish","type":"post","link":"https:\/\/www.elsindical.com.ar\/notas\/lanus-asumio-el-nuevo-delegado-del-ministerio-de-trabajo\/","title":{"rendered":"Lan\u00fas: Asumi\u00f3 el nuevo delegado del Ministerio de Trabajo"},"content":{"rendered":"<div class=\"wp-block-image\">\n<figure class=\"aligncenter size-full\"><a href=\"https:\/\/www.elsindical.com.ar\/notas\/var\/www\/html\/notas\/wp-content\/uploads\/2025\/02\/Jorge-Torres-delegado-de-trabajo-Lanus.jpeg\"><img loading=\"lazy\" decoding=\"async\" width=\"700\" height=\"466\" src=\"https:\/\/www.elsindical.com.ar\/notas\/var\/www\/html\/notas\/wp-content\/uploads\/2025\/02\/Jorge-Torres-delegado-de-trabajo-Lanus.jpeg\" alt=\"\" class=\"wp-image-135827\" srcset=\"https:\/\/www.elsindical.com.ar\/notas\/var\/www\/html\/notas\/wp-content\/uploads\/2025\/02\/Jorge-Torres-delegado-de-trabajo-Lanus.jpeg 700w, https:\/\/www.elsindical.com.ar\/notas\/var\/www\/html\/notas\/wp-content\/uploads\/2025\/02\/Jorge-Torres-delegado-de-trabajo-Lanus-300x200.jpeg 300w\" sizes=\"auto, (max-width: 700px) 100vw, 700px\" \/><\/a><\/figure>\n<\/div>\n\n\n<p>Asumi\u00f3 el nuevo delegado de Lan\u00fas del ministerio de Trabajo bonaerense en un acto encabezado por el subsecretario de Relaciones del Trabajo, Andr\u00e9s Reveles, qui\u00e9n present\u00f3 a Jorge Torres, vecino de Lan\u00fas y dirigente del sindicato de Luz y Fuerza, ante m\u00e1s de 50 organizaciones sindicales de la regi\u00f3n.<\/p>\n\n\n\n<p>Durante el acto, Reveles destac\u00f3 que \u201choy las y los trabajadores tienen ser protagonistas, por eso vamos a contar en esta Delegaci\u00f3n con un compa\u00f1ero de movimiento obrero, para que pueda recepcionar todas las necesidades de cada una de las organizaciones que est\u00e1n presentes ac\u00e1, a las cuales les agradecemos el compromiso de siempre. Este es el mandato del Gobernador Axel Kicillof a trav\u00e9s de nuestro ministro Walter Correa\u201d.<\/p>\n\n\n\n<p>Por su parte, Torres remarc\u00f3 que \u201ca pesar del panorama nacional y de los padecimientos que estamos sufriendo, esta delegaci\u00f3n se compromete a ser de puertas abiertas, estar cerca de cada uno de los gremios, de cada uno de los trabajadores, y trabajar para ellos y ellas.\u201d<\/p>\n\n\n\n<p>Adem\u00e1s, por parte de la cartera laboral estuvieron presentes la directora Provincial de Empleo, Claudia Lazzaro, el Coordinador General del Comit\u00e9 Mixto, Sergio S\u00e1nchez; y los delegados regionales de la zona: de Avellaneda, Gustavo Coursirat; de Lobos, Alberto Dardo Mansilla; de Lomas de Zamora, Guido Vaccaro; de Quilmes, Ariel Pardey; de Jorge Meletti, de Almirante Brown.<\/p>\n","protected":false},"excerpt":{"rendered":"<p>Asumi\u00f3 el nuevo delegado de Lan\u00fas del ministerio de Trabajo bonaerense en un acto encabezado por el subsecretario de Relaciones del Trabajo, Andr\u00e9s Reveles, qui\u00e9n present\u00f3 a Jorge Torres, vecino de Lan\u00fas y dirigente del sindicato de Luz y Fuerza, ante m\u00e1s de 50 organizaciones sindicales de la regi\u00f3n. Durante el acto, Reveles destac\u00f3 que&hellip;<\/p>\n","protected":false},"author":1,"featured_media":135827,"comment_status":"open","ping_status":"open","sticky":false,"template":"","format":"standard","meta":{"footnotes":""},"categories":[13],"tags":[44623,44624,2450,3810,209],"class_list":["post-135826","post","type-post","status-publish","format-standard","has-post-thumbnail","hentry","category-politica","tag-andres-reveles","tag-delegado-ministerio-de-trabajo","tag-diario-el-sindical","tag-jorge-torres","tag-lanus"],"_links":{"self":[{"href":"https:\/\/www.elsindical.com.ar\/notas\/wp-json\/wp\/v2\/posts\/135826","targetHints":{"allow":["GET"]}}],"collection":[{"href":"https:\/\/www.elsindical.com.ar\/notas\/wp-json\/wp\/v2\/posts"}],"about":[{"href":"https:\/\/www.elsindical.com.ar\/notas\/wp-json\/wp\/v2\/types\/post"}],"author":[{"embeddable":true,"href":"https:\/\/www.elsindical.com.ar\/notas\/wp-json\/wp\/v2\/users\/1"}],"replies":[{"embeddable":true,"href":"https:\/\/www.elsindical.com.ar\/notas\/wp-json\/wp\/v2\/comments?post=135826"}],"version-history":[{"count":1,"href":"https:\/\/www.elsindical.com.ar\/notas\/wp-json\/wp\/v2\/posts\/135826\/revisions"}],"predecessor-version":[{"id":135828,"href":"https:\/\/www.elsindical.com.ar\/notas\/wp-json\/wp\/v2\/posts\/135826\/revisions\/135828"}],"wp:featuredmedia":[{"embeddable":true,"href":"https:\/\/www.elsindical.com.ar\/notas\/wp-json\/wp\/v2\/media\/135827"}],"wp:attachment":[{"href":"https:\/\/www.elsindical.com.ar\/notas\/wp-json\/wp\/v2\/media?parent=135826"}],"wp:term":[{"taxonomy":"category","embeddable":true,"href":"https:\/\/www.elsindical.com.ar\/notas\/wp-json\/wp\/v2\/categories?post=135826"},{"taxonomy":"post_tag","embeddable":true,"href":"https:\/\/www.elsindical.com.ar\/notas\/wp-json\/wp\/v2\/tags?post=135826"}],"curies":[{"name":"wp","href":"https:\/\/api.w.org\/{rel}","templated":true}]}}