{"id":135810,"date":"2025-02-03T22:02:07","date_gmt":"2025-02-04T01:02:07","guid":{"rendered":"https:\/\/www.elsindical.com.ar\/notas\/?p=135810"},"modified":"2025-02-03T22:02:13","modified_gmt":"2025-02-04T01:02:13","slug":"maximiliano-ferraro-critico-el-doble-estandar-del-gobierno-y-critico-al-ministro-de-justicia","status":"publish","type":"post","link":"https:\/\/www.elsindical.com.ar\/notas\/maximiliano-ferraro-critico-el-doble-estandar-del-gobierno-y-critico-al-ministro-de-justicia\/","title":{"rendered":"Maximiliano Ferraro critic\u00f3 el \u201cdoble est\u00e1ndar\u201d del Gobierno y critic\u00f3 al ministro de Justicia"},"content":{"rendered":"<div class=\"wp-block-image\">\n<figure class=\"aligncenter size-full\"><a href=\"https:\/\/www.elsindical.com.ar\/notas\/var\/www\/html\/notas\/wp-content\/uploads\/2025\/02\/Maximiliano-Ferraro.jpg\"><img loading=\"lazy\" decoding=\"async\" width=\"700\" height=\"396\" src=\"https:\/\/www.elsindical.com.ar\/notas\/var\/www\/html\/notas\/wp-content\/uploads\/2025\/02\/Maximiliano-Ferraro.jpg\" alt=\"\" class=\"wp-image-135811\" srcset=\"https:\/\/www.elsindical.com.ar\/notas\/var\/www\/html\/notas\/wp-content\/uploads\/2025\/02\/Maximiliano-Ferraro.jpg 700w, https:\/\/www.elsindical.com.ar\/notas\/var\/www\/html\/notas\/wp-content\/uploads\/2025\/02\/Maximiliano-Ferraro-300x170.jpg 300w, https:\/\/www.elsindical.com.ar\/notas\/var\/www\/html\/notas\/wp-content\/uploads\/2025\/02\/Maximiliano-Ferraro-460x260.jpg 460w\" sizes=\"auto, (max-width: 700px) 100vw, 700px\" \/><\/a><\/figure>\n<\/div>\n\n\n<p>El diputado nacional Maximiliano Ferraro (Coalici\u00f3n C\u00edvica) asegur\u00f3 que el Gobierno de Javier Milei tiene \u201cun doble est\u00e1ndar\u201d porque habla de pedofilia en la comunidad LGBTI y, pero su ministro de Justicia, Mariano C\u00faneo Libarona, fue abogado del ex gobernador tucumano, Jos\u00e9 Alperovich, en la causa en la que fue condenado por abuso sexual.<\/p>\n\n\n\n<p>\u201cCuidado con el doble est\u00e1ndar, porque el presidente de la Naci\u00f3n tiene un ministro de Justicia que fue abogado defensor en el caso de abuso sexual de Alperovich. Fue abogado de los Yoma y de los Menem en el tr\u00e1fico de armas a Ecuador, y estuvo imputado por la causa Amia\u201d, declar\u00f3.<\/p>\n\n\n\n<p>En declaraciones radiales, Ferraro se manifest\u00f3 de esa manera en alusi\u00f3n a la Marcha Federal de este s\u00e1bado contra los dichos del presidente Milei en Davos, y asever\u00f3 que fue una movilizaci\u00f3n \u201ccontundente, pac\u00edfica, y con una participaci\u00f3n mayoritaria de ciudadanos comunes\u201d.<\/p>\n\n\n\n<p>Para el diputado, que adem\u00e1s es presidente del partido fundado por Elisa Carri\u00f3, la marcha fue una respuesta a los \u201cdisparates y la deshumanizaci\u00f3n que est\u00e1 habiendo en el vocabulario del presidente y sus ac\u00f3litos en redes sociales\u201d.<\/p>\n\n\n\n<p>\u201cEs preocupante asociar gay con pedofilia desconociendo todo tipo de evidencia, como por ejemplo los datos del Ministerio P\u00fablico Tutelar en la Ciudad de Buenos Aires, que revelan que m\u00e1s del 90% de delitos de este tipo son cometidos por personas heterosexuales en entorno familiares\u201d, detall\u00f3.<\/p>\n\n\n\n<p>Y advirti\u00f3 que no se puede \u201cpasar por alto lo que implica el discurso de un Presidente y la acci\u00f3n que luego esto puede desarrollar en cualquier \u2018loquito\u2019 que anda suelto\u201d, y que pueda luego intentar agredir a individuos de este tipo de minor\u00edas.<\/p>\n\n\n\n<p>Tambi\u00e9n, critic\u00f3 que el Presidente haya asociado el logro de derechos de minor\u00edas con gastos del Estado o con privilegios y se pregunt\u00f3: \u201c\u00bfDe qu\u00e9 privilegios hablan? \u00bfDe la poblaci\u00f3n travesti transexual que la mayor\u00eda fue echada de sus casas? \u00bfDe los que no pueden acceder a la poblaci\u00f3n retroviral de VIH?\u201d.<\/p>\n\n\n\n<p>Ferraro dijo que en el foro de Davos Milei \u201cperdi\u00f3 la oportunidad de atraer inversiones y de poner en valor dos cuestiones en las que ha acertado, como el manejo de las cuentas p\u00fablicas y la lucha contra la inflaci\u00f3n\u201d.<\/p>\n\n\n\n<p>Sin embargo expres\u00f3 que \u201cmucho de ese esfuerzo\u201d para equilibrar las cuentas del Estado \u201clo pagaron los jubilados\u201d, y destac\u00f3 que en cambio \u201cno pagan ese costo sectores privilegiados\u201d del pa\u00eds.<\/p>\n","protected":false},"excerpt":{"rendered":"<p>El diputado nacional Maximiliano Ferraro (Coalici\u00f3n C\u00edvica) asegur\u00f3 que el Gobierno de Javier Milei tiene \u201cun doble est\u00e1ndar\u201d porque habla de pedofilia en la comunidad LGBTI y, pero su ministro de Justicia, Mariano C\u00faneo Libarona, fue abogado del ex gobernador tucumano, Jos\u00e9 Alperovich, en la causa en la que fue condenado por abuso sexual. \u201cCuidado&hellip;<\/p>\n","protected":false},"author":1,"featured_media":135811,"comment_status":"open","ping_status":"open","sticky":false,"template":"","format":"standard","meta":{"footnotes":""},"categories":[13],"tags":[3453,2450,28812,5935,44619],"class_list":["post-135810","post","type-post","status-publish","format-standard","has-post-thumbnail","hentry","category-politica","tag-coalicion-civica","tag-diario-el-sindical","tag-javier-milei","tag-mariano-cuneo-libarona","tag-maximiliano-ferraro"],"_links":{"self":[{"href":"https:\/\/www.elsindical.com.ar\/notas\/wp-json\/wp\/v2\/posts\/135810","targetHints":{"allow":["GET"]}}],"collection":[{"href":"https:\/\/www.elsindical.com.ar\/notas\/wp-json\/wp\/v2\/posts"}],"about":[{"href":"https:\/\/www.elsindical.com.ar\/notas\/wp-json\/wp\/v2\/types\/post"}],"author":[{"embeddable":true,"href":"https:\/\/www.elsindical.com.ar\/notas\/wp-json\/wp\/v2\/users\/1"}],"replies":[{"embeddable":true,"href":"https:\/\/www.elsindical.com.ar\/notas\/wp-json\/wp\/v2\/comments?post=135810"}],"version-history":[{"count":1,"href":"https:\/\/www.elsindical.com.ar\/notas\/wp-json\/wp\/v2\/posts\/135810\/revisions"}],"predecessor-version":[{"id":135812,"href":"https:\/\/www.elsindical.com.ar\/notas\/wp-json\/wp\/v2\/posts\/135810\/revisions\/135812"}],"wp:featuredmedia":[{"embeddable":true,"href":"https:\/\/www.elsindical.com.ar\/notas\/wp-json\/wp\/v2\/media\/135811"}],"wp:attachment":[{"href":"https:\/\/www.elsindical.com.ar\/notas\/wp-json\/wp\/v2\/media?parent=135810"}],"wp:term":[{"taxonomy":"category","embeddable":true,"href":"https:\/\/www.elsindical.com.ar\/notas\/wp-json\/wp\/v2\/categories?post=135810"},{"taxonomy":"post_tag","embeddable":true,"href":"https:\/\/www.elsindical.com.ar\/notas\/wp-json\/wp\/v2\/tags?post=135810"}],"curies":[{"name":"wp","href":"https:\/\/api.w.org\/{rel}","templated":true}]}}