{"id":135777,"date":"2025-02-02T11:52:19","date_gmt":"2025-02-02T14:52:19","guid":{"rendered":"https:\/\/www.elsindical.com.ar\/notas\/?p=135777"},"modified":"2025-02-02T11:52:25","modified_gmt":"2025-02-02T14:52:25","slug":"damian-visconti-el-libertonto-que-provoca-y-luego-se-vuelve-sensible","status":"publish","type":"post","link":"https:\/\/www.elsindical.com.ar\/notas\/damian-visconti-el-libertonto-que-provoca-y-luego-se-vuelve-sensible\/","title":{"rendered":"Dami\u00e1n Visconti, el libertonto que provoca y luego se vuelve \u00absensible\u00bb"},"content":{"rendered":"<div class=\"wp-block-image\">\n<figure class=\"aligncenter size-large is-resized\"><a href=\"https:\/\/www.elsindical.com.ar\/notas\/var\/www\/html\/notas\/wp-content\/uploads\/2025\/02\/Damian-Visconti.jpg\"><img loading=\"lazy\" decoding=\"async\" width=\"576\" height=\"1024\" src=\"https:\/\/www.elsindical.com.ar\/notas\/var\/www\/html\/notas\/wp-content\/uploads\/2025\/02\/Damian-Visconti-576x1024.jpg\" alt=\"\" class=\"wp-image-135778\" style=\"width:314px;height:auto\" srcset=\"https:\/\/www.elsindical.com.ar\/notas\/var\/www\/html\/notas\/wp-content\/uploads\/2025\/02\/Damian-Visconti-576x1024.jpg 576w, https:\/\/www.elsindical.com.ar\/notas\/var\/www\/html\/notas\/wp-content\/uploads\/2025\/02\/Damian-Visconti-169x300.jpg 169w, https:\/\/www.elsindical.com.ar\/notas\/var\/www\/html\/notas\/wp-content\/uploads\/2025\/02\/Damian-Visconti.jpg 720w\" sizes=\"auto, (max-width: 576px) 100vw, 576px\" \/><\/a><\/figure>\n<\/div>\n\n\n<p>   En el mundo de las redes sociales, algunos impresentables de esos que imitan a los trolls, parece que ahora tienen una nueva t\u00e9cnica para hacer callar a los que critican medidas del gobierno, a una publicaci\u00f3n te etiquetan, te insultan, te acusan de ser K, negro, planero, cag\u00f3n y cuando les respond\u00e9s borran su comentario y denuncian en Facebook acoso?<\/p>\n\n\n\n<p>La verdad es que hay que ser muy cag\u00f3n para no bancarte las respuestas a tus agresiones baratas e infundadas porque es evidente que no sos una persona instruida y mucho menos inteligente, tampoco es de p\u00edcaro lo que haces, as\u00ed que te doy unas l\u00edneas de fama, para que los que te conocen sepan la clase de lacra y cobarde que sos, segu\u00ed militando para un gobierno que cada d\u00eda te va a hacer m\u00e1s pobre, despu\u00e9s no llores, aunque estimo que la limpieza y la buena presencia a vos no te preocupa.<\/p>\n\n\n\n<p>Dicen que una imagen vale m\u00e1s que mil palabras, les dejo al libertario facho con todo su glamour<\/p>\n\n\n<div class=\"wp-block-image\">\n<figure class=\"aligncenter size-large\"><a href=\"https:\/\/www.elsindical.com.ar\/notas\/var\/www\/html\/notas\/wp-content\/uploads\/2025\/02\/Damian-Visconti-4.jpg\"><img loading=\"lazy\" decoding=\"async\" width=\"575\" height=\"1024\" src=\"https:\/\/www.elsindical.com.ar\/notas\/var\/www\/html\/notas\/wp-content\/uploads\/2025\/02\/Damian-Visconti-4-575x1024.jpg\" alt=\"\" class=\"wp-image-135779\" srcset=\"https:\/\/www.elsindical.com.ar\/notas\/var\/www\/html\/notas\/wp-content\/uploads\/2025\/02\/Damian-Visconti-4-575x1024.jpg 575w, https:\/\/www.elsindical.com.ar\/notas\/var\/www\/html\/notas\/wp-content\/uploads\/2025\/02\/Damian-Visconti-4-169x300.jpg 169w, https:\/\/www.elsindical.com.ar\/notas\/var\/www\/html\/notas\/wp-content\/uploads\/2025\/02\/Damian-Visconti-4-768x1367.jpg 768w, https:\/\/www.elsindical.com.ar\/notas\/var\/www\/html\/notas\/wp-content\/uploads\/2025\/02\/Damian-Visconti-4.jpg 809w\" sizes=\"auto, (max-width: 575px) 100vw, 575px\" \/><\/a><\/figure>\n<\/div>","protected":false},"excerpt":{"rendered":"<p>En el mundo de las redes sociales, algunos impresentables de esos que imitan a los trolls, parece que ahora tienen una nueva t\u00e9cnica para hacer callar a los que critican medidas del gobierno, a una publicaci\u00f3n te etiquetan, te insultan, te acusan de ser K, negro, planero, cag\u00f3n y cuando les respond\u00e9s borran su comentario&hellip;<\/p>\n","protected":false},"author":1,"featured_media":135778,"comment_status":"open","ping_status":"open","sticky":false,"template":"","format":"standard","meta":{"footnotes":""},"categories":[25],"tags":[44608,2450,44611,43789,13728,2605,44609,44610],"class_list":["post-135777","post","type-post","status-publish","format-standard","has-post-thumbnail","hentry","category-sociedad","tag-damian-visconti","tag-diario-el-sindical","tag-feo","tag-libertario","tag-provocacion","tag-redes-sociales","tag-sensible","tag-sucio"],"_links":{"self":[{"href":"https:\/\/www.elsindical.com.ar\/notas\/wp-json\/wp\/v2\/posts\/135777","targetHints":{"allow":["GET"]}}],"collection":[{"href":"https:\/\/www.elsindical.com.ar\/notas\/wp-json\/wp\/v2\/posts"}],"about":[{"href":"https:\/\/www.elsindical.com.ar\/notas\/wp-json\/wp\/v2\/types\/post"}],"author":[{"embeddable":true,"href":"https:\/\/www.elsindical.com.ar\/notas\/wp-json\/wp\/v2\/users\/1"}],"replies":[{"embeddable":true,"href":"https:\/\/www.elsindical.com.ar\/notas\/wp-json\/wp\/v2\/comments?post=135777"}],"version-history":[{"count":1,"href":"https:\/\/www.elsindical.com.ar\/notas\/wp-json\/wp\/v2\/posts\/135777\/revisions"}],"predecessor-version":[{"id":135780,"href":"https:\/\/www.elsindical.com.ar\/notas\/wp-json\/wp\/v2\/posts\/135777\/revisions\/135780"}],"wp:featuredmedia":[{"embeddable":true,"href":"https:\/\/www.elsindical.com.ar\/notas\/wp-json\/wp\/v2\/media\/135778"}],"wp:attachment":[{"href":"https:\/\/www.elsindical.com.ar\/notas\/wp-json\/wp\/v2\/media?parent=135777"}],"wp:term":[{"taxonomy":"category","embeddable":true,"href":"https:\/\/www.elsindical.com.ar\/notas\/wp-json\/wp\/v2\/categories?post=135777"},{"taxonomy":"post_tag","embeddable":true,"href":"https:\/\/www.elsindical.com.ar\/notas\/wp-json\/wp\/v2\/tags?post=135777"}],"curies":[{"name":"wp","href":"https:\/\/api.w.org\/{rel}","templated":true}]}}