{"id":135739,"date":"2025-02-01T03:42:30","date_gmt":"2025-02-01T06:42:30","guid":{"rendered":"https:\/\/www.elsindical.com.ar\/notas\/?p=135739"},"modified":"2025-02-01T03:42:36","modified_gmt":"2025-02-01T06:42:36","slug":"el-secla-entrega-utiles-escolares-a-sus-afiliados","status":"publish","type":"post","link":"https:\/\/www.elsindical.com.ar\/notas\/el-secla-entrega-utiles-escolares-a-sus-afiliados\/","title":{"rendered":"El SECLA entrega \u00fatiles escolares a sus afiliados"},"content":{"rendered":"<div class=\"wp-block-image\">\n<figure class=\"aligncenter size-large is-resized\"><a href=\"https:\/\/www.elsindical.com.ar\/notas\/var\/www\/html\/notas\/wp-content\/uploads\/2025\/02\/u1.jpeg\"><img loading=\"lazy\" decoding=\"async\" width=\"799\" height=\"1024\" src=\"https:\/\/www.elsindical.com.ar\/notas\/var\/www\/html\/notas\/wp-content\/uploads\/2025\/02\/u1-799x1024.jpeg\" alt=\"\" class=\"wp-image-135740\" style=\"width:392px;height:auto\" srcset=\"https:\/\/www.elsindical.com.ar\/notas\/var\/www\/html\/notas\/wp-content\/uploads\/2025\/02\/u1-799x1024.jpeg 799w, https:\/\/www.elsindical.com.ar\/notas\/var\/www\/html\/notas\/wp-content\/uploads\/2025\/02\/u1-234x300.jpeg 234w, https:\/\/www.elsindical.com.ar\/notas\/var\/www\/html\/notas\/wp-content\/uploads\/2025\/02\/u1-768x984.jpeg 768w, https:\/\/www.elsindical.com.ar\/notas\/var\/www\/html\/notas\/wp-content\/uploads\/2025\/02\/u1.jpeg 1081w\" sizes=\"auto, (max-width: 799px) 100vw, 799px\" \/><\/a><\/figure>\n<\/div>\n\n\n<p>Entrega de \u00fatiles escolares para nuestros afiliaditos y afiliaditas de 3 a 17 a\u00f1os!!!<\/p>\n\n\n\n<p>Niveles inicial, primario y secundario!!!<\/p>\n\n\n\n<p>En sede Avellaneda y en sede Lan\u00fas de 9 a 17hs, sin turno!!!<\/p>\n\n\n\n<p>Del 3 al 28 de febrero!!!<\/p>\n\n\n\n<p><a href=\"https:\/\/www.facebook.com\/hashtag\/gesti%C3%B3nmachado?__eep__=6&amp;__cft__[0]=AZV7h-rxBR_kG6Y9wqMWCBffI6azbL4zyeTZqymH799IjyJSDI57CfjurbQU8e4Tjy80zSTKK4HRK6DZCGA3btIoaiYgimcbQixpjGp4OmYGYmnQtv_CQqgmrDApFzOib_W-NipU8uba7oZfgIIXbgw_FyC9eE4xx1lh_SYaH30kvg&amp;__tn__=*NK-R\" rel=\"noreferrer noopener\" target=\"_blank\">#Gesti\u00f3nMachado<\/a><\/p>\n\n\n\n<figure class=\"wp-block-gallery has-nested-images columns-default is-cropped wp-block-gallery-1 is-layout-flex wp-block-gallery-is-layout-flex\">\n<figure class=\"wp-block-image size-large\"><a href=\"https:\/\/www.elsindical.com.ar\/notas\/var\/www\/html\/notas\/wp-content\/uploads\/2025\/02\/u3.jpeg\"><img loading=\"lazy\" decoding=\"async\" width=\"799\" height=\"1024\" data-id=\"135742\" src=\"https:\/\/www.elsindical.com.ar\/notas\/var\/www\/html\/notas\/wp-content\/uploads\/2025\/02\/u3-799x1024.jpeg\" alt=\"\" class=\"wp-image-135742\" srcset=\"https:\/\/www.elsindical.com.ar\/notas\/var\/www\/html\/notas\/wp-content\/uploads\/2025\/02\/u3-799x1024.jpeg 799w, https:\/\/www.elsindical.com.ar\/notas\/var\/www\/html\/notas\/wp-content\/uploads\/2025\/02\/u3-234x300.jpeg 234w, https:\/\/www.elsindical.com.ar\/notas\/var\/www\/html\/notas\/wp-content\/uploads\/2025\/02\/u3-768x984.jpeg 768w, https:\/\/www.elsindical.com.ar\/notas\/var\/www\/html\/notas\/wp-content\/uploads\/2025\/02\/u3.jpeg 1081w\" sizes=\"auto, (max-width: 799px) 100vw, 799px\" \/><\/a><\/figure>\n\n\n\n<figure class=\"wp-block-image size-large\"><a href=\"https:\/\/www.elsindical.com.ar\/notas\/var\/www\/html\/notas\/wp-content\/uploads\/2025\/02\/u2.jpeg\"><img loading=\"lazy\" decoding=\"async\" width=\"799\" height=\"1024\" data-id=\"135741\" src=\"https:\/\/www.elsindical.com.ar\/notas\/var\/www\/html\/notas\/wp-content\/uploads\/2025\/02\/u2-799x1024.jpeg\" alt=\"\" class=\"wp-image-135741\" srcset=\"https:\/\/www.elsindical.com.ar\/notas\/var\/www\/html\/notas\/wp-content\/uploads\/2025\/02\/u2-799x1024.jpeg 799w, https:\/\/www.elsindical.com.ar\/notas\/var\/www\/html\/notas\/wp-content\/uploads\/2025\/02\/u2-234x300.jpeg 234w, https:\/\/www.elsindical.com.ar\/notas\/var\/www\/html\/notas\/wp-content\/uploads\/2025\/02\/u2-768x984.jpeg 768w, https:\/\/www.elsindical.com.ar\/notas\/var\/www\/html\/notas\/wp-content\/uploads\/2025\/02\/u2.jpeg 1081w\" sizes=\"auto, (max-width: 799px) 100vw, 799px\" \/><\/a><\/figure>\n<\/figure>\n","protected":false},"excerpt":{"rendered":"<p>Entrega de \u00fatiles escolares para nuestros afiliaditos y afiliaditas de 3 a 17 a\u00f1os!!! Niveles inicial, primario y secundario!!! En sede Avellaneda y en sede Lan\u00fas de 9 a 17hs, sin turno!!! Del 3 al 28 de febrero!!! #Gesti\u00f3nMachado<\/p>\n","protected":false},"author":1,"featured_media":135740,"comment_status":"open","ping_status":"open","sticky":false,"template":"","format":"standard","meta":{"footnotes":""},"categories":[16],"tags":[2450,44593,44594,44595,13091,1374,30340],"class_list":["post-135739","post","type-post","status-publish","format-standard","has-post-thumbnail","hentry","category-gremiales","tag-diario-el-sindical","tag-gestion-machado","tag-inicial","tag-primario","tag-secla","tag-secundario","tag-utiles-escolares"],"_links":{"self":[{"href":"https:\/\/www.elsindical.com.ar\/notas\/wp-json\/wp\/v2\/posts\/135739","targetHints":{"allow":["GET"]}}],"collection":[{"href":"https:\/\/www.elsindical.com.ar\/notas\/wp-json\/wp\/v2\/posts"}],"about":[{"href":"https:\/\/www.elsindical.com.ar\/notas\/wp-json\/wp\/v2\/types\/post"}],"author":[{"embeddable":true,"href":"https:\/\/www.elsindical.com.ar\/notas\/wp-json\/wp\/v2\/users\/1"}],"replies":[{"embeddable":true,"href":"https:\/\/www.elsindical.com.ar\/notas\/wp-json\/wp\/v2\/comments?post=135739"}],"version-history":[{"count":1,"href":"https:\/\/www.elsindical.com.ar\/notas\/wp-json\/wp\/v2\/posts\/135739\/revisions"}],"predecessor-version":[{"id":135743,"href":"https:\/\/www.elsindical.com.ar\/notas\/wp-json\/wp\/v2\/posts\/135739\/revisions\/135743"}],"wp:featuredmedia":[{"embeddable":true,"href":"https:\/\/www.elsindical.com.ar\/notas\/wp-json\/wp\/v2\/media\/135740"}],"wp:attachment":[{"href":"https:\/\/www.elsindical.com.ar\/notas\/wp-json\/wp\/v2\/media?parent=135739"}],"wp:term":[{"taxonomy":"category","embeddable":true,"href":"https:\/\/www.elsindical.com.ar\/notas\/wp-json\/wp\/v2\/categories?post=135739"},{"taxonomy":"post_tag","embeddable":true,"href":"https:\/\/www.elsindical.com.ar\/notas\/wp-json\/wp\/v2\/tags?post=135739"}],"curies":[{"name":"wp","href":"https:\/\/api.w.org\/{rel}","templated":true}]}}