{"id":135709,"date":"2025-01-30T16:36:21","date_gmt":"2025-01-30T19:36:21","guid":{"rendered":"https:\/\/www.elsindical.com.ar\/notas\/?p=135709"},"modified":"2025-01-30T16:36:26","modified_gmt":"2025-01-30T19:36:26","slug":"san-isidro-el-multidenunciado-pablo-de-la-torre-es-el-nuevo-secretario-de-salud-municipal","status":"publish","type":"post","link":"https:\/\/www.elsindical.com.ar\/notas\/san-isidro-el-multidenunciado-pablo-de-la-torre-es-el-nuevo-secretario-de-salud-municipal\/","title":{"rendered":"San Isidro: El multidenunciado Pablo de la Torre es el nuevo secretario de salud municipal"},"content":{"rendered":"<div class=\"wp-block-image\">\n<figure class=\"aligncenter size-full\"><a href=\"https:\/\/www.elsindical.com.ar\/notas\/var\/www\/html\/notas\/wp-content\/uploads\/2025\/01\/Pablo-de-la-Torre-y-Ramon-Lanus.jpg\"><img loading=\"lazy\" decoding=\"async\" width=\"700\" height=\"469\" src=\"https:\/\/www.elsindical.com.ar\/notas\/var\/www\/html\/notas\/wp-content\/uploads\/2025\/01\/Pablo-de-la-Torre-y-Ramon-Lanus.jpg\" alt=\"\" class=\"wp-image-135710\" srcset=\"https:\/\/www.elsindical.com.ar\/notas\/var\/www\/html\/notas\/wp-content\/uploads\/2025\/01\/Pablo-de-la-Torre-y-Ramon-Lanus.jpg 700w, https:\/\/www.elsindical.com.ar\/notas\/var\/www\/html\/notas\/wp-content\/uploads\/2025\/01\/Pablo-de-la-Torre-y-Ramon-Lanus-300x201.jpg 300w\" sizes=\"auto, (max-width: 700px) 100vw, 700px\" \/><\/a><\/figure>\n<\/div>\n\n\n<p class=\"wp-block-paragraph\">   El m\u00e9dico pediatra <strong>Pablo de la Torre<\/strong> <strong>regresar\u00e1 en febrero a la funci\u00f3n p\u00fablica, <\/strong>al ser designado como nuevo <strong>Secretario de Salud del Municipio de San Isidro<\/strong>. El anuncio lo realiz\u00f3 esta ma\u00f1ana el intendente <strong>Ram\u00f3n Lan\u00fas<\/strong>, durante un acto que se realiz\u00f3 en el <strong>Hospital Central de San Isidro<\/strong>.<\/p>\n\n\n\n<p class=\"wp-block-paragraph\">El flamante funcionario hab\u00eda formado parte del Gobierno libertario, como <strong>Secretario Nacional de Ni\u00f1ez, Adolescencia y Familia<\/strong>, dependiente del <strong>Ministerio de Capital Humano<\/strong>, pero fue <strong>despedido a fines de mayo de 2024 tras la controversia generada por la distribuci\u00f3n de alimentos destinados a comedores populares y organizaciones sociales<\/strong>. Desde el propio gobierno libertario le imputaron adem\u00e1s <strong>presuntas irregularidades y corrupci\u00f3n en la contrataci\u00f3n de personal en su \u00e1rea. Leila Gianni, <\/strong>subsecretaria legal del Ministerio de Capital Humano, ser\u00e1 la encargada de realizar la medida imprescindible para que la causa presentada el viernes ante los Tribunales de Comodoro Py avance. Por sorteo, qued\u00f3 radicada en el juzgado de<strong> Ariel Lijo <\/strong>y la fiscal\u00eda de<strong> Ramiro Gonz\u00e1lez.<\/strong><\/p>\n\n\n\n<p class=\"wp-block-paragraph\">En el nombramiento de De la Torre, quien tambi\u00e9n fue <strong>Secretario de Salud<\/strong> y <strong>Secretario de Infancia y Familia<\/strong> en el municipio de San Miguel, se comunic\u00f3 -durante el acto matutino de hoy- detalles de los planes para fortalecer el sistema sanitario local, con \u00e9nfasis en la modernizaci\u00f3n de los hospitales, la creaci\u00f3n de un centro de salud mental y una inversi\u00f3n significativa en tecnolog\u00eda m\u00e9dica.<\/p>\n\n\n\n<p class=\"wp-block-paragraph\">De acuerdo con lo detallado por Lan\u00fas, la incorporaci\u00f3n del nuevo secretario responde a su <strong>experiencia en la gesti\u00f3n p\u00fablica<\/strong>. \u201cPablo aporta identificaci\u00f3n con nuestros valores, compromiso social y honestidad probada\u201d, expres\u00f3 el alcalde sanisidrense.<\/p>\n\n\n\n<p class=\"wp-block-paragraph\">Al parecer, el intendente de San Isidro ignora las denuncias penales que arrastra De la Torre, algunas que vienen de su paso por el municipio de San Miguel donde como secretario de salud, fue denunciado por oponerse <strong>sistem\u00e1ticamente a la Ley de Interrupci\u00f3n Voluntaria del Embarazo<\/strong>. No s\u00f3lo se trata de un distrito que obstaculiza el derecho al aborto, sino que se <strong>imparte un trato cruel y deshumanizado a las mujeres que se acercan a un centro de salud para pedir una IVE\/ILE<\/strong>: las tratan de convencer de no abortar mediante mecanismos de hostigamiento, persecuci\u00f3n y culpabilizaci\u00f3n. Uno de los ide\u00f3logos y quien ha implementado esta pol\u00edtica p\u00fablica es Pablo de la Torre, exsecretario de Infancia y Familia de San Miguel, presentado en los \u00faltimos d\u00edas como quien ser\u00eda el pr\u00f3ximo secretario de Desarrollo Social (hasta el cierre de esta nota su designaci\u00f3n no hab\u00eda sido desmentida).\u201cNos han llegado relatos de mujeres de San Miguel que nos han contado que les dan mu\u00f1eco-fetos para que se conecten con la maternidad\u201d, cont\u00f3 a este diario una funcionaria de Salud bonaerense.<\/p>\n\n\n\n<p class=\"wp-block-paragraph\">Es adem\u00e1s un defensor de las Consejer\u00edas Guadalupe &#8211;que se crearon en el Hospital Larcade de San Miguel&#8211; y que en la pr\u00e1ctica se usan\u00a0para hostigar a las mujeres que llegaban con embarazos no intencionales y convencerlas de que los contin\u00faen.<\/p>\n\n\n\n<p class=\"wp-block-paragraph\">Mientras la pol\u00edtica insiste con dar se\u00f1ales de transparencia y pregonan la ficha limpia, en la practica \u00ablos amigos\u00bb siempre tienen un puesto esperando en la funci\u00f3n p\u00fablica, no importa si son corruptos.<\/p>\n","protected":false},"excerpt":{"rendered":"<p>El m\u00e9dico pediatra Pablo de la Torre regresar\u00e1 en febrero a la funci\u00f3n p\u00fablica, al ser designado como nuevo Secretario de Salud del Municipio de San Isidro. El anuncio lo realiz\u00f3 esta ma\u00f1ana el intendente Ram\u00f3n Lan\u00fas, durante un acto que se realiz\u00f3 en el Hospital Central de San Isidro. El flamante funcionario hab\u00eda formado&hellip;<\/p>\n","protected":false},"author":1,"featured_media":135710,"comment_status":"open","ping_status":"open","sticky":false,"template":"","format":"standard","meta":{"footnotes":""},"categories":[13],"tags":[1451,22020,2450,10716,42234,44585,994,21434],"class_list":["post-135709","post","type-post","status-publish","format-standard","has-post-thumbnail","hentry","category-politica","tag-corrupcion","tag-denuncias","tag-diario-el-sindical","tag-hospital-central-de-san-isidro","tag-pablo-de-la-torre","tag-ramon-lanus","tag-san-miguel","tag-secretario-de-salud"],"_links":{"self":[{"href":"https:\/\/www.elsindical.com.ar\/notas\/wp-json\/wp\/v2\/posts\/135709","targetHints":{"allow":["GET"]}}],"collection":[{"href":"https:\/\/www.elsindical.com.ar\/notas\/wp-json\/wp\/v2\/posts"}],"about":[{"href":"https:\/\/www.elsindical.com.ar\/notas\/wp-json\/wp\/v2\/types\/post"}],"author":[{"embeddable":true,"href":"https:\/\/www.elsindical.com.ar\/notas\/wp-json\/wp\/v2\/users\/1"}],"replies":[{"embeddable":true,"href":"https:\/\/www.elsindical.com.ar\/notas\/wp-json\/wp\/v2\/comments?post=135709"}],"version-history":[{"count":1,"href":"https:\/\/www.elsindical.com.ar\/notas\/wp-json\/wp\/v2\/posts\/135709\/revisions"}],"predecessor-version":[{"id":135711,"href":"https:\/\/www.elsindical.com.ar\/notas\/wp-json\/wp\/v2\/posts\/135709\/revisions\/135711"}],"wp:featuredmedia":[{"embeddable":true,"href":"https:\/\/www.elsindical.com.ar\/notas\/wp-json\/wp\/v2\/media\/135710"}],"wp:attachment":[{"href":"https:\/\/www.elsindical.com.ar\/notas\/wp-json\/wp\/v2\/media?parent=135709"}],"wp:term":[{"taxonomy":"category","embeddable":true,"href":"https:\/\/www.elsindical.com.ar\/notas\/wp-json\/wp\/v2\/categories?post=135709"},{"taxonomy":"post_tag","embeddable":true,"href":"https:\/\/www.elsindical.com.ar\/notas\/wp-json\/wp\/v2\/tags?post=135709"}],"curies":[{"name":"wp","href":"https:\/\/api.w.org\/{rel}","templated":true}]}}