{"id":135678,"date":"2025-01-29T12:47:45","date_gmt":"2025-01-29T15:47:45","guid":{"rendered":"https:\/\/www.elsindical.com.ar\/notas\/?p=135678"},"modified":"2025-01-29T12:47:51","modified_gmt":"2025-01-29T15:47:51","slug":"aumenta-el-saldo-negativo-de-la-sube","status":"publish","type":"post","link":"https:\/\/www.elsindical.com.ar\/notas\/aumenta-el-saldo-negativo-de-la-sube\/","title":{"rendered":"Aumenta el saldo negativo de la SUBE"},"content":{"rendered":"\n<figure class=\"wp-block-image size-large\"><a href=\"https:\/\/www.elsindical.com.ar\/notas\/var\/www\/html\/notas\/wp-content\/uploads\/2023\/09\/app-SUBE.jpg\"><img loading=\"lazy\" decoding=\"async\" width=\"1024\" height=\"576\" src=\"https:\/\/www.elsindical.com.ar\/notas\/var\/www\/html\/notas\/wp-content\/uploads\/2023\/09\/app-SUBE-1024x576.jpg\" alt=\"\" class=\"wp-image-125084\" srcset=\"https:\/\/www.elsindical.com.ar\/notas\/var\/www\/html\/notas\/wp-content\/uploads\/2023\/09\/app-SUBE-1024x576.jpg 1024w, https:\/\/www.elsindical.com.ar\/notas\/var\/www\/html\/notas\/wp-content\/uploads\/2023\/09\/app-SUBE-300x169.jpg 300w, https:\/\/www.elsindical.com.ar\/notas\/var\/www\/html\/notas\/wp-content\/uploads\/2023\/09\/app-SUBE-768x432.jpg 768w, https:\/\/www.elsindical.com.ar\/notas\/var\/www\/html\/notas\/wp-content\/uploads\/2023\/09\/app-SUBE-500x281.jpg 500w, https:\/\/www.elsindical.com.ar\/notas\/var\/www\/html\/notas\/wp-content\/uploads\/2023\/09\/app-SUBE-1536x864.jpg 1536w, https:\/\/www.elsindical.com.ar\/notas\/var\/www\/html\/notas\/wp-content\/uploads\/2023\/09\/app-SUBE-460x260.jpg 460w, https:\/\/www.elsindical.com.ar\/notas\/var\/www\/html\/notas\/wp-content\/uploads\/2023\/09\/app-SUBE.jpg 1919w\" sizes=\"auto, (max-width: 1024px) 100vw, 1024px\" \/><\/a><\/figure>\n\n\n\n<p class=\"wp-block-paragraph\">El saldo negativo de la SUBE llega a los 1.200 pesos a partir de este mes.<\/p>\n\n\n\n<p class=\"wp-block-paragraph\"><strong>El Gobierno ampli\u00f3 el saldo negativo de la tarjeta SUBE a partir de enero<\/strong>. Se resuelve, entonces, el gran problema del a\u00f1o pasado: los usuarios del subte no pod\u00edan pagar el viaje si se quedaban sin cr\u00e9dito, ya que era de 480 pesos.<\/p>\n\n\n\n<p class=\"wp-block-paragraph\"><strong>El 2024 cerr\u00f3 con el saldo negativo para la Tarjeta SUBE en $480 pesos<\/strong> <strong>pero sube a los $1.200 desde este a\u00f1o<\/strong>. Esto quiero decir que, el monto que subi\u00f3 el saldo negativo es de $720 pesos.<\/p>\n\n\n\n<p class=\"wp-block-paragraph\">En el caso de los trenes del AMBA de las l\u00edneas Mitre, Sarmiento, Roca, San Mart\u00edn, Belgrano Norte y Sur, y el tren del valle de Neuqu\u00e9n ser\u00e1 aumentar\u00e1 a $680, pero, hasta tanto no se actualice el sistema de los molinetes, la l\u00ednea Urquiza seguir\u00e1 con el saldo negativo en $480.<\/p>\n","protected":false},"excerpt":{"rendered":"<p>El saldo negativo de la SUBE llega a los 1.200 pesos a partir de este mes. El Gobierno ampli\u00f3 el saldo negativo de la tarjeta SUBE a partir de enero. Se resuelve, entonces, el gran problema del a\u00f1o pasado: los usuarios del subte no pod\u00edan pagar el viaje si se quedaban sin cr\u00e9dito, ya que&hellip;<\/p>\n","protected":false},"author":1,"featured_media":125084,"comment_status":"open","ping_status":"open","sticky":false,"template":"","format":"standard","meta":{"footnotes":""},"categories":[9],"tags":[2450,22023,42284,8186],"class_list":["post-135678","post","type-post","status-publish","format-standard","has-post-thumbnail","hentry","category-economia","tag-diario-el-sindical","tag-economia","tag-saldo-negativo-sube","tag-sube"],"_links":{"self":[{"href":"https:\/\/www.elsindical.com.ar\/notas\/wp-json\/wp\/v2\/posts\/135678","targetHints":{"allow":["GET"]}}],"collection":[{"href":"https:\/\/www.elsindical.com.ar\/notas\/wp-json\/wp\/v2\/posts"}],"about":[{"href":"https:\/\/www.elsindical.com.ar\/notas\/wp-json\/wp\/v2\/types\/post"}],"author":[{"embeddable":true,"href":"https:\/\/www.elsindical.com.ar\/notas\/wp-json\/wp\/v2\/users\/1"}],"replies":[{"embeddable":true,"href":"https:\/\/www.elsindical.com.ar\/notas\/wp-json\/wp\/v2\/comments?post=135678"}],"version-history":[{"count":1,"href":"https:\/\/www.elsindical.com.ar\/notas\/wp-json\/wp\/v2\/posts\/135678\/revisions"}],"predecessor-version":[{"id":135679,"href":"https:\/\/www.elsindical.com.ar\/notas\/wp-json\/wp\/v2\/posts\/135678\/revisions\/135679"}],"wp:featuredmedia":[{"embeddable":true,"href":"https:\/\/www.elsindical.com.ar\/notas\/wp-json\/wp\/v2\/media\/125084"}],"wp:attachment":[{"href":"https:\/\/www.elsindical.com.ar\/notas\/wp-json\/wp\/v2\/media?parent=135678"}],"wp:term":[{"taxonomy":"category","embeddable":true,"href":"https:\/\/www.elsindical.com.ar\/notas\/wp-json\/wp\/v2\/categories?post=135678"},{"taxonomy":"post_tag","embeddable":true,"href":"https:\/\/www.elsindical.com.ar\/notas\/wp-json\/wp\/v2\/tags?post=135678"}],"curies":[{"name":"wp","href":"https:\/\/api.w.org\/{rel}","templated":true}]}}