{"id":135662,"date":"2025-01-28T14:07:27","date_gmt":"2025-01-28T17:07:27","guid":{"rendered":"https:\/\/www.elsindical.com.ar\/notas\/?p=135662"},"modified":"2025-01-28T14:07:31","modified_gmt":"2025-01-28T17:07:31","slug":"se-acabo-la-joda-del-genero-la-amenaza-del-gobierno","status":"publish","type":"post","link":"https:\/\/www.elsindical.com.ar\/notas\/se-acabo-la-joda-del-genero-la-amenaza-del-gobierno\/","title":{"rendered":"\u201cSe acab\u00f3 la joda del g\u00e9nero\u201d, la amenaza del Gobierno"},"content":{"rendered":"<div class=\"wp-block-image\">\n<figure class=\"aligncenter size-full\"><a href=\"https:\/\/www.elsindical.com.ar\/notas\/var\/www\/html\/notas\/wp-content\/uploads\/2025\/01\/Ministro-de-justicia-Cuneo-Libarona.jpg\"><img loading=\"lazy\" decoding=\"async\" width=\"700\" height=\"394\" src=\"https:\/\/www.elsindical.com.ar\/notas\/var\/www\/html\/notas\/wp-content\/uploads\/2025\/01\/Ministro-de-justicia-Cuneo-Libarona.jpg\" alt=\"\" class=\"wp-image-135663\" srcset=\"https:\/\/www.elsindical.com.ar\/notas\/var\/www\/html\/notas\/wp-content\/uploads\/2025\/01\/Ministro-de-justicia-Cuneo-Libarona.jpg 700w, https:\/\/www.elsindical.com.ar\/notas\/var\/www\/html\/notas\/wp-content\/uploads\/2025\/01\/Ministro-de-justicia-Cuneo-Libarona-300x169.jpg 300w, https:\/\/www.elsindical.com.ar\/notas\/var\/www\/html\/notas\/wp-content\/uploads\/2025\/01\/Ministro-de-justicia-Cuneo-Libarona-460x260.jpg 460w\" sizes=\"auto, (max-width: 700px) 100vw, 700px\" \/><\/a><\/figure>\n<\/div>\n\n\n<p>Tras la advertencia de \u00abfalsas denuncias\u00bb de mujeres, el ministro de Justicia advirti\u00f3 que \u00abse acab\u00f3 la joda del g\u00e9nero\u00bb.<\/p>\n\n\n\n<p>En lo que se presenta como una frase similar a la vertida por el ex presidente Mauricio Macri con \u201cel curro de los Derechos Humanos\u201d, <strong>el gobierno de Javier Milei advierte que \u201cse acab\u00f3 la joda del g\u00e9nero\u201d<\/strong>. El s\u00e1bado habr\u00e1 una Marcha Federal del Orgullo Antifascista y Antiracista.<\/p>\n\n\n\n<p>Esta frase <strong>llega tras el anuncio del Gobierno respecto a la eliminaci\u00f3n de la figura legal conocida como \u201cfemicidio\u201d<\/strong> pero remite a un asesinato en contexto de violencia de g\u00e9nero, el DNI no binario y el cupo laboral.<\/p>\n\n\n\n<p>Vale remarca que en Argentina se registr\u00f3 un femicidio cada 24 horas durante 2024. Y tambi\u00e9n vale la pregunta: \u00bfQu\u00e9 pasar\u00e1 con las condenas que tuvieron este agravante? \u00bfEliminar\u00e1n las pol\u00edticas de asistencia a las y los hijos hijos de las v\u00edctimas de femicidio? La Justicia ya se expidi\u00f3, pero el Ejecutivo no cede en su impulso.<\/p>\n\n\n\n<p><strong>\u201cSe acab\u00f3 el delirio. Se acab\u00f3 la puerta giratoria, hay que valorar los bienes jur\u00eddicos que importan. En nuestra concepci\u00f3n la vida, la propiedad, la libertad. Se acab\u00f3 la joda del g\u00e9nero\u201d<\/strong>, sostuvo en una entrevista que fue grabada el 17 de diciembre para el streaming libertario&nbsp;Carajo.<\/p>\n\n\n\n<p>En la misma l\u00ednea, argument\u00f3: \u201c<strong>Ac\u00e1 somos todos iguales ante la ley.<\/strong>&nbsp;\u00bfA qui\u00e9n hay que proteger?<strong>&nbsp;A los vulnerables, ni\u00f1os, a las personas mayores, y al centro de la familia\u201d.<\/strong><\/p>\n\n\n\n<p>C\u00faneo Libarona, en sinton\u00eda con lo que expres\u00f3 el presidente Javier Milei en el Foro de Davos, se refiri\u00f3 a\u00a0los falsos fallos sobre violencia de g\u00e9nero como\u00a0\u201cdisparates\u201d. \u201c<strong>Me indignan las denuncias falsas en materia de g\u00e9nero<\/strong>. Producen un da\u00f1o tremendo, el pobre imputado pierde el trabajo, la sociedad lo condena, los amigos no lo saludan. Es terrible y despu\u00e9s se descubre que es mentira y al hijo no lo puede ver m\u00e1s\u201d, plante\u00f3.\u00a0<\/p>\n\n\n\n<p><strong>\u201cCrearon el Ministerio de la Mujer, planes de g\u00e9nero,&nbsp;fortuna gastada que deber\u00eda haber sido destinada a fines realmente \u00fatiles.&nbsp;Dinero que deber\u00eda haber sido destinada a fines realmente \u00fatiles, no en blef de g\u00e9nero\u201d<\/strong>, complet\u00f3.<\/p>\n\n\n\n<p>Los dichos de Milei en Davos, que dan cuenta de la agenda internacional que tiene el Presidente y que no contemplan las problem\u00e1ticas que m\u00e1s afectan hoy a los argentinos (como despidos y p\u00e9rdida del poder adquisitivo), fueron repudiados por varios sectores.<\/p>\n\n\n\n<p><strong>De hecho, el s\u00e1bado habr\u00e1 una Marcha Federal del Orgullo en respuesta. <\/strong>Se defini\u00f3 en una asamblea multitudinaria en Parque Lezama, especio ic\u00f3nico de La Libertad Avanza. Ser\u00e1 el 1 de febrero, a las 16, de la Plaza de los Dos Congresos a Plaza de Mayo.<\/p>\n\n\n\n<p><strong>Resta saber, ya que todav\u00eda no hubo expresiones al respecto, si el Gobierno aplicar\u00e1 el protocolo antipiquetes<\/strong>, que han utilizado para reprimir a jubilados y trabajadores, pero no lo hicieron con las multitudinarias movilizaciones en defensa de la universidad p\u00fablica y gratuita.<\/p>\n\n\n\n<p><\/p>\n","protected":false},"excerpt":{"rendered":"<p>Tras la advertencia de \u00abfalsas denuncias\u00bb de mujeres, el ministro de Justicia advirti\u00f3 que \u00abse acab\u00f3 la joda del g\u00e9nero\u00bb. En lo que se presenta como una frase similar a la vertida por el ex presidente Mauricio Macri con \u201cel curro de los Derechos Humanos\u201d, el gobierno de Javier Milei advierte que \u201cse acab\u00f3 la&hellip;<\/p>\n","protected":false},"author":1,"featured_media":135663,"comment_status":"open","ping_status":"open","sticky":false,"template":"","format":"standard","meta":{"footnotes":""},"categories":[13],"tags":[1765,2450,44570,9890,761,28812,5935,76],"class_list":["post-135662","post","type-post","status-publish","format-standard","has-post-thumbnail","hentry","category-politica","tag-ddhh","tag-diario-el-sindical","tag-dni-binario","tag-femicidio","tag-gobierno-nacional","tag-javier-milei","tag-mariano-cuneo-libarona","tag-mauricio-macri"],"_links":{"self":[{"href":"https:\/\/www.elsindical.com.ar\/notas\/wp-json\/wp\/v2\/posts\/135662","targetHints":{"allow":["GET"]}}],"collection":[{"href":"https:\/\/www.elsindical.com.ar\/notas\/wp-json\/wp\/v2\/posts"}],"about":[{"href":"https:\/\/www.elsindical.com.ar\/notas\/wp-json\/wp\/v2\/types\/post"}],"author":[{"embeddable":true,"href":"https:\/\/www.elsindical.com.ar\/notas\/wp-json\/wp\/v2\/users\/1"}],"replies":[{"embeddable":true,"href":"https:\/\/www.elsindical.com.ar\/notas\/wp-json\/wp\/v2\/comments?post=135662"}],"version-history":[{"count":1,"href":"https:\/\/www.elsindical.com.ar\/notas\/wp-json\/wp\/v2\/posts\/135662\/revisions"}],"predecessor-version":[{"id":135664,"href":"https:\/\/www.elsindical.com.ar\/notas\/wp-json\/wp\/v2\/posts\/135662\/revisions\/135664"}],"wp:featuredmedia":[{"embeddable":true,"href":"https:\/\/www.elsindical.com.ar\/notas\/wp-json\/wp\/v2\/media\/135663"}],"wp:attachment":[{"href":"https:\/\/www.elsindical.com.ar\/notas\/wp-json\/wp\/v2\/media?parent=135662"}],"wp:term":[{"taxonomy":"category","embeddable":true,"href":"https:\/\/www.elsindical.com.ar\/notas\/wp-json\/wp\/v2\/categories?post=135662"},{"taxonomy":"post_tag","embeddable":true,"href":"https:\/\/www.elsindical.com.ar\/notas\/wp-json\/wp\/v2\/tags?post=135662"}],"curies":[{"name":"wp","href":"https:\/\/api.w.org\/{rel}","templated":true}]}}