{"id":135598,"date":"2025-01-25T19:32:44","date_gmt":"2025-01-25T22:32:44","guid":{"rendered":"https:\/\/www.elsindical.com.ar\/notas\/?p=135598"},"modified":"2025-01-25T19:32:49","modified_gmt":"2025-01-25T22:32:49","slug":"rodolfo-barra-fue-eyectado-del-gobierno-nacional","status":"publish","type":"post","link":"https:\/\/www.elsindical.com.ar\/notas\/rodolfo-barra-fue-eyectado-del-gobierno-nacional\/","title":{"rendered":"Rodolfo Barra fue eyectado del gobierno nacional"},"content":{"rendered":"<div class=\"wp-block-image\">\n<figure class=\"aligncenter size-full is-resized\"><a href=\"https:\/\/www.elsindical.com.ar\/notas\/var\/www\/html\/notas\/wp-content\/uploads\/2023\/12\/Rodolfo-Barra.jpg\"><img loading=\"lazy\" decoding=\"async\" width=\"500\" height=\"345\" src=\"https:\/\/www.elsindical.com.ar\/notas\/var\/www\/html\/notas\/wp-content\/uploads\/2023\/12\/Rodolfo-Barra.jpg\" alt=\"\" class=\"wp-image-127496\" style=\"width:578px;height:auto\" srcset=\"https:\/\/www.elsindical.com.ar\/notas\/var\/www\/html\/notas\/wp-content\/uploads\/2023\/12\/Rodolfo-Barra.jpg 500w, https:\/\/www.elsindical.com.ar\/notas\/var\/www\/html\/notas\/wp-content\/uploads\/2023\/12\/Rodolfo-Barra-300x207.jpg 300w, https:\/\/www.elsindical.com.ar\/notas\/var\/www\/html\/notas\/wp-content\/uploads\/2023\/12\/Rodolfo-Barra-435x300.jpg 435w\" sizes=\"auto, (max-width: 500px) 100vw, 500px\" \/><\/a><\/figure>\n<\/div>\n\n\n<p class=\"wp-block-paragraph\">El Gobierno decidi\u00f3 desplazar de su cargo al procurador del Tesoro, Rodolfo Barra, tras el malestar que se hab\u00eda generado por un dictamen del funcionario que result\u00f3 contrario al plan de recortes de gastos del Gobierno en la estructura del Estado.<\/p>\n\n\n\n<p class=\"wp-block-paragraph\">La Casa Rosada aceler\u00f3 los tiempos con esta decisi\u00f3n, ya que en un principio se inform\u00f3 que a Barra se lo hab\u00eda convocado para el lunes pr\u00f3ximo a una reuni\u00f3n en la que se definir\u00eda su situaci\u00f3n.\u00bbEl gobierno le acaba de pedir la renuncia al Procurador del Tesoro de la Naci\u00f3n Rodolfo Barra\u00bb, inform\u00f3 en su cuenta de X el vocero presidencial, Manuel Adorni.<\/p>\n\n\n\n<p class=\"wp-block-paragraph\">La molestia en las huestes libertarias con el ex ministro de Justicia de la era menemista se gener\u00f3 por un dictamen emitido el pasado mi\u00e9rcoles que result\u00f3 contrario a las premisas de la administraci\u00f3n libertaria.<\/p>\n\n\n\n<p class=\"wp-block-paragraph\">Seg\u00fan precisaron las fuentes, Barra habr\u00eda favorecido a una empleada del Ministerio de Justicia que realiz\u00f3 una presentaci\u00f3n judicial para pedir la impugnaci\u00f3n de una decisi\u00f3n de la cartera que hab\u00eda recortado incentivos complementarios a los salarios.<\/p>\n\n\n\n<p class=\"wp-block-paragraph\">Los cuestionamientos al funcionario eran varios y una alta fuente mencion\u00f3 otra irregularidad en la que incurr\u00eda Barra: no vive en la Argentina.<\/p>\n\n\n\n<p class=\"wp-block-paragraph\">Adem\u00e1s de su residencia en Espa\u00f1a, el catedr\u00e1tico universitario pasa gran parte de sus d\u00edas de viaje en Punta del Este, se destac\u00f3.<\/p>\n\n\n\n<p class=\"wp-block-paragraph\">El presidente Javier Milei no estaba notificado de esto, por lo que desde su entorno planeaban anoticiarlo a su vuelta de la gira por Estados Unidos y Suiza.<\/p>\n\n\n\n<p class=\"wp-block-paragraph\">Pero los tiempos se precipitaron y no se aguard\u00f3 a que el mandatario pisara suelo argentino ni a que el asesor Santiago Caputo mantuviera el lunes la anunciada reuni\u00f3n con Barra.\u00bbLo cierto es que hay ruido, que no dictamine a favor del Gobierno es raro\u00bb, argumentaron las fuentes consultadas sobre aquel dictamen que cay\u00f3 en las filas libertarias.<\/p>\n\n\n\n<p class=\"wp-block-paragraph\">El Gobierno a\u00fan no adelant\u00f3 qui\u00e9n ser\u00e1 el nuevo procurador del Tesoro, pero trascendi\u00f3 que el abogado y doctor en Historia Econ\u00f3mica Ricardo Manuel Rojas es uno de los posibles candidatos.<\/p>\n\n\n\n<p class=\"wp-block-paragraph\">Es autor del libro \u00abLa inflaci\u00f3n como delito\u00bb, cuya lectura fue recomendada por Milei, y su perfil se adec\u00faa al mundo judicial porque ya se desempe\u00f1\u00f3 como secretario letrado de la Corte Suprema (en 1986 y 1993) y fue juez en lo Criminal de Buenos Aires.<\/p>\n\n\n\n<p class=\"wp-block-paragraph\">Vivi\u00f3 algunos a\u00f1os en Guatemala, donde se dedic\u00f3 a dar clases; hace 10 a\u00f1os que conoce a Milei y cuenta con su total admiraci\u00f3n.<\/p>\n\n\n\n<p class=\"wp-block-paragraph\">Incluso sus libros son vendidos por el club de lectura que se autodenomina Libros Libertarios, y su paso por la Fundaci\u00f3n Friedrich A. von Hayek como director ejecutivo le suma puntos en la selecci\u00f3n.<\/p>\n\n\n\n<p class=\"wp-block-paragraph\">A pesar que la Procuraci\u00f3n del Tesoro es un \u00f3rgano aut\u00f3nomo, desde el seno del Ministerio de Justicia, que conduce Mariano C\u00faneo Libarona, argumentan que Barra \u00abno fue tan contundente como se espera del abogado del Estado\u00bb.<\/p>\n\n\n\n<p class=\"wp-block-paragraph\">Adem\u00e1s insisten en se\u00f1alar que C\u00faneo Libarona \u00abno va a avalar incentivos en el marco del ajuste que aplic\u00f3 a su ministerio y en contexto de esfuerzos\u00bb, por lo que cualquiera que no se adec\u00fae a la norma ser\u00e1 marginado, como sucedi\u00f3 con el extitular de la Unidad de Informaci\u00f3n Financiera (UIF) Ignacio Yacobucci.<\/p>\n\n\n\n<p class=\"wp-block-paragraph\"><\/p>\n","protected":false},"excerpt":{"rendered":"<p>El Gobierno decidi\u00f3 desplazar de su cargo al procurador del Tesoro, Rodolfo Barra, tras el malestar que se hab\u00eda generado por un dictamen del funcionario que result\u00f3 contrario al plan de recortes de gastos del Gobierno en la estructura del Estado. La Casa Rosada aceler\u00f3 los tiempos con esta decisi\u00f3n, ya que en un principio&hellip;<\/p>\n","protected":false},"author":1,"featured_media":127496,"comment_status":"open","ping_status":"open","sticky":false,"template":"","format":"standard","meta":{"footnotes":""},"categories":[13],"tags":[2450,761,28812,41770,1710,840,41721],"class_list":["post-135598","post","type-post","status-publish","format-standard","has-post-thumbnail","hentry","category-politica","tag-diario-el-sindical","tag-gobierno-nacional","tag-javier-milei","tag-manuel-adorni","tag-procurador-del-tesoro","tag-renuncia","tag-rodolfo-barra"],"_links":{"self":[{"href":"https:\/\/www.elsindical.com.ar\/notas\/wp-json\/wp\/v2\/posts\/135598","targetHints":{"allow":["GET"]}}],"collection":[{"href":"https:\/\/www.elsindical.com.ar\/notas\/wp-json\/wp\/v2\/posts"}],"about":[{"href":"https:\/\/www.elsindical.com.ar\/notas\/wp-json\/wp\/v2\/types\/post"}],"author":[{"embeddable":true,"href":"https:\/\/www.elsindical.com.ar\/notas\/wp-json\/wp\/v2\/users\/1"}],"replies":[{"embeddable":true,"href":"https:\/\/www.elsindical.com.ar\/notas\/wp-json\/wp\/v2\/comments?post=135598"}],"version-history":[{"count":1,"href":"https:\/\/www.elsindical.com.ar\/notas\/wp-json\/wp\/v2\/posts\/135598\/revisions"}],"predecessor-version":[{"id":135599,"href":"https:\/\/www.elsindical.com.ar\/notas\/wp-json\/wp\/v2\/posts\/135598\/revisions\/135599"}],"wp:featuredmedia":[{"embeddable":true,"href":"https:\/\/www.elsindical.com.ar\/notas\/wp-json\/wp\/v2\/media\/127496"}],"wp:attachment":[{"href":"https:\/\/www.elsindical.com.ar\/notas\/wp-json\/wp\/v2\/media?parent=135598"}],"wp:term":[{"taxonomy":"category","embeddable":true,"href":"https:\/\/www.elsindical.com.ar\/notas\/wp-json\/wp\/v2\/categories?post=135598"},{"taxonomy":"post_tag","embeddable":true,"href":"https:\/\/www.elsindical.com.ar\/notas\/wp-json\/wp\/v2\/tags?post=135598"}],"curies":[{"name":"wp","href":"https:\/\/api.w.org\/{rel}","templated":true}]}}