{"id":135541,"date":"2025-01-22T00:37:29","date_gmt":"2025-01-22T03:37:29","guid":{"rendered":"https:\/\/www.elsindical.com.ar\/notas\/?p=135541"},"modified":"2025-01-22T00:37:33","modified_gmt":"2025-01-22T03:37:33","slug":"trabajadores-de-pami-no-lograron-ingresar-a-sus-puestos-de-trabajo","status":"publish","type":"post","link":"https:\/\/www.elsindical.com.ar\/notas\/trabajadores-de-pami-no-lograron-ingresar-a-sus-puestos-de-trabajo\/","title":{"rendered":"Trabajadores de PAMI no lograron ingresar a sus puestos de trabajo"},"content":{"rendered":"<div class=\"wp-block-image\">\n<figure class=\"aligncenter size-full\"><a href=\"https:\/\/www.elsindical.com.ar\/notas\/var\/www\/html\/notas\/wp-content\/uploads\/2025\/01\/trabajadores-de-PAMI-despidos.png\"><img loading=\"lazy\" decoding=\"async\" width=\"679\" height=\"392\" src=\"https:\/\/www.elsindical.com.ar\/notas\/var\/www\/html\/notas\/wp-content\/uploads\/2025\/01\/trabajadores-de-PAMI-despidos.png\" alt=\"\" class=\"wp-image-135542\" srcset=\"https:\/\/www.elsindical.com.ar\/notas\/var\/www\/html\/notas\/wp-content\/uploads\/2025\/01\/trabajadores-de-PAMI-despidos.png 679w, https:\/\/www.elsindical.com.ar\/notas\/var\/www\/html\/notas\/wp-content\/uploads\/2025\/01\/trabajadores-de-PAMI-despidos-300x173.png 300w, https:\/\/www.elsindical.com.ar\/notas\/var\/www\/html\/notas\/wp-content\/uploads\/2025\/01\/trabajadores-de-PAMI-despidos-500x289.png 500w, https:\/\/www.elsindical.com.ar\/notas\/var\/www\/html\/notas\/wp-content\/uploads\/2025\/01\/trabajadores-de-PAMI-despidos-220x126.png 220w\" sizes=\"auto, (max-width: 679px) 100vw, 679px\" \/><\/a><\/figure>\n<\/div>\n\n\n<p>El hecho sucedi\u00f3 durante la ma\u00f1ana del lunes en la sede central del organismo cuando 50 empleados quisieron fichar, pero el sistema les rechazaba las huellas dactilares. Se presume que son 200 los despidos que a\u00fan no est\u00e1n formalmente notificados.<\/p>\n\n\n\n<p>Decenas de trabajadores de PAMI, en la sede central, no pudieron acceder a sus puestos de trabajo y se presume que se trata de una nueva ola de despedidos en el organismo.<\/p>\n\n\n\n<p>Seg\u00fan fuentes, ser\u00edan 200 los empleados desafectados; 50 de ellos, que se hicieron presentes como todos los d\u00edas y quisieron fichar, se encontraron con que el sistema \u201cno les toma las huellas\u201d para permitir el ingreso al edificio.<\/p>\n\n\n\n<p>Esta situaci\u00f3n gener\u00f3 que dichos trabajadores se concentraran en el hall del PAMI central (Av. Corrientes 650) para ingresar a la fuerza, pero personal de seguridad privada que desempe\u00f1a funciones dentro del edificio no lo permiti\u00f3. En principio, la medida fue comunicada de manera informal por \u201clos gerentes de cada \u00e1rea\u201d.<\/p>\n\n\n\n<p>Por el momento, delegados de la Uni\u00f3n de Personal Civil de la Naci\u00f3n (UPCN) no quieren realizar declaraciones formalmente ya que est\u00e1n \u201cesperando a la secretaria del gremio\u201d para que confirme la cantidad efectiva de despidos. Se aguarda que durante el d\u00eda se realice una asamblea al respecto.<\/p>\n","protected":false},"excerpt":{"rendered":"<p>El hecho sucedi\u00f3 durante la ma\u00f1ana del lunes en la sede central del organismo cuando 50 empleados quisieron fichar, pero el sistema les rechazaba las huellas dactilares. Se presume que son 200 los despidos que a\u00fan no est\u00e1n formalmente notificados. Decenas de trabajadores de PAMI, en la sede central, no pudieron acceder a sus puestos&hellip;<\/p>\n","protected":false},"author":1,"featured_media":135542,"comment_status":"open","ping_status":"open","sticky":false,"template":"","format":"standard","meta":{"footnotes":""},"categories":[16],"tags":[53,2450,873,3582,44529,3581],"class_list":["post-135541","post","type-post","status-publish","format-standard","has-post-thumbnail","hentry","category-gremiales","tag-despidos","tag-diario-el-sindical","tag-gremio","tag-pami","tag-sede-central","tag-upcn"],"_links":{"self":[{"href":"https:\/\/www.elsindical.com.ar\/notas\/wp-json\/wp\/v2\/posts\/135541","targetHints":{"allow":["GET"]}}],"collection":[{"href":"https:\/\/www.elsindical.com.ar\/notas\/wp-json\/wp\/v2\/posts"}],"about":[{"href":"https:\/\/www.elsindical.com.ar\/notas\/wp-json\/wp\/v2\/types\/post"}],"author":[{"embeddable":true,"href":"https:\/\/www.elsindical.com.ar\/notas\/wp-json\/wp\/v2\/users\/1"}],"replies":[{"embeddable":true,"href":"https:\/\/www.elsindical.com.ar\/notas\/wp-json\/wp\/v2\/comments?post=135541"}],"version-history":[{"count":1,"href":"https:\/\/www.elsindical.com.ar\/notas\/wp-json\/wp\/v2\/posts\/135541\/revisions"}],"predecessor-version":[{"id":135543,"href":"https:\/\/www.elsindical.com.ar\/notas\/wp-json\/wp\/v2\/posts\/135541\/revisions\/135543"}],"wp:featuredmedia":[{"embeddable":true,"href":"https:\/\/www.elsindical.com.ar\/notas\/wp-json\/wp\/v2\/media\/135542"}],"wp:attachment":[{"href":"https:\/\/www.elsindical.com.ar\/notas\/wp-json\/wp\/v2\/media?parent=135541"}],"wp:term":[{"taxonomy":"category","embeddable":true,"href":"https:\/\/www.elsindical.com.ar\/notas\/wp-json\/wp\/v2\/categories?post=135541"},{"taxonomy":"post_tag","embeddable":true,"href":"https:\/\/www.elsindical.com.ar\/notas\/wp-json\/wp\/v2\/tags?post=135541"}],"curies":[{"name":"wp","href":"https:\/\/api.w.org\/{rel}","templated":true}]}}