{"id":135482,"date":"2025-01-19T15:04:08","date_gmt":"2025-01-19T18:04:08","guid":{"rendered":"https:\/\/www.elsindical.com.ar\/notas\/?p=135482"},"modified":"2025-01-19T15:04:12","modified_gmt":"2025-01-19T18:04:12","slug":"caida-del-consumo-de-carne-vacuna-los-argentinos-eligieron-al-pollo-como-primera-opcion","status":"publish","type":"post","link":"https:\/\/www.elsindical.com.ar\/notas\/caida-del-consumo-de-carne-vacuna-los-argentinos-eligieron-al-pollo-como-primera-opcion\/","title":{"rendered":"Ca\u00edda del consumo de carne vacuna: Los Argentinos eligieron al pollo como primera opci\u00f3n"},"content":{"rendered":"<div class=\"wp-block-image\">\n<figure class=\"aligncenter size-full\"><a href=\"https:\/\/www.elsindical.com.ar\/notas\/var\/www\/html\/notas\/wp-content\/uploads\/2025\/01\/pollo-vs-carne.jpeg\"><img loading=\"lazy\" decoding=\"async\" width=\"790\" height=\"454\" src=\"https:\/\/www.elsindical.com.ar\/notas\/var\/www\/html\/notas\/wp-content\/uploads\/2025\/01\/pollo-vs-carne.jpeg\" alt=\"\" class=\"wp-image-135483\" srcset=\"https:\/\/www.elsindical.com.ar\/notas\/var\/www\/html\/notas\/wp-content\/uploads\/2025\/01\/pollo-vs-carne.jpeg 790w, https:\/\/www.elsindical.com.ar\/notas\/var\/www\/html\/notas\/wp-content\/uploads\/2025\/01\/pollo-vs-carne-300x172.jpeg 300w, https:\/\/www.elsindical.com.ar\/notas\/var\/www\/html\/notas\/wp-content\/uploads\/2025\/01\/pollo-vs-carne-768x441.jpeg 768w, https:\/\/www.elsindical.com.ar\/notas\/var\/www\/html\/notas\/wp-content\/uploads\/2025\/01\/pollo-vs-carne-500x287.jpeg 500w, https:\/\/www.elsindical.com.ar\/notas\/var\/www\/html\/notas\/wp-content\/uploads\/2025\/01\/pollo-vs-carne-220x126.jpeg 220w\" sizes=\"auto, (max-width: 790px) 100vw, 790px\" \/><\/a><\/figure>\n<\/div>\n\n\n<p>As\u00ed lo aseguran tanto el Departamento de Agricultura de Estados Unidos (USDA, como la Organizaci\u00f3n Mundial de la Salud (OMS).<\/p>\n\n\n\n<p>Ante la ca\u00edda del consumo de carne vacuna en el pa\u00eds, que en 2024 toc\u00f3 m\u00ednimos hist\u00f3ricos por la crisis econ\u00f3mica, los argentinos se vieron obligados a cambiar su alimentaci\u00f3n y, <strong>por primera vez en la historia, optaron por el pollo como primera opci\u00f3n.<\/strong><\/p>\n\n\n\n<p>As\u00ed lo aseguran tanto el Departamento de Agricultura de Estados Unidos (USDA, por sus siglas en ingl\u00e9s) como la Organizaci\u00f3n Mundial de la Salud (OMS).<\/p>\n\n\n\n<p>Los n\u00fameros indican que el a\u00f1o pasado el pollo desplaz\u00f3 a la vaca: hubo una demanda de 49,3 kilogramos por habitante promedio de productos av\u00edcolas, frente a los 48,5 kilos de alimentos bovinos. Esta cifra representa el nivel m\u00e1s bajo de consumo de carne de vaca en los \u00faltimos 28 a\u00f1os seg\u00fan las estad\u00edsticas de la C\u00e1mara de la Industria y Comercio de Carnes y Derivados de la Rep\u00fablica Argentina (Ciccra).<\/p>\n\n\n\n<p>Pese a esto, si se suma la demanda de carne vacuna, aviar y bovina, Argentina se ubica dentro de los primeros puestos de pa\u00edses en el mundo con mayor ingesta per c\u00e1pita. Ocupa el segundo puesto con 115 kilogramos por persona, detr\u00e1s de Estados Unidos, que tiene un promedio de 120 kilos, y delante de Australia, con 105.<\/p>\n\n\n\n<h2 class=\"wp-block-heading\">Consumo de carne por categor\u00eda<\/h2>\n\n\n\n<p>Argentina fue en 2024 el primer consumidor global de carne vacuna per c\u00e1pita, con un promedio de 48.5 kilos por persona, seguido en la regi\u00f3n por Uruguay, con 42.2 kilos, y Brasil, con 39.5 kilos.<\/p>\n\n\n\n<p>Aunque creci\u00f3 el consumo de pollo, no ingres\u00f3 al podio de los l\u00edderes de demanda de carne aviar a nivel mundial, el cual es encabezado por Per\u00fa, con 56.4 kilos per c\u00e1pita, escoltado por Estados Unidos, con 53.6 kilos, y Australia, con 53,4 kilos.<\/p>\n\n\n\n<p>En tanto, la carne de cerdo contin\u00faa siendo la l\u00edder a nivel global, algo que se ve reflejado en el pa\u00eds donde duplic\u00f3 el consumo en los \u00faltimos doce a\u00f1os y alcanz\u00f3 en 2024 un promedio de 17.7 kilos por persona. En t\u00e9rminos generales, est\u00e1 muy lejos de Corea del Sur, el mayor comprados de carne bovina.<\/p>\n","protected":false},"excerpt":{"rendered":"<p>As\u00ed lo aseguran tanto el Departamento de Agricultura de Estados Unidos (USDA, como la Organizaci\u00f3n Mundial de la Salud (OMS). Ante la ca\u00edda del consumo de carne vacuna en el pa\u00eds, que en 2024 toc\u00f3 m\u00ednimos hist\u00f3ricos por la crisis econ\u00f3mica, los argentinos se vieron obligados a cambiar su alimentaci\u00f3n y, por primera vez en&hellip;<\/p>\n","protected":false},"author":1,"featured_media":135483,"comment_status":"open","ping_status":"open","sticky":false,"template":"","format":"standard","meta":{"footnotes":""},"categories":[9],"tags":[2946,23760,1706,2450,22023,2054,4624,44513],"class_list":["post-135482","post","type-post","status-publish","format-standard","has-post-thumbnail","hentry","category-economia","tag-carne","tag-ciccra","tag-consumo","tag-diario-el-sindical","tag-economia","tag-oms","tag-pollo","tag-usda"],"_links":{"self":[{"href":"https:\/\/www.elsindical.com.ar\/notas\/wp-json\/wp\/v2\/posts\/135482","targetHints":{"allow":["GET"]}}],"collection":[{"href":"https:\/\/www.elsindical.com.ar\/notas\/wp-json\/wp\/v2\/posts"}],"about":[{"href":"https:\/\/www.elsindical.com.ar\/notas\/wp-json\/wp\/v2\/types\/post"}],"author":[{"embeddable":true,"href":"https:\/\/www.elsindical.com.ar\/notas\/wp-json\/wp\/v2\/users\/1"}],"replies":[{"embeddable":true,"href":"https:\/\/www.elsindical.com.ar\/notas\/wp-json\/wp\/v2\/comments?post=135482"}],"version-history":[{"count":1,"href":"https:\/\/www.elsindical.com.ar\/notas\/wp-json\/wp\/v2\/posts\/135482\/revisions"}],"predecessor-version":[{"id":135484,"href":"https:\/\/www.elsindical.com.ar\/notas\/wp-json\/wp\/v2\/posts\/135482\/revisions\/135484"}],"wp:featuredmedia":[{"embeddable":true,"href":"https:\/\/www.elsindical.com.ar\/notas\/wp-json\/wp\/v2\/media\/135483"}],"wp:attachment":[{"href":"https:\/\/www.elsindical.com.ar\/notas\/wp-json\/wp\/v2\/media?parent=135482"}],"wp:term":[{"taxonomy":"category","embeddable":true,"href":"https:\/\/www.elsindical.com.ar\/notas\/wp-json\/wp\/v2\/categories?post=135482"},{"taxonomy":"post_tag","embeddable":true,"href":"https:\/\/www.elsindical.com.ar\/notas\/wp-json\/wp\/v2\/tags?post=135482"}],"curies":[{"name":"wp","href":"https:\/\/api.w.org\/{rel}","templated":true}]}}