{"id":135459,"date":"2025-01-17T00:51:43","date_gmt":"2025-01-17T03:51:43","guid":{"rendered":"https:\/\/www.elsindical.com.ar\/notas\/?p=135459"},"modified":"2025-01-17T00:51:47","modified_gmt":"2025-01-17T03:51:47","slug":"milei-se-va-una-semana-a-estados-unidos-y-suiza","status":"publish","type":"post","link":"https:\/\/www.elsindical.com.ar\/notas\/milei-se-va-una-semana-a-estados-unidos-y-suiza\/","title":{"rendered":"Milei se va una semana a Estados Unidos y Suiza"},"content":{"rendered":"\n<figure class=\"wp-block-image size-large\"><a href=\"https:\/\/www.elsindical.com.ar\/notas\/var\/www\/html\/notas\/wp-content\/uploads\/2024\/05\/Mileiaeropuerto.jpg\"><img loading=\"lazy\" decoding=\"async\" width=\"1024\" height=\"576\" src=\"https:\/\/www.elsindical.com.ar\/notas\/var\/www\/html\/notas\/wp-content\/uploads\/2024\/05\/Mileiaeropuerto-1024x576.jpg\" alt=\"\" class=\"wp-image-130792\" srcset=\"https:\/\/www.elsindical.com.ar\/notas\/var\/www\/html\/notas\/wp-content\/uploads\/2024\/05\/Mileiaeropuerto-1024x576.jpg 1024w, https:\/\/www.elsindical.com.ar\/notas\/var\/www\/html\/notas\/wp-content\/uploads\/2024\/05\/Mileiaeropuerto-300x169.jpg 300w, https:\/\/www.elsindical.com.ar\/notas\/var\/www\/html\/notas\/wp-content\/uploads\/2024\/05\/Mileiaeropuerto-768x432.jpg 768w, https:\/\/www.elsindical.com.ar\/notas\/var\/www\/html\/notas\/wp-content\/uploads\/2024\/05\/Mileiaeropuerto-500x281.jpg 500w, https:\/\/www.elsindical.com.ar\/notas\/var\/www\/html\/notas\/wp-content\/uploads\/2024\/05\/Mileiaeropuerto-460x260.jpg 460w, https:\/\/www.elsindical.com.ar\/notas\/var\/www\/html\/notas\/wp-content\/uploads\/2024\/05\/Mileiaeropuerto.jpg 1200w\" sizes=\"auto, (max-width: 1024px) 100vw, 1024px\" \/><\/a><\/figure>\n\n\n\n<p>El presidente Javier Milei tendr\u00e1 su primera gira internacional en 2025 que <strong>incluir\u00e1 una nueva visita a los Estados Unidos, con eje en la asunci\u00f3n de Donald Trump, <\/strong>y en Suiza, donde participar\u00e1 del Foro Econ\u00f3mico de Davos.<\/p>\n\n\n\n<p>El presidente, que ya suma 44 d\u00edas de giras internacionales, <strong>partir\u00e1 el viernes por la noche y estar\u00e1 ausente en el pa\u00eds hasta el s\u00e1bado 25 de enero.<\/strong><\/p>\n\n\n\n<p>Adem\u00e1s de recibir <strong>dos premios en plan estrella de la ultraderecha<\/strong>, el Jefe de Estado se reunir\u00e1 con la Directora Gerente del Fondo Monetario Internacional (FMI) Kristalina Georgieva y participar\u00e1 de una cena y baile a la que asistir\u00e1n referentes del Partido Republicano y luego se quedar\u00e1 para la asunci\u00f3n presidencial de Donald Trump.<\/p>\n\n\n\n<p>A Suiza llegar\u00e1 el pr\u00f3ximo martes y su actividad central ser\u00e1 el jueves por la ma\u00f1ana cuando <strong>dar\u00e1 un discurso de 30 minutos en el Foro Econ\u00f3mico Mundial<\/strong> de Davos donde, adem\u00e1s, tiene prevista una reuni\u00f3n con el CEO de Coca Cola, James Quincey.<\/p>\n\n\n\n<h2 class=\"wp-block-heading\">La agenda de Javier Milei por Estados Unidos y Suiza<\/h2>\n\n\n\n<ul class=\"wp-block-list\">\n<li>El presidente Javier Milei partir\u00e1 ma\u00f1ana a las 23:59 en un vuelo especial rumbo a Washington DC, donde arribar\u00e1 a las 10 horas del s\u00e1bado en horario argentino.<\/li>\n\n\n\n<li>El s\u00e1bado 18, el presidente participar\u00e1 de la Gala Inaugural Hisp\u00e1nica, donde ser\u00e1 galardonado con el premio LWS Award 2025-Titan of Economic Reform.<\/li>\n\n\n\n<li>El domingo 19 a las 12:30 visitar\u00e1 el Instituto Milken, mientras que a las 14:30 mantendr\u00e1 una reuni\u00f3n con la Directora Gerente del Fondo Monetario Internacional, Kristalina Gueorguieva.<\/li>\n\n\n\n<li>A la noche, desde las 20, participar\u00e1 de la Gala 1775, donde dar\u00e1 unas palabras y recibir\u00e1 el premio 2025 Champion of Economic Freedom.<\/li>\n\n\n\n<li>M\u00e1s tarde, a partir de las 22, asistir\u00e1 a la Gala Inaugural Latina organizada por la Asamblea Nacional Hispana Republicana y el America First Policy Institute, donde dar\u00e1 unas palabras.<\/li>\n\n\n\n<li>El lunes 20 a las 10 asistir\u00e1 a la ceremonia religiosa oficial en el marco de la toma de posesi\u00f3n del presidente electo de los Estados Unidos, Donald Trump.<\/li>\n\n\n\n<li>A las 11:30 asistir\u00e1 a la ceremonia de toma de posesi\u00f3n de Trump, donde prestar\u00e1 juramento como 47\u00ba presidente de los Estados Unidos. La ceremonia durar\u00e1 hasta las 14:30.<\/li>\n\n\n\n<li>Durante la noche, participar\u00e1 de la Gala oficial inaugural Starlight.<\/li>\n\n\n\n<li>El martes 21 a las 22 partir\u00e1 el vuelo especial del presidente hacia Zurich, para participar del Foro Econ\u00f3mico Mundial en Davos, donde arribar\u00e1 a las 6 de la ma\u00f1ana del mi\u00e9rcoles 22.<\/li>\n\n\n\n<li>A las 13, ser\u00e1 entrevistado por la Agencia de Noticias Bloomberg.<\/li>\n\n\n\n<li>El jueves a las 6:15, dar\u00e1 un discurso de 30 minutos en el Foro Econ\u00f3mico Mundial.<\/li>\n\n\n\n<li>A las 7, tendr\u00e1 una reuni\u00f3n con el CEO de Coca Cola, James Quincey, mientras que una hora m\u00e1s tarde participar\u00e1 del Country Strategy Dialogue on Argentina un encuentro de trabajo con directivos de empresas y holdings de los m\u00e1s diversos sectores y pa\u00edses.<\/li>\n\n\n\n<li>A las 12:50 recibir\u00e1 el Premio R\u00f6pke otorgado por el Liberales Institut, un centro de pensamiento liberal cl\u00e1sico, fundado en 1979 Z\u00farich, Suiza. En dicho evento disertar\u00e1 durante 30 minutos.<\/li>\n\n\n\n<li>A las 17:30, partir\u00e1 el vuelo especial que conducir\u00e1 de regreso al Presidente de la Naci\u00f3n y su comitiva a Buenos Aires, donde llegar\u00e1 a las 9 del s\u00e1bado, previa escala t\u00e9cnica en Recife, Brasil.<\/li>\n<\/ul>\n","protected":false},"excerpt":{"rendered":"<p>El presidente Javier Milei tendr\u00e1 su primera gira internacional en 2025 que incluir\u00e1 una nueva visita a los Estados Unidos, con eje en la asunci\u00f3n de Donald Trump, y en Suiza, donde participar\u00e1 del Foro Econ\u00f3mico de Davos. El presidente, que ya suma 44 d\u00edas de giras internacionales, partir\u00e1 el viernes por la noche y&hellip;<\/p>\n","protected":false},"author":1,"featured_media":130792,"comment_status":"open","ping_status":"open","sticky":false,"template":"","format":"standard","meta":{"footnotes":""},"categories":[13],"tags":[2450,24748,141,44506,28812,1646,9728],"class_list":["post-135459","post","type-post","status-publish","format-standard","has-post-thumbnail","hentry","category-politica","tag-diario-el-sindical","tag-donald-trump","tag-eeuu","tag-foro-economico-de-davos","tag-javier-milei","tag-suiza","tag-viajes"],"_links":{"self":[{"href":"https:\/\/www.elsindical.com.ar\/notas\/wp-json\/wp\/v2\/posts\/135459","targetHints":{"allow":["GET"]}}],"collection":[{"href":"https:\/\/www.elsindical.com.ar\/notas\/wp-json\/wp\/v2\/posts"}],"about":[{"href":"https:\/\/www.elsindical.com.ar\/notas\/wp-json\/wp\/v2\/types\/post"}],"author":[{"embeddable":true,"href":"https:\/\/www.elsindical.com.ar\/notas\/wp-json\/wp\/v2\/users\/1"}],"replies":[{"embeddable":true,"href":"https:\/\/www.elsindical.com.ar\/notas\/wp-json\/wp\/v2\/comments?post=135459"}],"version-history":[{"count":1,"href":"https:\/\/www.elsindical.com.ar\/notas\/wp-json\/wp\/v2\/posts\/135459\/revisions"}],"predecessor-version":[{"id":135460,"href":"https:\/\/www.elsindical.com.ar\/notas\/wp-json\/wp\/v2\/posts\/135459\/revisions\/135460"}],"wp:featuredmedia":[{"embeddable":true,"href":"https:\/\/www.elsindical.com.ar\/notas\/wp-json\/wp\/v2\/media\/130792"}],"wp:attachment":[{"href":"https:\/\/www.elsindical.com.ar\/notas\/wp-json\/wp\/v2\/media?parent=135459"}],"wp:term":[{"taxonomy":"category","embeddable":true,"href":"https:\/\/www.elsindical.com.ar\/notas\/wp-json\/wp\/v2\/categories?post=135459"},{"taxonomy":"post_tag","embeddable":true,"href":"https:\/\/www.elsindical.com.ar\/notas\/wp-json\/wp\/v2\/tags?post=135459"}],"curies":[{"name":"wp","href":"https:\/\/api.w.org\/{rel}","templated":true}]}}