{"id":135457,"date":"2025-01-17T00:15:03","date_gmt":"2025-01-17T03:15:03","guid":{"rendered":"https:\/\/www.elsindical.com.ar\/notas\/?p=135457"},"modified":"2025-01-17T00:15:09","modified_gmt":"2025-01-17T03:15:09","slug":"140-familias-pueden-quedar-sin-empleo-ante-el-cierre-de-la-defensoria-del-publico-mientras-crece-la-violencia-en-los-medios-y-la-sociedad","status":"publish","type":"post","link":"https:\/\/www.elsindical.com.ar\/notas\/140-familias-pueden-quedar-sin-empleo-ante-el-cierre-de-la-defensoria-del-publico-mientras-crece-la-violencia-en-los-medios-y-la-sociedad\/","title":{"rendered":"140 familias pueden quedar sin empleo ante el cierre de la Defensor\u00eda del P\u00fablico, mientras crece la violencia en los medios y la sociedad"},"content":{"rendered":"<div class=\"wp-block-image\">\n<figure class=\"aligncenter size-full\"><a href=\"https:\/\/www.elsindical.com.ar\/notas\/var\/www\/html\/notas\/wp-content\/uploads\/2024\/12\/Defensoria-del-Publico.jpg\"><img loading=\"lazy\" decoding=\"async\" width=\"680\" height=\"510\" src=\"https:\/\/www.elsindical.com.ar\/notas\/var\/www\/html\/notas\/wp-content\/uploads\/2024\/12\/Defensoria-del-Publico.jpg\" alt=\"\" class=\"wp-image-134990\" srcset=\"https:\/\/www.elsindical.com.ar\/notas\/var\/www\/html\/notas\/wp-content\/uploads\/2024\/12\/Defensoria-del-Publico.jpg 680w, https:\/\/www.elsindical.com.ar\/notas\/var\/www\/html\/notas\/wp-content\/uploads\/2024\/12\/Defensoria-del-Publico-300x225.jpg 300w, https:\/\/www.elsindical.com.ar\/notas\/var\/www\/html\/notas\/wp-content\/uploads\/2024\/12\/Defensoria-del-Publico-400x300.jpg 400w\" sizes=\"auto, (max-width: 680px) 100vw, 680px\" \/><\/a><\/figure>\n<\/div>\n\n\n<p>La intervenci\u00f3n de Soher El Sukaria modific\u00f3 el estatuto del organismo sin la participaci\u00f3n de la bicameral ni de ning\u00fan otro ente que le de legitimidad institucional mayor que el de este mismo nombramiento que es igual de ilegitimo ya que fue realizado por acto administrativo dirigido desde el ejecutivo, una entidad que no deber\u00eda tener injerencia sobre la Defensor\u00eda que es un entidad perteneciente al poder legislativo.<\/p>\n\n\n\n<p>Junto a esta modificaci\u00f3n estatutaria se llev\u00f3 adelante una reestructuraci\u00f3n de la planta que elimina \u00e1reas fundamentales que son la que tienen capacidad de sanci\u00f3n, las de capacitaci\u00f3n, las de protecci\u00f3n de derechos y las pedag\u00f3gicas. Solo quedan en funcionamiento las \u00e1reas que realizan informes y tomas de denuncias sin m\u00e1s facultades que tomar registro de lo que pasa. Sin capacidad de acci\u00f3n, la Defensor\u00eda, que ya sufr\u00eda desde hace varios a\u00f1os, las consecuencias de limitaciones en su labor, quedar\u00e1 obsoleta.<\/p>\n\n\n\n<p>Son 140 las y los trabajadores que tienen en riesgo su puesto de trabajo ante el cierre de la Defensor\u00eda. Desde las autoridades del gobierno han notificado el pase a disposici\u00f3n de 40 personas que eran planta permanente de la entidad, pero quienes trabajaron hasta el mes pasado en el organismo afirman que por reglamento, en caso de que la Defensor\u00eda del P\u00fablico cierre, deber\u00edan pasar a cumplir tareas en el Congreso Nacional.<\/p>\n\n\n\n<p>La Defensor\u00eda del P\u00fablico es el resultado de much\u00edsimos foros de universidades p\u00fablicas y medios durante a\u00f1os y a\u00f1os; tiene como misi\u00f3n escuchar a las audiencias y representar sus intereses. Gracias a audiencias p\u00fablicas que se hac\u00edan en todo el pa\u00eds, ha producido documentos e investigaciones clave para la evoluci\u00f3n cultural, siendo reconocida internacionalmente por su compromiso con la promoci\u00f3n de sociedades m\u00e1s pac\u00edficas. A pesar de que no tiene capacidad sancionadora, su trabajo a trav\u00e9s de recomendaciones ha sido vital para mejorar la calidad de la comunicaci\u00f3n en Argentina y en el mundo. Hoy, inspirados por este ejemplo, existen defensor\u00edas en muchos pa\u00edses, ejerciendo una escucha activa y transformando el modo en que se comunica a trav\u00e9s de los medios.<\/p>\n\n\n\n<p>En un organismo que defiende el derecho a la comunicaci\u00f3n, hizo falta fallar a la palabra, solamente, para destruir el sue\u00f1o de toda una patria, que al mismo tiempo es ejemplo en el mundo entero. La mentira triunf\u00f3 contra a\u00f1os de utop\u00edas democr\u00e1ticas, en un lugar que deber\u00eda ser un basti\u00f3n de defensa del derecho a la comunicaci\u00f3n. Violencia es mentir, y se ha usado la violencia para desmantelar lo que durante a\u00f1os ha sido un faro de esperanza. Este es un golpe a las utop\u00edas democr\u00e1ticas, y los derechos obtenidos.<\/p>\n\n\n\n<p>Mientras se cierran estas instituciones, crece la violencia en los medios sin que el estado cumpla ninguna funci\u00f3n de resguardo para la sociedad \u00bfQui\u00e9n garantizar\u00e1 que se respete el horario de protecci\u00f3n al menor? \u00bfC\u00f3mo har\u00e1n las audiencias para denunciar la violencia a diversos sectores sociales por parte de los medios?<\/p>\n","protected":false},"excerpt":{"rendered":"<p>La intervenci\u00f3n de Soher El Sukaria modific\u00f3 el estatuto del organismo sin la participaci\u00f3n de la bicameral ni de ning\u00fan otro ente que le de legitimidad institucional mayor que el de este mismo nombramiento que es igual de ilegitimo ya que fue realizado por acto administrativo dirigido desde el ejecutivo, una entidad que no deber\u00eda&hellip;<\/p>\n","protected":false},"author":1,"featured_media":134990,"comment_status":"open","ping_status":"open","sticky":false,"template":"","format":"standard","meta":{"footnotes":""},"categories":[6,25],"tags":[3234,33182,2450,158,44505],"class_list":["post-135457","post","type-post","status-publish","format-standard","has-post-thumbnail","hentry","category-denuncias","category-sociedad","tag-congreso-nacional","tag-defensoria-del-publico","tag-diario-el-sindical","tag-intervencion","tag-soher-el-sukaria"],"_links":{"self":[{"href":"https:\/\/www.elsindical.com.ar\/notas\/wp-json\/wp\/v2\/posts\/135457","targetHints":{"allow":["GET"]}}],"collection":[{"href":"https:\/\/www.elsindical.com.ar\/notas\/wp-json\/wp\/v2\/posts"}],"about":[{"href":"https:\/\/www.elsindical.com.ar\/notas\/wp-json\/wp\/v2\/types\/post"}],"author":[{"embeddable":true,"href":"https:\/\/www.elsindical.com.ar\/notas\/wp-json\/wp\/v2\/users\/1"}],"replies":[{"embeddable":true,"href":"https:\/\/www.elsindical.com.ar\/notas\/wp-json\/wp\/v2\/comments?post=135457"}],"version-history":[{"count":1,"href":"https:\/\/www.elsindical.com.ar\/notas\/wp-json\/wp\/v2\/posts\/135457\/revisions"}],"predecessor-version":[{"id":135458,"href":"https:\/\/www.elsindical.com.ar\/notas\/wp-json\/wp\/v2\/posts\/135457\/revisions\/135458"}],"wp:featuredmedia":[{"embeddable":true,"href":"https:\/\/www.elsindical.com.ar\/notas\/wp-json\/wp\/v2\/media\/134990"}],"wp:attachment":[{"href":"https:\/\/www.elsindical.com.ar\/notas\/wp-json\/wp\/v2\/media?parent=135457"}],"wp:term":[{"taxonomy":"category","embeddable":true,"href":"https:\/\/www.elsindical.com.ar\/notas\/wp-json\/wp\/v2\/categories?post=135457"},{"taxonomy":"post_tag","embeddable":true,"href":"https:\/\/www.elsindical.com.ar\/notas\/wp-json\/wp\/v2\/tags?post=135457"}],"curies":[{"name":"wp","href":"https:\/\/api.w.org\/{rel}","templated":true}]}}