{"id":135425,"date":"2025-01-15T22:14:15","date_gmt":"2025-01-16T01:14:15","guid":{"rendered":"https:\/\/www.elsindical.com.ar\/notas\/?p=135425"},"modified":"2025-01-15T22:27:44","modified_gmt":"2025-01-16T01:27:44","slug":"san-justo-motochorros-balearon-un-colectivo-mataron-a-una-pasajera-e-hirieron-a-su-hija","status":"publish","type":"post","link":"https:\/\/www.elsindical.com.ar\/notas\/san-justo-motochorros-balearon-un-colectivo-mataron-a-una-pasajera-e-hirieron-a-su-hija\/","title":{"rendered":"San Justo: motochorros balearon un colectivo, mataron a una pasajera e hirieron a su hija"},"content":{"rendered":"<div class=\"wp-block-image\">\n<figure class=\"aligncenter size-full\"><a href=\"https:\/\/www.elsindical.com.ar\/notas\/var\/www\/html\/notas\/wp-content\/uploads\/2025\/01\/motochorros-asesinos-San-Justo.jpg\"><img loading=\"lazy\" decoding=\"async\" width=\"700\" height=\"408\" src=\"https:\/\/www.elsindical.com.ar\/notas\/var\/www\/html\/notas\/wp-content\/uploads\/2025\/01\/motochorros-asesinos-San-Justo.jpg\" alt=\"\" class=\"wp-image-135426\" srcset=\"https:\/\/www.elsindical.com.ar\/notas\/var\/www\/html\/notas\/wp-content\/uploads\/2025\/01\/motochorros-asesinos-San-Justo.jpg 700w, https:\/\/www.elsindical.com.ar\/notas\/var\/www\/html\/notas\/wp-content\/uploads\/2025\/01\/motochorros-asesinos-San-Justo-300x175.jpg 300w, https:\/\/www.elsindical.com.ar\/notas\/var\/www\/html\/notas\/wp-content\/uploads\/2025\/01\/motochorros-asesinos-San-Justo-500x291.jpg 500w\" sizes=\"auto, (max-width: 700px) 100vw, 700px\" \/><\/a><\/figure>\n<\/div>\n\n\n<p>Ocurri\u00f3 esta ma\u00f1ana en el partido de La Matanza, provincia de Buenos Aires. Una nena que acompa\u00f1aba a la v\u00edctima fatal tambi\u00e9n result\u00f3 herida por las balas.<\/p>\n\n\n\n<p>Una mujer que <strong>viajaba en un colectivo<\/strong> fue asesinada en <em><strong>La Matanza<\/strong><\/em> por motochorros que balearon el interno 623, en medio de un robo, indicaron fuentes del caso.<\/p>\n\n\n\n<p>Los ladrones dispararon contra la unidad de la l\u00ednea 174 en represalia porque el chofer intent\u00f3 evitar que asaltaran a un vecino del barrio San Nicol\u00e1s, de San Justo. Una nena que acompa\u00f1aba a la v\u00edctima fatal, identificada como <strong>Hilda Tello, de 45 a\u00f1os,<\/strong> tambi\u00e9n result\u00f3 herida por las balas.<\/p>\n\n\n\n<p>El hecho ocurri\u00f3 cerca de este mediod\u00eda en Coronel Lynch al 2000, cuando dos hombres armados sorprendieron a un vecino que lavaba el auto en la vereda de su casa. Seg\u00fan el relato de vecinos, <strong>fueron tres las detonaciones que se escucharon<\/strong> luego de que el colectivero les tirara el veh\u00edculo encima a los dos delincuentes,<\/p>\n\n\n\n<p>Con la moto en marcha,<strong> el acompa\u00f1ante gir\u00f3, apunt\u00f3 al colectivo y dispar\u00f3<\/strong> mientras escapaban de la escena del hecho. La secuencia qued\u00f3 registrada por una c\u00e1mara de seguridad y el video se viraliz\u00f3 en redes sociales.<\/p>\n\n\n\n<figure class=\"wp-block-embed is-type-video is-provider-youtube wp-block-embed-youtube wp-embed-aspect-16-9 wp-has-aspect-ratio\"><div class=\"wp-block-embed__wrapper\">\n<iframe loading=\"lazy\" title=\"San Justo motochorros asesinan a una mujer y dejan herida a su hija menor de edad\" width=\"700\" height=\"394\" src=\"https:\/\/www.youtube.com\/embed\/KFT_jWO8tHw?feature=oembed\" frameborder=\"0\" allow=\"accelerometer; autoplay; clipboard-write; encrypted-media; gyroscope; picture-in-picture; web-share\" referrerpolicy=\"strict-origin-when-cross-origin\" allowfullscreen><\/iframe>\n<\/div><\/figure>\n\n\n\n<p><strong>Uno de esos disparos impact\u00f3 en una pasajera de 45 a\u00f1os<\/strong>. Su hija, de 8, result\u00f3 herida por los balazos. Ambas fueron trasladadas a un centro de salud ubicado cerca del lugar. Otra menor de 9 a\u00f1os que viajaba con ellas result\u00f3 ilesa.<\/p>\n\n\n\n<p>En el caso interviene el fiscal <strong>Adri\u00e1n Arribas, <\/strong>de turno en la Unidad Funcional de Instrucci\u00f3n especializada en homicidios de La Matanza.<\/p>\n\n\n\n<p>\u201cVen\u00eda con los auriculares. Fueron segundos, estallaron los vidrios, nos tiramos al piso y cuando me doy vuelta, la vi a la chica tirada sobre el asiento totalmente desvanecida.<strong> El chofer empez\u00f3 a los gritos, cuando le dijimos que hab\u00eda una herida de bala. Actu\u00f3 r\u00e1pido<\/strong> y se dirigi\u00f3 a una cl\u00ednica cercana\u201d; indic\u00f3 una pasajera que fue testigo del homicidio a <em>TN.<\/em><\/p>\n\n\n\n<p><strong>\u201cMe qued\u00f3 el grito en la cabeza de la nena: \u2018Mam\u00e1, mam\u00e1, despertate<\/strong>\u2019\u201d, dijo sobre el dram\u00e1tico momento. La joven, de nombre Tamara, indic\u00f3 que iba al lado de la v\u00edctima, quien recibi\u00f3 el balazo en el t\u00f3rax cuando llevaba a su hija en brazos.<\/p>\n\n\n\n<p>En Facebook, Tamara hab\u00eda remarcado: \u201c<strong>Yo ven\u00eda en ese colectivo al lado de la chica<\/strong> que estaba con otra mujer y dos criaturas, el chofer no se quiso hacer el h\u00e9roe ni nada\u201d, escribi\u00f3.<\/p>\n\n\n\n<p>Luego, detall\u00f3: \u201cLa chica perdi\u00f3 la conciencia en el momento, los impactos dieron en el vidrio de atr\u00e1s y en la chapa. <strong>Tambi\u00e9n hab\u00eda una se\u00f1ora que se cort\u00f3 la cara cuando nos tiramos al piso.<\/strong> Muy triste\u201d, se lament\u00f3.<\/p>\n\n\n\n<p>\u201c<strong>Para m\u00ed falleci\u00f3 en el momento\u201d<\/strong>, se\u00f1al\u00f3 la testigo, que dijo haber quedado en estado de shock tras el ataque. Por \u00faltimo, describi\u00f3 la situaci\u00f3n de inseguridad que se vive en la zona.<\/p>\n\n\n\n<p>\u201c\u00bfPor qu\u00e9 no hacen nada? No valemos nada,<strong> salimos a trabajar y no sabemos si volvemos<\/strong>. Y no me vengan con pol\u00edtica, est\u00e9 quien est\u00e9, no se puede vivir m\u00e1s. Yo tomo ese colectivo todos los d\u00edas para ir a trabajar, podr\u00eda ser yo o cualquiera del barrio. <strong>Algo hay que hacer, no se puede m\u00e1s vivir as\u00ed<\/strong>\u201c, se lament\u00f3 un vecino en redes sociales tras el violento episodio.<\/p>\n\n\n\n<p>Otra usuaria se quej\u00f3 de los reiterados robos en la zona: \u201c\u00a1Hasta cu\u00e1ndo, Dios m\u00edo! Pobre mujer. Los chorros vivitos y coleando. San Justo, tierra de nadie, la Polic\u00eda brilla por su ausencia. <strong>Que alguien nos ayude, por favor<\/strong>\u201c.<\/p>\n\n\n<div class=\"wp-block-image\">\n<figure class=\"aligncenter size-full\"><a href=\"https:\/\/www.elsindical.com.ar\/notas\/var\/www\/html\/notas\/wp-content\/uploads\/2025\/01\/Hilda-Tello-y-marido.jpg\"><img loading=\"lazy\" decoding=\"async\" width=\"359\" height=\"471\" src=\"https:\/\/www.elsindical.com.ar\/notas\/var\/www\/html\/notas\/wp-content\/uploads\/2025\/01\/Hilda-Tello-y-marido.jpg\" alt=\"\" class=\"wp-image-135427\" srcset=\"https:\/\/www.elsindical.com.ar\/notas\/var\/www\/html\/notas\/wp-content\/uploads\/2025\/01\/Hilda-Tello-y-marido.jpg 359w, https:\/\/www.elsindical.com.ar\/notas\/var\/www\/html\/notas\/wp-content\/uploads\/2025\/01\/Hilda-Tello-y-marido-229x300.jpg 229w\" sizes=\"auto, (max-width: 359px) 100vw, 359px\" \/><\/a><\/figure>\n<\/div>\n\n\n<h2 class=\"wp-block-heading\">Madre de 8 hijos y casada desde hace 26 a\u00f1os: qui\u00e9n era Hilda, la mujer asesinada por motochorros en San Justo<\/h2>\n\n\n\n<p>Hilda Tello recibi\u00f3 el impacto de una bala cuando viajaba junto a su hija de ocho a\u00f1os en el interno 623 de la l\u00ednea 174, en la provincia de Buenos Aires<\/p>\n\n\n\n<p>En redes sociales, <strong>Hilda Tello<\/strong> usaba su segundo nombre y el apellido de su esposo, Horacio Ramos. La mujer de 45 a\u00f1os <em>fue asesinada en San Justo este mi\u00e9rcoles<\/em>, cerca del mediod\u00eda, cuando delincuentes balearon el colectivero en el que viajaba junto a una de sus hijas m\u00e1s peque\u00f1as.<\/p>\n\n\n\n<p>Tello era madre de ocho chicos. Las edades van desde los 29 a los 5 a\u00f1os.<strong> Viv\u00eda en un barrio de Isidro Casanova junto a su familia<\/strong>, ubicado a unas 40 cuadras del sitio donde recibi\u00f3 el balazo que la dej\u00f3 inconsciente en un asiento del interno 623 de la L\u00ednea 174.<\/p>\n\n\n\n<p>Hace poco m\u00e1s de un mes, el 4 de diciembre, <strong>su marido hab\u00eda realizado un posteo en Facebook para celebrar su aniversario<\/strong>. Junto a una foto, el hombre acompa\u00f1\u00f3 un emotivo mensaje.<\/p>\n\n\n\n<p>\u201cHola mi vida, feliz aniversario Cristina Ramos. Ya llevamos 26 a\u00f1os de casados y <strong>estoy feliz de haberte elegido.<\/strong> Gracias por ser la mujer que sos y la madre que sos. Vamos por muchos a\u00f1os m\u00e1s juntos. Te amo mi vida\u201d, escribi\u00f3 Horacio.<\/p>\n\n\n\n<p>\u201cFeliz aniversario amor m\u00edo, gracias por todos estos a\u00f1os juntos y <strong>que sean muchos a\u00f1os m\u00e1s mi vida te amo mucho <\/strong>y gracias a todos los que saludaron\u201d, respondi\u00f3 la mujer en la publicaci\u00f3n.<\/p>\n\n\n\n<p>En su perfil, la v\u00edctima compart\u00eda fotos de su familia. El lunes realiz\u00f3 el \u00faltimo posteo, un mensaje para advertir sobre la importancia de discriminar a quienes \u201cte buscan por lo que eres\u201d y quienes <strong>\u201cte buscan porque quieren algo de ti\u201d<\/strong>. Este tipo de reflexiones son frecuentes en el muro de Hilda, al igual que las publicaciones de amor dedicadas a su marido y videos de humor.<\/p>\n\n\n\n<p>Un d\u00eda antes de Fin de A\u00f1o, manifest\u00f3 su deseo de un 2025 <strong>\u201clleno de viajes\u201d.<\/strong><\/p>\n\n\n\n<h2 class=\"wp-block-heading\">El caso<\/h2>\n\n\n\n<p>El colectivo de la <strong>l\u00ednea 174 <\/strong>iba lleno de pasajeros que fueron testigos del asesinato de una pasajera a manos de motochorros que dispararon contra el veh\u00edculo este mi\u00e9rcoles en San Justo, partido de La Matanza, mientras se escapabajunto a su c\u00f3mplice de un intento de asalto.<\/p>\n\n\n\n<p>Una de las personas que viajaban junto a la v\u00edctima fatal dio su testimonio sobre<strong> c\u00f3mo se vivi\u00f3 la tragedia a bordo del veh\u00edculo.<\/strong><\/p>\n\n\n\n<p>Es algo de lo que no me puedo terminar de reponer. Sal\u00eds de tu casa y <strong>no sab\u00e9s si volv\u00e9s con la inseguridad que hay en la calle<\/strong>, es terrible\u201d, lament\u00f3 <strong>Tamara, <\/strong>en di\u00e1logo con <em>TN<\/em>.<\/p>\n\n\n\n<p>Tamara estaba en el asiento del fondo, junto a la ventanilla derecha. A su lado viajaba <strong>Hilda Tello <\/strong>(45), la mujer fallecida, y a la par estaban sentadas <strong>dos nenas, que ser\u00edan sus hijas.<\/strong><\/p>\n","protected":false},"excerpt":{"rendered":"<p>Ocurri\u00f3 esta ma\u00f1ana en el partido de La Matanza, provincia de Buenos Aires. Una nena que acompa\u00f1aba a la v\u00edctima fatal tambi\u00e9n result\u00f3 herida por las balas. Una mujer que viajaba en un colectivo fue asesinada en La Matanza por motochorros que balearon el interno 623, en medio de un robo, indicaron fuentes del caso.&hellip;<\/p>\n","protected":false},"author":1,"featured_media":135426,"comment_status":"open","ping_status":"open","sticky":false,"template":"","format":"standard","meta":{"footnotes":""},"categories":[22],"tags":[2450,44495,2329,1401,308,2072,1162],"class_list":["post-135425","post","type-post","status-publish","format-standard","has-post-thumbnail","hentry","category-policiales","tag-diario-el-sindical","tag-hilda-tello","tag-homicidio","tag-la-matanza","tag-motochorros","tag-san-justo","tag-san-nicolas"],"_links":{"self":[{"href":"https:\/\/www.elsindical.com.ar\/notas\/wp-json\/wp\/v2\/posts\/135425","targetHints":{"allow":["GET"]}}],"collection":[{"href":"https:\/\/www.elsindical.com.ar\/notas\/wp-json\/wp\/v2\/posts"}],"about":[{"href":"https:\/\/www.elsindical.com.ar\/notas\/wp-json\/wp\/v2\/types\/post"}],"author":[{"embeddable":true,"href":"https:\/\/www.elsindical.com.ar\/notas\/wp-json\/wp\/v2\/users\/1"}],"replies":[{"embeddable":true,"href":"https:\/\/www.elsindical.com.ar\/notas\/wp-json\/wp\/v2\/comments?post=135425"}],"version-history":[{"count":2,"href":"https:\/\/www.elsindical.com.ar\/notas\/wp-json\/wp\/v2\/posts\/135425\/revisions"}],"predecessor-version":[{"id":135429,"href":"https:\/\/www.elsindical.com.ar\/notas\/wp-json\/wp\/v2\/posts\/135425\/revisions\/135429"}],"wp:featuredmedia":[{"embeddable":true,"href":"https:\/\/www.elsindical.com.ar\/notas\/wp-json\/wp\/v2\/media\/135426"}],"wp:attachment":[{"href":"https:\/\/www.elsindical.com.ar\/notas\/wp-json\/wp\/v2\/media?parent=135425"}],"wp:term":[{"taxonomy":"category","embeddable":true,"href":"https:\/\/www.elsindical.com.ar\/notas\/wp-json\/wp\/v2\/categories?post=135425"},{"taxonomy":"post_tag","embeddable":true,"href":"https:\/\/www.elsindical.com.ar\/notas\/wp-json\/wp\/v2\/tags?post=135425"}],"curies":[{"name":"wp","href":"https:\/\/api.w.org\/{rel}","templated":true}]}}