{"id":135234,"date":"2025-01-06T10:41:34","date_gmt":"2025-01-06T13:41:34","guid":{"rendered":"https:\/\/www.elsindical.com.ar\/notas\/?p=135234"},"modified":"2025-01-06T10:41:40","modified_gmt":"2025-01-06T13:41:40","slug":"lanus-balean-al-ex-jugador-nicolas-cignetti-en-un-robo","status":"publish","type":"post","link":"https:\/\/www.elsindical.com.ar\/notas\/lanus-balean-al-ex-jugador-nicolas-cignetti-en-un-robo\/","title":{"rendered":"Lan\u00fas: Balean al ex jugador Nicol\u00e1s Cignetti en un robo"},"content":{"rendered":"<div class=\"wp-block-image\">\n<figure class=\"aligncenter size-full\"><a href=\"https:\/\/www.elsindical.com.ar\/notas\/var\/www\/html\/notas\/wp-content\/uploads\/2025\/01\/Nicolas-Cignetti.jpg\"><img loading=\"lazy\" decoding=\"async\" width=\"700\" height=\"400\" src=\"https:\/\/www.elsindical.com.ar\/notas\/var\/www\/html\/notas\/wp-content\/uploads\/2025\/01\/Nicolas-Cignetti.jpg\" alt=\"\" class=\"wp-image-135236\" srcset=\"https:\/\/www.elsindical.com.ar\/notas\/var\/www\/html\/notas\/wp-content\/uploads\/2025\/01\/Nicolas-Cignetti.jpg 700w, https:\/\/www.elsindical.com.ar\/notas\/var\/www\/html\/notas\/wp-content\/uploads\/2025\/01\/Nicolas-Cignetti-300x171.jpg 300w, https:\/\/www.elsindical.com.ar\/notas\/var\/www\/html\/notas\/wp-content\/uploads\/2025\/01\/Nicolas-Cignetti-500x286.jpg 500w, https:\/\/www.elsindical.com.ar\/notas\/var\/www\/html\/notas\/wp-content\/uploads\/2025\/01\/Nicolas-Cignetti-220x126.jpg 220w\" sizes=\"auto, (max-width: 700px) 100vw, 700px\" \/><\/a><\/figure>\n<\/div>\n\n\n<p>En un nuevo robo violento en la localidad de Lan\u00fas, donde la v\u00edctima se encuentra en grave estado internada, genera alarma entre los vecinos que est\u00e1n cansados de la inoperancia del intendente Juli\u00e1n \u00c1lvarez que apuesta a una gesti\u00f3n de videos en redes sociales, pero no se ocupa de la seguridad.<\/p>\n\n\n\n<p>Un delincuente lo intercept\u00f3 mientras bajaba de su auto junto a su esposa, cuando llegaban a un cumplea\u00f1os de un amigo. Si bien no se resisti\u00f3, recibi\u00f3 un disparo en el abdomen. El veh\u00edculo fue encontrado abandonado.<\/p>\n\n\n<div class=\"wp-block-image\">\n<figure class=\"aligncenter size-full\"><a href=\"https:\/\/www.elsindical.com.ar\/notas\/var\/www\/html\/notas\/wp-content\/uploads\/2025\/01\/Club-Elevacion.jpg\"><img loading=\"lazy\" decoding=\"async\" width=\"700\" height=\"373\" src=\"https:\/\/www.elsindical.com.ar\/notas\/var\/www\/html\/notas\/wp-content\/uploads\/2025\/01\/Club-Elevacion.jpg\" alt=\"\" class=\"wp-image-135235\" srcset=\"https:\/\/www.elsindical.com.ar\/notas\/var\/www\/html\/notas\/wp-content\/uploads\/2025\/01\/Club-Elevacion.jpg 700w, https:\/\/www.elsindical.com.ar\/notas\/var\/www\/html\/notas\/wp-content\/uploads\/2025\/01\/Club-Elevacion-300x160.jpg 300w, https:\/\/www.elsindical.com.ar\/notas\/var\/www\/html\/notas\/wp-content\/uploads\/2025\/01\/Club-Elevacion-500x266.jpg 500w\" sizes=\"auto, (max-width: 700px) 100vw, 700px\" \/><\/a><\/figure>\n<\/div>\n\n\n<p>Un <strong>exjugador de El Porvenir fue baleado en un intento de robo<\/strong> en la puerta del Club Social y Deportivo Elevaci\u00f3n, en la localidad bonaerense de Valent\u00edn Alsina, cuando lleg\u00f3 junto a su esposa para festejar el cumplea\u00f1os de un amigo. <strong>Qued\u00f3 internado y su estado es reservado.<\/strong><\/p>\n\n\n\n<p>Se trata de <strong>Nicol\u00e1s Cignetti,<\/strong> quien fue <strong>interceptado por un delincuente armado. <\/strong>Tras exigirle sus pertenencias, y pese a que no se resisti\u00f3, el asaltante le dispar\u00f3 antes de huir en el auto del exdeportista pese a que este no se resisti\u00f3 al asalto.<\/p>\n\n\n\n<p>El hecho ocurri\u00f3 el s\u00e1bado a las 22 horas en la puerta del club ubicado en la calle Honduras al 2400, entre Rivadavia y Pilcomayo. <strong>La pareja descendi\u00f3 de un Peugeot 208 color blanco y cuando estaban por ingresar al lugar lleg\u00f3 caminando un hombre<\/strong> con una campera y pantal\u00f3n negro, quien <strong>sac\u00f3 el arma<\/strong> y le <strong>exigi\u00f3<\/strong> a Cignetti que <strong>le tirara las llaves al piso junto al celular y la billetera.<\/strong><\/p>\n\n\n\n<p>Sin resistirse, el exdeportista recibi\u00f3 un disparo en el abdomen y cay\u00f3 tendido en el suelo. Minutos despu\u00e9s lleg\u00f3 una ambulancia del SAME que lo traslad\u00f3 de urgencia al Hospital Eva Per\u00f3n, donde fue ingresado con una herida de arma de fuego en el abdomen lado izquierdo y salida del lado derecho. Desde all\u00ed fue trasladado al Hospital Finocchieto donde <strong>permanece internado en el quir\u00f3fano con pron\u00f3stico reservado.<\/strong><\/p>\n\n\n\n<p>Poco despu\u00e9s de la medianoche el veh\u00edculo fue hallado sin ocupantes en Alfredo Colmo al 3900, en la ciudad de Buenos Aires. La Polic\u00eda contin\u00faa realizando tareas investigativas para dar con el autor del hecho. Si bien en la puerta del club hay c\u00e1maras de seguridad, las im\u00e1genes no quedaron guardadas.<\/p>\n","protected":false},"excerpt":{"rendered":"<p>En un nuevo robo violento en la localidad de Lan\u00fas, donde la v\u00edctima se encuentra en grave estado internada, genera alarma entre los vecinos que est\u00e1n cansados de la inoperancia del intendente Juli\u00e1n \u00c1lvarez que apuesta a una gesti\u00f3n de videos en redes sociales, pero no se ocupa de la seguridad. Un delincuente lo intercept\u00f3&hellip;<\/p>\n","protected":false},"author":1,"featured_media":135236,"comment_status":"open","ping_status":"open","sticky":false,"template":"","format":"standard","meta":{"footnotes":""},"categories":[22],"tags":[20712,44421,2450,44422,39958,209,44420,116,325],"class_list":["post-135234","post","type-post","status-publish","format-standard","has-post-thumbnail","hentry","category-policiales","tag-club-el-porvenir","tag-club-elevacion","tag-diario-el-sindical","tag-ex-jugador-de-futbol","tag-julian-alvarez-2","tag-lanus","tag-nicolas-cignetti","tag-robo","tag-valentin-alsina"],"_links":{"self":[{"href":"https:\/\/www.elsindical.com.ar\/notas\/wp-json\/wp\/v2\/posts\/135234","targetHints":{"allow":["GET"]}}],"collection":[{"href":"https:\/\/www.elsindical.com.ar\/notas\/wp-json\/wp\/v2\/posts"}],"about":[{"href":"https:\/\/www.elsindical.com.ar\/notas\/wp-json\/wp\/v2\/types\/post"}],"author":[{"embeddable":true,"href":"https:\/\/www.elsindical.com.ar\/notas\/wp-json\/wp\/v2\/users\/1"}],"replies":[{"embeddable":true,"href":"https:\/\/www.elsindical.com.ar\/notas\/wp-json\/wp\/v2\/comments?post=135234"}],"version-history":[{"count":1,"href":"https:\/\/www.elsindical.com.ar\/notas\/wp-json\/wp\/v2\/posts\/135234\/revisions"}],"predecessor-version":[{"id":135237,"href":"https:\/\/www.elsindical.com.ar\/notas\/wp-json\/wp\/v2\/posts\/135234\/revisions\/135237"}],"wp:featuredmedia":[{"embeddable":true,"href":"https:\/\/www.elsindical.com.ar\/notas\/wp-json\/wp\/v2\/media\/135236"}],"wp:attachment":[{"href":"https:\/\/www.elsindical.com.ar\/notas\/wp-json\/wp\/v2\/media?parent=135234"}],"wp:term":[{"taxonomy":"category","embeddable":true,"href":"https:\/\/www.elsindical.com.ar\/notas\/wp-json\/wp\/v2\/categories?post=135234"},{"taxonomy":"post_tag","embeddable":true,"href":"https:\/\/www.elsindical.com.ar\/notas\/wp-json\/wp\/v2\/tags?post=135234"}],"curies":[{"name":"wp","href":"https:\/\/api.w.org\/{rel}","templated":true}]}}