{"id":135201,"date":"2025-01-04T21:58:17","date_gmt":"2025-01-05T00:58:17","guid":{"rendered":"https:\/\/www.elsindical.com.ar\/notas\/?p=135201"},"modified":"2025-01-04T21:58:24","modified_gmt":"2025-01-05T00:58:24","slug":"grave-denuncia-contra-el-pami-y-la-uom-de-avellaneda","status":"publish","type":"post","link":"https:\/\/www.elsindical.com.ar\/notas\/grave-denuncia-contra-el-pami-y-la-uom-de-avellaneda\/","title":{"rendered":"Grave denuncia contra el PAMI y la UOM de Avellaneda"},"content":{"rendered":"<div class=\"wp-block-image\">\n<figure class=\"aligncenter size-full is-resized\"><a href=\"https:\/\/www.elsindical.com.ar\/notas\/var\/www\/html\/notas\/wp-content\/uploads\/2025\/01\/grave-denuncia-al-PAMI-y-la-UOM-de-Avellaneda.jpg\"><img loading=\"lazy\" decoding=\"async\" width=\"488\" height=\"819\" src=\"https:\/\/www.elsindical.com.ar\/notas\/var\/www\/html\/notas\/wp-content\/uploads\/2025\/01\/grave-denuncia-al-PAMI-y-la-UOM-de-Avellaneda.jpg\" alt=\"\" class=\"wp-image-135202\" style=\"width:288px;height:auto\" srcset=\"https:\/\/www.elsindical.com.ar\/notas\/var\/www\/html\/notas\/wp-content\/uploads\/2025\/01\/grave-denuncia-al-PAMI-y-la-UOM-de-Avellaneda.jpg 488w, https:\/\/www.elsindical.com.ar\/notas\/var\/www\/html\/notas\/wp-content\/uploads\/2025\/01\/grave-denuncia-al-PAMI-y-la-UOM-de-Avellaneda-179x300.jpg 179w\" sizes=\"auto, (max-width: 488px) 100vw, 488px\" \/><\/a><\/figure>\n<\/div>\n\n\n<p>Una nueva denuncia tiene como protagonista a la desprestigiada y multidenunciado Sanatorio de la UOM ubicado en el partido de Avellaneda. <\/p>\n\n\n\n<p>La impunidad de este lugar est\u00e1 garantizada por la inacci\u00f3n judicial, sea que la denuncia tramite ante la justicia local del Departamento Judicial Avellaneda-Lan\u00fas o en la UFI-PAMI dependiente de la Procuraci\u00f3n General de la Naci\u00f3n, da igual, la denuncia quedar\u00e1 en la NADA. <\/p>\n\n\n\n<p>As\u00ed los pacientes mueren o en el mejor de los casos sobreviven con graves secuelas, desde los gobiernos nunca han demostrado inter\u00e9s en que el PAMI sea administrado por personas honestas y responsables, hoy la situaci\u00f3n se agrava frente a casos de este tipo con un gobierno que pregona la ausencia del Estado y el achicar gastos, con lo cual, situaciones de este tipo no tienen prioridad y menos inter\u00e9s por ser resueltas.<\/p>\n\n\n\n<figure class=\"wp-block-embed is-type-video is-provider-youtube wp-block-embed-youtube wp-embed-aspect-16-9 wp-has-aspect-ratio\"><div class=\"wp-block-embed__wrapper\">\n<iframe loading=\"lazy\" title=\"Grave denuncia contra el PAMI y la UOM de Avellaneda\" width=\"700\" height=\"394\" src=\"https:\/\/www.youtube.com\/embed\/nPz6Km8QqDo?feature=oembed\" frameborder=\"0\" allow=\"accelerometer; autoplay; clipboard-write; encrypted-media; gyroscope; picture-in-picture; web-share\" referrerpolicy=\"strict-origin-when-cross-origin\" allowfullscreen><\/iframe>\n<\/div><\/figure>\n","protected":false},"excerpt":{"rendered":"<p>Una nueva denuncia tiene como protagonista a la desprestigiada y multidenunciado Sanatorio de la UOM ubicado en el partido de Avellaneda. La impunidad de este lugar est\u00e1 garantizada por la inacci\u00f3n judicial, sea que la denuncia tramite ante la justicia local del Departamento Judicial Avellaneda-Lan\u00fas o en la UFI-PAMI dependiente de la Procuraci\u00f3n General de&hellip;<\/p>\n","protected":false},"author":1,"featured_media":135202,"comment_status":"open","ping_status":"open","sticky":false,"template":"","format":"standard","meta":{"footnotes":""},"categories":[6],"tags":[7190,44406,2450,761,2232,41,44407,3582,34060,34524],"class_list":["post-135201","post","type-post","status-publish","format-standard","has-post-thumbnail","hentry","category-denuncias","tag-afiliado","tag-denuuncia","tag-diario-el-sindical","tag-gobierno-nacional","tag-impunidad","tag-justicia","tag-noticia","tag-pami","tag-riesgo-de-vida","tag-sanatorio-de-la-uom-avellaneda"],"_links":{"self":[{"href":"https:\/\/www.elsindical.com.ar\/notas\/wp-json\/wp\/v2\/posts\/135201","targetHints":{"allow":["GET"]}}],"collection":[{"href":"https:\/\/www.elsindical.com.ar\/notas\/wp-json\/wp\/v2\/posts"}],"about":[{"href":"https:\/\/www.elsindical.com.ar\/notas\/wp-json\/wp\/v2\/types\/post"}],"author":[{"embeddable":true,"href":"https:\/\/www.elsindical.com.ar\/notas\/wp-json\/wp\/v2\/users\/1"}],"replies":[{"embeddable":true,"href":"https:\/\/www.elsindical.com.ar\/notas\/wp-json\/wp\/v2\/comments?post=135201"}],"version-history":[{"count":1,"href":"https:\/\/www.elsindical.com.ar\/notas\/wp-json\/wp\/v2\/posts\/135201\/revisions"}],"predecessor-version":[{"id":135203,"href":"https:\/\/www.elsindical.com.ar\/notas\/wp-json\/wp\/v2\/posts\/135201\/revisions\/135203"}],"wp:featuredmedia":[{"embeddable":true,"href":"https:\/\/www.elsindical.com.ar\/notas\/wp-json\/wp\/v2\/media\/135202"}],"wp:attachment":[{"href":"https:\/\/www.elsindical.com.ar\/notas\/wp-json\/wp\/v2\/media?parent=135201"}],"wp:term":[{"taxonomy":"category","embeddable":true,"href":"https:\/\/www.elsindical.com.ar\/notas\/wp-json\/wp\/v2\/categories?post=135201"},{"taxonomy":"post_tag","embeddable":true,"href":"https:\/\/www.elsindical.com.ar\/notas\/wp-json\/wp\/v2\/tags?post=135201"}],"curies":[{"name":"wp","href":"https:\/\/api.w.org\/{rel}","templated":true}]}}