{"id":13515,"date":"2011-04-12T01:47:48","date_gmt":"2011-04-12T04:47:48","guid":{"rendered":"http:\/\/www.elsindical.com.ar\/notas\/?p=13515"},"modified":"2011-04-12T01:47:48","modified_gmt":"2011-04-12T04:47:48","slug":"renuncio-el-fiscal-que-investigo-la-tragedia-de-cromanon","status":"publish","type":"post","link":"https:\/\/www.elsindical.com.ar\/notas\/renuncio-el-fiscal-que-investigo-la-tragedia-de-cromanon\/","title":{"rendered":"Renunci\u00f3 el fiscal que investig\u00f3 la tragedia de Croma\u00f1\u00f3n"},"content":{"rendered":"<p style=\"text-align: justify;\"><em><a href=\"http:\/\/www.elsindical.com.ar\/notas\/var\/www\/html\/notas\/wp-content\/uploads\/2011\/04\/zapatillas-Croma\u00f1\u00f3n.jpg\"><img loading=\"lazy\" decoding=\"async\" class=\"alignleft size-full wp-image-13516\" title=\"zapatillas-Croma\u00f1\u00f3n\" src=\"http:\/\/www.elsindical.com.ar\/notas\/var\/www\/html\/notas\/wp-content\/uploads\/2011\/04\/zapatillas-Croma\u00f1\u00f3n.jpg\" alt=\"\" width=\"266\" height=\"176\" \/><\/a>Se trata del titular de la Fiscal\u00eda Nacional de Instrucci\u00f3n N\u00ba 10, Juan Manuel Sansone. El veredicto fue apelado ante la C\u00e1mara Nacional de Casaci\u00f3n Penal, que deber\u00e1 resolver si lo confirma o revoca.<\/em><\/p>\n<p style=\"text-align: justify;\">La Presidente Cristina Fern\u00e1ndez le acept\u00f3 la renuncia al Fiscal de instrucci\u00f3n Juan Manuel Sansone, quien investig\u00f3 la tragedia de Croma\u00f1on que se produjo el 30 de diciembre de 2004 durante un recital de Callejeros y provoc\u00f3 la muerte de 194 personas.<\/p>\n<p>Sansone tuvo a su cargo la investigaci\u00f3n del hecho y envi\u00f3 a juicio al gerenciador del local, Omar Chab\u00e1n, a los m\u00fasicos y el manager de Callejeros, y a tres ex funcionarios del \u00e1rea de control del gobierno porte\u00f1o, entre otros acusados.<\/p>\n<p>El Fiscal desisti\u00f3 de intervenir en el juicio oral por la afecci\u00f3n psicol\u00f3gica que le provoc\u00f3 la instrucci\u00f3n de la causa.<\/p>\n<p>Sansone, titular de la Fiscal\u00eda Nacional\u00a0de Instrucci\u00f3n N\u00ba 10, present\u00f3 su renuncia el a\u00f1o pasado y fue aceptada a trav\u00e9s del decreto 405 publicado el viernes en el Bolet\u00edn Oficial y firmado por la Presidente Kirchner y el Ministro de Justicia, Julio Alak.<\/p>\n<p>Por la tragedia de Croma\u00f1\u00f3n el Tribunal Oral Criminal 24 conden\u00f3 a 20 a\u00f1os de prisi\u00f3n a Chab\u00e1n, y a 18 al ex manager de Callejeros Diego Argara\u00f1az y al ex Subcomisario Carlos D\u00edaz, mientras absolvi\u00f3 a los siete m\u00fasicos de Callejeros.<\/p>\n<p style=\"text-align: justify;\">Tambi\u00e9n conden\u00f3 a dos a\u00f1os a la ex secretaria de Control Comunal del gobierno porte\u00f1o Fabiana Fiszbin y a la ex directora del \u00e1rea Ana Mar\u00eda Fern\u00e1ndez, y a un a\u00f1o en suspenso al ex jefe de seguridad de Croma\u00f1\u00f3n Ra\u00fal Villarreal, mientras absolvi\u00f3 al ex comisario Miguel Angel Belay y al ex director adjunto de Control Comunal de la ciudad Gustavo Torres.<\/p>\n<p style=\"text-align: justify;\">El veredicto fue apelado ante la C\u00e1mara Nacional de Casaci\u00f3n Penal, que deber\u00e1 resolver si lo confirma o revoca.<\/p>\n","protected":false},"excerpt":{"rendered":"<p>Se trata del titular de la Fiscal\u00eda Nacional de Instrucci\u00f3n N\u00ba 10, Juan Manuel Sansone. El veredicto fue apelado ante la C\u00e1mara Nacional de Casaci\u00f3n Penal, que deber\u00e1 resolver si lo confirma o revoca. La Presidente Cristina Fern\u00e1ndez le acept\u00f3 la renuncia al Fiscal de instrucci\u00f3n Juan Manuel Sansone, quien investig\u00f3 la tragedia de Croma\u00f1on&hellip;<\/p>\n","protected":false},"author":1,"featured_media":0,"comment_status":"open","ping_status":"open","sticky":false,"template":"","format":"standard","meta":{"footnotes":""},"categories":[20],"tags":[4037,1426,6475,6190],"class_list":["post-13515","post","type-post","status-publish","format-standard","hentry","category-judiciales","tag-camara-nacional-de-casacion-penal","tag-cromanon","tag-fiscal-juan-manuel-sansone","tag-presidente-cristina-fernandez-de-kirchner"],"_links":{"self":[{"href":"https:\/\/www.elsindical.com.ar\/notas\/wp-json\/wp\/v2\/posts\/13515","targetHints":{"allow":["GET"]}}],"collection":[{"href":"https:\/\/www.elsindical.com.ar\/notas\/wp-json\/wp\/v2\/posts"}],"about":[{"href":"https:\/\/www.elsindical.com.ar\/notas\/wp-json\/wp\/v2\/types\/post"}],"author":[{"embeddable":true,"href":"https:\/\/www.elsindical.com.ar\/notas\/wp-json\/wp\/v2\/users\/1"}],"replies":[{"embeddable":true,"href":"https:\/\/www.elsindical.com.ar\/notas\/wp-json\/wp\/v2\/comments?post=13515"}],"version-history":[{"count":1,"href":"https:\/\/www.elsindical.com.ar\/notas\/wp-json\/wp\/v2\/posts\/13515\/revisions"}],"predecessor-version":[{"id":13517,"href":"https:\/\/www.elsindical.com.ar\/notas\/wp-json\/wp\/v2\/posts\/13515\/revisions\/13517"}],"wp:attachment":[{"href":"https:\/\/www.elsindical.com.ar\/notas\/wp-json\/wp\/v2\/media?parent=13515"}],"wp:term":[{"taxonomy":"category","embeddable":true,"href":"https:\/\/www.elsindical.com.ar\/notas\/wp-json\/wp\/v2\/categories?post=13515"},{"taxonomy":"post_tag","embeddable":true,"href":"https:\/\/www.elsindical.com.ar\/notas\/wp-json\/wp\/v2\/tags?post=13515"}],"curies":[{"name":"wp","href":"https:\/\/api.w.org\/{rel}","templated":true}]}}