{"id":135059,"date":"2024-12-30T12:21:09","date_gmt":"2024-12-30T15:21:09","guid":{"rendered":"https:\/\/www.elsindical.com.ar\/notas\/?p=135059"},"modified":"2024-12-30T12:21:14","modified_gmt":"2024-12-30T15:21:14","slug":"anuario-2024-union-de-trabajadores-judiciales-de-chaco","status":"publish","type":"post","link":"https:\/\/www.elsindical.com.ar\/notas\/anuario-2024-union-de-trabajadores-judiciales-de-chaco\/","title":{"rendered":"Anuario 2024, Uni\u00f3n de Trabajadores Judiciales de Chaco"},"content":{"rendered":"<div class=\"wp-block-image\">\n<figure class=\"aligncenter size-full\"><a href=\"https:\/\/www.elsindical.com.ar\/notas\/var\/www\/html\/notas\/wp-content\/uploads\/2024\/12\/logo-final-utjch.jpg\"><img loading=\"lazy\" decoding=\"async\" width=\"402\" height=\"523\" src=\"https:\/\/www.elsindical.com.ar\/notas\/var\/www\/html\/notas\/wp-content\/uploads\/2024\/12\/logo-final-utjch.jpg\" alt=\"\" class=\"wp-image-135060\" srcset=\"https:\/\/www.elsindical.com.ar\/notas\/var\/www\/html\/notas\/wp-content\/uploads\/2024\/12\/logo-final-utjch.jpg 402w, https:\/\/www.elsindical.com.ar\/notas\/var\/www\/html\/notas\/wp-content\/uploads\/2024\/12\/logo-final-utjch-231x300.jpg 231w\" sizes=\"auto, (max-width: 402px) 100vw, 402px\" \/><\/a><\/figure>\n<\/div>\n\n\n<p>Con la llegada del receso judicial de fin de a\u00f1o, nos toca realizar una breve valoraci\u00f3n de los acontecimientos m\u00e1s destacados que participamos en este 2024 como entidad gremial de primer grado que siempre vela por los derechos de sus afiliados.<\/p>\n\n\n\n<p>Las gestiones realizadas durante todo el a\u00f1o con esfuerzo y dedicaci\u00f3n constante, consensuadas en la Intergremial Judicial, fueron positivas en lo salarial, con incrementos porcentuales de la pauta general que el Gobierno Provincial defini\u00f3, m\u00e1s los incrementos que surgieron por aplicaci\u00f3n de la ley 3424-A y su modificatoria, con lo que se logr\u00f3 una recuperaci\u00f3n de los salarios de los trabajadores judiciales paulatina y progresivamente.<\/p>\n\n\n\n<p>La actividad judicial del 2024 inici\u00f3 con un paro general de actividades el 1\u00ba de febrero, esto fue as\u00ed despu\u00e9s de varios pedidos de audiencia al Ministro de Econom\u00eda, los que no fueron contestados, agravando la situaci\u00f3n la anulaci\u00f3n del Decreto que implementaba un mecanismo de equiparaci\u00f3n con la Media Nacional. Despu\u00e9s de muchas gestiones se inici\u00f3 el di\u00e1logo con las autoridades correspondientes y se realizaron las mesas t\u00e9cnicas previstas por la ley 3424-A y su modificatoria, as\u00ed como tambi\u00e9n se recibieron los incrementos porcentuales de la pauta general. En la \u00faltima mesa t\u00e9cnica del 10 de diciembre, el Subsecretario de Hacienda expuso los datos aportados por la FAM del mes de noviembre, en cuanto a la Media del NEA para el c\u00e1lculo del Ajuste por Revisi\u00f3n y \u00e9stos arrojaron una diferencia neta del 2,1%, lo que implica que el Rubro Ajuste por revisi\u00f3n pasa en el sueldo de Diciembre de 762,74% a 786,43%. En la misma reuni\u00f3n dirigentes de los gremios solicitaron la continuaci\u00f3n del proceso de an\u00e1lisis en el marco del presupuesto provincial, para la implementaci\u00f3n del art\u00edculo 7 y 9 de la ley 3424-A y Decreto 569\/23 referidos al Ajuste por revisi\u00f3n con la MEDIA NACIONAL.<\/p>\n\n\n\n<p>En otro orden, se trabaj\u00f3 intensamente en las condiciones laborales del sector, tambi\u00e9n en traslados de personal de distintas \u00e1reas, as\u00ed como se intervino en casos de sumarios de algunos afiliados, para lo que el gremio siempre ofrece asesoramiento legal profesional y sindical. Se garantizaron los ascensos autom\u00e1ticos y los recursos presupuestarios para su aplicaci\u00f3n. Asimismo, en el plano jur\u00eddico se contin\u00faa avanzando con las demandas de permanencia en el cargo, titulo, adicional remunerativo y montos en negro.<\/p>\n\n\n\n<p>Para finalizar, seguimos instando a la unidad de los trabajadores y al trabajo en conjunto de sus representantes; \u00fanico camino para garantizar y luchar por salarios justos en base al objetivo principal que es la aplicaci\u00f3n de la Media Nacional como par\u00e1metro para la liquidaci\u00f3n del rubro Ajuste por Revisi\u00f3n en forma equitativa e integradora de todo el escalaf\u00f3n judicial y sobre todo para prevenir o defendernos ante cualquier intento de pasar por encima a nuestra Ley de porcentualidad&nbsp; 468-A, ratificada por la Ley 3424-A y su modificatoria, fundamentadas en la tarea altamente calificada del personal judicial.<\/p>\n\n\n\n<p>Seguiremos ocup\u00e1ndonos en afianzar la unidad de los trabajadores judiciales de la provincia ante cualquier amenaza de desenganche del sueldo del juez de c\u00e1mara respecto del trabajador judicial teniendo en cuenta los dichos de algunos magistrados y ciertas sentencias con sustentos dudosos que incumplen con la Constituci\u00f3n Nacional y Provincial, leyes vigentes y sentencias de la Corte Suprema de Justicia de la Naci\u00f3n, en perjuicio del resto de los trabajadores judiciales.<\/p>\n\n\n\n<p>Saludamos a los afiliados de la Uni\u00f3n de Trabajadores Judiciales del Chaco e invitamos a los dem\u00e1s trabajadores del sector a sumarse, afiliarse y acercarse a este gremio para seguir unidos en la b\u00fasqueda de mejoras salariales y de condiciones laborales.<\/p>\n","protected":false},"excerpt":{"rendered":"<p>Con la llegada del receso judicial de fin de a\u00f1o, nos toca realizar una breve valoraci\u00f3n de los acontecimientos m\u00e1s destacados que participamos en este 2024 como entidad gremial de primer grado que siempre vela por los derechos de sus afiliados. Las gestiones realizadas durante todo el a\u00f1o con esfuerzo y dedicaci\u00f3n constante, consensuadas en&hellip;<\/p>\n","protected":false},"author":1,"featured_media":135060,"comment_status":"open","ping_status":"open","sticky":false,"template":"","format":"standard","meta":{"footnotes":""},"categories":[16],"tags":[34798,255,2450,6558],"class_list":["post-135059","post","type-post","status-publish","format-standard","has-post-thumbnail","hentry","category-gremiales","tag-anuario","tag-chaco","tag-diario-el-sindical","tag-utjch"],"_links":{"self":[{"href":"https:\/\/www.elsindical.com.ar\/notas\/wp-json\/wp\/v2\/posts\/135059","targetHints":{"allow":["GET"]}}],"collection":[{"href":"https:\/\/www.elsindical.com.ar\/notas\/wp-json\/wp\/v2\/posts"}],"about":[{"href":"https:\/\/www.elsindical.com.ar\/notas\/wp-json\/wp\/v2\/types\/post"}],"author":[{"embeddable":true,"href":"https:\/\/www.elsindical.com.ar\/notas\/wp-json\/wp\/v2\/users\/1"}],"replies":[{"embeddable":true,"href":"https:\/\/www.elsindical.com.ar\/notas\/wp-json\/wp\/v2\/comments?post=135059"}],"version-history":[{"count":1,"href":"https:\/\/www.elsindical.com.ar\/notas\/wp-json\/wp\/v2\/posts\/135059\/revisions"}],"predecessor-version":[{"id":135061,"href":"https:\/\/www.elsindical.com.ar\/notas\/wp-json\/wp\/v2\/posts\/135059\/revisions\/135061"}],"wp:featuredmedia":[{"embeddable":true,"href":"https:\/\/www.elsindical.com.ar\/notas\/wp-json\/wp\/v2\/media\/135060"}],"wp:attachment":[{"href":"https:\/\/www.elsindical.com.ar\/notas\/wp-json\/wp\/v2\/media?parent=135059"}],"wp:term":[{"taxonomy":"category","embeddable":true,"href":"https:\/\/www.elsindical.com.ar\/notas\/wp-json\/wp\/v2\/categories?post=135059"},{"taxonomy":"post_tag","embeddable":true,"href":"https:\/\/www.elsindical.com.ar\/notas\/wp-json\/wp\/v2\/tags?post=135059"}],"curies":[{"name":"wp","href":"https:\/\/api.w.org\/{rel}","templated":true}]}}