{"id":135032,"date":"2024-12-28T11:56:03","date_gmt":"2024-12-28T14:56:03","guid":{"rendered":"https:\/\/www.elsindical.com.ar\/notas\/?p=135032"},"modified":"2024-12-28T11:56:14","modified_gmt":"2024-12-28T14:56:14","slug":"burzaco-asesino-a-su-hermana-de-un-hachazo","status":"publish","type":"post","link":"https:\/\/www.elsindical.com.ar\/notas\/burzaco-asesino-a-su-hermana-de-un-hachazo\/","title":{"rendered":"Burzaco: asesin\u00f3 a su hermana de un hachazo"},"content":{"rendered":"<div class=\"wp-block-image\">\n<figure class=\"aligncenter size-full\"><a href=\"https:\/\/www.elsindical.com.ar\/notas\/var\/www\/html\/notas\/wp-content\/uploads\/2024\/12\/Burzaco-asesino-a-su-hermana.jpg\"><img loading=\"lazy\" decoding=\"async\" width=\"700\" height=\"394\" src=\"https:\/\/www.elsindical.com.ar\/notas\/var\/www\/html\/notas\/wp-content\/uploads\/2024\/12\/Burzaco-asesino-a-su-hermana.jpg\" alt=\"\" class=\"wp-image-135033\" srcset=\"https:\/\/www.elsindical.com.ar\/notas\/var\/www\/html\/notas\/wp-content\/uploads\/2024\/12\/Burzaco-asesino-a-su-hermana.jpg 700w, https:\/\/www.elsindical.com.ar\/notas\/var\/www\/html\/notas\/wp-content\/uploads\/2024\/12\/Burzaco-asesino-a-su-hermana-300x169.jpg 300w, https:\/\/www.elsindical.com.ar\/notas\/var\/www\/html\/notas\/wp-content\/uploads\/2024\/12\/Burzaco-asesino-a-su-hermana-500x281.jpg 500w, https:\/\/www.elsindical.com.ar\/notas\/var\/www\/html\/notas\/wp-content\/uploads\/2024\/12\/Burzaco-asesino-a-su-hermana-460x260.jpg 460w\" sizes=\"auto, (max-width: 700px) 100vw, 700px\" \/><\/a><\/figure>\n<\/div>\n\n\n<p>Un hombre atac\u00f3 con un hacha a su hermana y la mat\u00f3 en la previa a la cena de Nochebuena en Burzaco.<\/p>\n\n\n\n<p><strong>Un hombre de 43 a\u00f1os mat\u00f3 a su hermana de 39 de un hachazo en la cabeza en la cena de Nochebuena tras una discusi\u00f3n.&nbsp;<\/strong><\/p>\n\n\n\n<p>El hecho ocurri\u00f3 el pasado martes en una vivienda ubicada en&nbsp;Francisco \u00c1lvarez al 800 de Burzaco, partido de Almirante Brown.<\/p>\n\n\n\n<p>De acuerdo al relato, <strong>poco antes de sentarse a comer, empezaron a pelear y finalmente el agresor tom\u00f3 el arma y la atac\u00f3.<\/strong><\/p>\n\n\n\n<p>La familia del agresor llam\u00f3 a la polic\u00eda y al llegar, el hombre confes\u00f3 el crimen de su hermana Mar\u00eda Victoria.<\/p>\n\n\n\n<p><strong>Dijo que la mat\u00f3 despu\u00e9s de que ella&nbsp;\u201clo amenazara con denunciarlo por un presunto abuso sexual\u201d.<\/strong><\/p>\n\n\n\n<p>L<strong>a misma fue trasladada a un centro de salud, pero nada pudieron hacer por ella los m\u00e9dicos.<\/strong> Las lesiones fueron en la cabeza y uno de sus maxilares.&nbsp;<\/p>\n\n\n\n<p>La causa, caratulada como \u201chomicidio agravado por haber sido perpetrado por un hombre hacia una mujer en contexto de violencia de g\u00e9nero\u201d, est\u00e1 en manos de la Unidad Funcional de Instrucci\u00f3n (UFI) 12 del Departamento Judicial de Lomas de Zamora.<\/p>\n","protected":false},"excerpt":{"rendered":"<p>Un hombre atac\u00f3 con un hacha a su hermana y la mat\u00f3 en la previa a la cena de Nochebuena en Burzaco. Un hombre de 43 a\u00f1os mat\u00f3 a su hermana de 39 de un hachazo en la cabeza en la cena de Nochebuena tras una discusi\u00f3n.&nbsp; El hecho ocurri\u00f3 el pasado martes en una&hellip;<\/p>\n","protected":false},"author":1,"featured_media":135033,"comment_status":"open","ping_status":"open","sticky":false,"template":"","format":"standard","meta":{"footnotes":""},"categories":[22],"tags":[363,3596,2450,17303,5645,42609],"class_list":["post-135032","post","type-post","status-publish","format-standard","has-post-thumbnail","hentry","category-policiales","tag-asesinato","tag-burzaco","tag-diario-el-sindical","tag-hacha","tag-hermana","tag-noticias-policiales"],"_links":{"self":[{"href":"https:\/\/www.elsindical.com.ar\/notas\/wp-json\/wp\/v2\/posts\/135032","targetHints":{"allow":["GET"]}}],"collection":[{"href":"https:\/\/www.elsindical.com.ar\/notas\/wp-json\/wp\/v2\/posts"}],"about":[{"href":"https:\/\/www.elsindical.com.ar\/notas\/wp-json\/wp\/v2\/types\/post"}],"author":[{"embeddable":true,"href":"https:\/\/www.elsindical.com.ar\/notas\/wp-json\/wp\/v2\/users\/1"}],"replies":[{"embeddable":true,"href":"https:\/\/www.elsindical.com.ar\/notas\/wp-json\/wp\/v2\/comments?post=135032"}],"version-history":[{"count":1,"href":"https:\/\/www.elsindical.com.ar\/notas\/wp-json\/wp\/v2\/posts\/135032\/revisions"}],"predecessor-version":[{"id":135034,"href":"https:\/\/www.elsindical.com.ar\/notas\/wp-json\/wp\/v2\/posts\/135032\/revisions\/135034"}],"wp:featuredmedia":[{"embeddable":true,"href":"https:\/\/www.elsindical.com.ar\/notas\/wp-json\/wp\/v2\/media\/135033"}],"wp:attachment":[{"href":"https:\/\/www.elsindical.com.ar\/notas\/wp-json\/wp\/v2\/media?parent=135032"}],"wp:term":[{"taxonomy":"category","embeddable":true,"href":"https:\/\/www.elsindical.com.ar\/notas\/wp-json\/wp\/v2\/categories?post=135032"},{"taxonomy":"post_tag","embeddable":true,"href":"https:\/\/www.elsindical.com.ar\/notas\/wp-json\/wp\/v2\/tags?post=135032"}],"curies":[{"name":"wp","href":"https:\/\/api.w.org\/{rel}","templated":true}]}}