{"id":134989,"date":"2024-12-26T14:16:29","date_gmt":"2024-12-26T17:16:29","guid":{"rendered":"https:\/\/www.elsindical.com.ar\/notas\/?p=134989"},"modified":"2024-12-26T14:16:34","modified_gmt":"2024-12-26T17:16:34","slug":"el-gobierno-despidio-a-100-trabajadores-estatales-de-la-defensoria-del-publico-de-servicios-de-comunicacion-audiovisual","status":"publish","type":"post","link":"https:\/\/www.elsindical.com.ar\/notas\/el-gobierno-despidio-a-100-trabajadores-estatales-de-la-defensoria-del-publico-de-servicios-de-comunicacion-audiovisual\/","title":{"rendered":"El Gobierno despidi\u00f3 a 100 trabajadores estatales de la Defensor\u00eda del P\u00fablico de Servicios de Comunicaci\u00f3n Audiovisual"},"content":{"rendered":"<div class=\"wp-block-image\">\n<figure class=\"aligncenter size-full\"><a href=\"https:\/\/www.elsindical.com.ar\/notas\/var\/www\/html\/notas\/wp-content\/uploads\/2024\/12\/Defensoria-del-Publico.jpg\"><img loading=\"lazy\" decoding=\"async\" width=\"680\" height=\"510\" src=\"https:\/\/www.elsindical.com.ar\/notas\/var\/www\/html\/notas\/wp-content\/uploads\/2024\/12\/Defensoria-del-Publico.jpg\" alt=\"\" class=\"wp-image-134990\" srcset=\"https:\/\/www.elsindical.com.ar\/notas\/var\/www\/html\/notas\/wp-content\/uploads\/2024\/12\/Defensoria-del-Publico.jpg 680w, https:\/\/www.elsindical.com.ar\/notas\/var\/www\/html\/notas\/wp-content\/uploads\/2024\/12\/Defensoria-del-Publico-300x225.jpg 300w, https:\/\/www.elsindical.com.ar\/notas\/var\/www\/html\/notas\/wp-content\/uploads\/2024\/12\/Defensoria-del-Publico-400x300.jpg 400w\" sizes=\"auto, (max-width: 680px) 100vw, 680px\" \/><\/a><\/figure>\n<\/div>\n\n\n<p>El ministro de Desregulaci\u00f3n y Transformaci\u00f3n del Estado, Federico Sturzenegger, se\u00f1al\u00f3 que el organismo fue creado \u201cpor el kirchnerismo para doblegar al periodismo independiente\u201d.<\/p>\n\n\n\n<p>El Gobierno despidi\u00f3 a 100 trabajadores estatales de la Defensor\u00eda del P\u00fablico&nbsp;de Servicios de Comunicaci\u00f3n Audiovisual (DPSCA), que quedar\u00e1 reducida a unos 40 empleados, seg\u00fan lo inform\u00f3 el ministro de Desregulaci\u00f3n y Transformaci\u00f3n del Estado, Federico Sturzenegger, quien se\u00f1al\u00f3 adem\u00e1s que el organismo&nbsp;<strong>fue creado \u201cpor el kirchnerismo para doblegar al periodismo independiente\u201d.<\/strong><\/p>\n\n\n\n<p>El funcionario, a trav\u00e9s de su cuenta en la red social X, dijo que \u201cdesde su creaci\u00f3n en 2009,&nbsp;<strong>los argentinos hemos contribuido 70 millones de d\u00f3lares para sostener este organismo&nbsp;<\/strong>que juntaba denuncias (muchas repetidas con el mismo texto por centenas) en contra de periodistas cr\u00edticos del kirchnerismo\u201d.<\/p>\n\n\n\n<p>Sturzenegger puntualiz\u00f3 que \u201centre otros dislates,&nbsp;<strong>este cuerpo ten\u00eda un estudio de televisi\u00f3n port\u00e1til con el que se recorr\u00eda la costa en temporada estival, invitando a los chicos a participar en un adoctrinamiento en contra de los cr\u00edticos del kirchnerismo\u201d.<\/strong><\/p>\n\n\n\n<p>La DPSCA fue creada por la Ley 26.522 de Servicios de Comunicaci\u00f3n Audiovisual, conocida como&nbsp;<strong>Ley de Medios<\/strong>, y entre sus funciones est\u00e1 el \u201cRecibir y canalizar las consultas, reclamos y denuncias del p\u00fablico de radio, televisi\u00f3n y otros medios\u201d.&nbsp;<\/p>\n\n\n\n<p>\u201cLa resoluci\u00f3n 107 baja la planta de 144 empleados a 40, aliviana la estructura, remata el estudio de televisi\u00f3n y restringe el uso del organismo como herramienta de persecuci\u00f3n\u201d, afirm\u00f3 el ministro.<\/p>\n\n\n\n<p>La Defensor\u00eda -que est\u00e1 a cargo de la funcionaria Soher El Sukaria- depende del Poder Legislativo, por lo que Sturzenegger destac\u00f3 los esfuerzos que desde la C\u00e1mara de Diputados \u201cest\u00e1 haciendo&nbsp;@MenemMartin&nbsp;(Mart\u00edn Menem) para bajar el gasto pol\u00edtico en el Congreso\u201d.<\/p>\n\n\n\n<p>Asegur\u00f3 que la Defensor\u00eda \u201cdio cobijo a una nutrida concurrencia de militancia rentada\u201d, y puntualiz\u00f3 que \u201caproximadamente la mitad de los empleados eran del partido de La Matanza\u201d.<\/p>\n\n\n\n<p>Adem\u00e1s, el ministro dej\u00f3 abierta la puerta para una decisi\u00f3n m\u00e1s profunda, al advertir que \u201cel Congreso se debe el debate sobre si queremos este tipo de instituciones\u201d.<\/p>\n","protected":false},"excerpt":{"rendered":"<p>El ministro de Desregulaci\u00f3n y Transformaci\u00f3n del Estado, Federico Sturzenegger, se\u00f1al\u00f3 que el organismo fue creado \u201cpor el kirchnerismo para doblegar al periodismo independiente\u201d. El Gobierno despidi\u00f3 a 100 trabajadores estatales de la Defensor\u00eda del P\u00fablico&nbsp;de Servicios de Comunicaci\u00f3n Audiovisual (DPSCA), que quedar\u00e1 reducida a unos 40 empleados, seg\u00fan lo inform\u00f3 el ministro de Desregulaci\u00f3n&hellip;<\/p>\n","protected":false},"author":1,"featured_media":134990,"comment_status":"open","ping_status":"open","sticky":false,"template":"","format":"standard","meta":{"footnotes":""},"categories":[13],"tags":[53,2450,44343,37,28812,44344],"class_list":["post-134989","post","type-post","status-publish","format-standard","has-post-thumbnail","hentry","category-politica","tag-despidos","tag-diario-el-sindical","tag-dpsca","tag-federico-sturzenegger","tag-javier-milei","tag-ley-25-522"],"_links":{"self":[{"href":"https:\/\/www.elsindical.com.ar\/notas\/wp-json\/wp\/v2\/posts\/134989","targetHints":{"allow":["GET"]}}],"collection":[{"href":"https:\/\/www.elsindical.com.ar\/notas\/wp-json\/wp\/v2\/posts"}],"about":[{"href":"https:\/\/www.elsindical.com.ar\/notas\/wp-json\/wp\/v2\/types\/post"}],"author":[{"embeddable":true,"href":"https:\/\/www.elsindical.com.ar\/notas\/wp-json\/wp\/v2\/users\/1"}],"replies":[{"embeddable":true,"href":"https:\/\/www.elsindical.com.ar\/notas\/wp-json\/wp\/v2\/comments?post=134989"}],"version-history":[{"count":1,"href":"https:\/\/www.elsindical.com.ar\/notas\/wp-json\/wp\/v2\/posts\/134989\/revisions"}],"predecessor-version":[{"id":134991,"href":"https:\/\/www.elsindical.com.ar\/notas\/wp-json\/wp\/v2\/posts\/134989\/revisions\/134991"}],"wp:featuredmedia":[{"embeddable":true,"href":"https:\/\/www.elsindical.com.ar\/notas\/wp-json\/wp\/v2\/media\/134990"}],"wp:attachment":[{"href":"https:\/\/www.elsindical.com.ar\/notas\/wp-json\/wp\/v2\/media?parent=134989"}],"wp:term":[{"taxonomy":"category","embeddable":true,"href":"https:\/\/www.elsindical.com.ar\/notas\/wp-json\/wp\/v2\/categories?post=134989"},{"taxonomy":"post_tag","embeddable":true,"href":"https:\/\/www.elsindical.com.ar\/notas\/wp-json\/wp\/v2\/tags?post=134989"}],"curies":[{"name":"wp","href":"https:\/\/api.w.org\/{rel}","templated":true}]}}