{"id":134946,"date":"2024-12-23T17:11:36","date_gmt":"2024-12-23T20:11:36","guid":{"rendered":"https:\/\/www.elsindical.com.ar\/notas\/?p=134946"},"modified":"2024-12-23T17:11:42","modified_gmt":"2024-12-23T20:11:42","slug":"merlo-policias-heroes-salvan-la-vida-de-una-beba","status":"publish","type":"post","link":"https:\/\/www.elsindical.com.ar\/notas\/merlo-policias-heroes-salvan-la-vida-de-una-beba\/","title":{"rendered":"Merlo: Polic\u00edas h\u00e9roes salvan la vida de una beba"},"content":{"rendered":"\n<figure class=\"wp-block-image size-large\"><a href=\"https:\/\/www.elsindical.com.ar\/notas\/var\/www\/html\/notas\/wp-content\/uploads\/2024\/12\/Merlo-polis-heroes-23-dic-24.jpeg\"><img loading=\"lazy\" decoding=\"async\" width=\"1024\" height=\"461\" src=\"https:\/\/www.elsindical.com.ar\/notas\/var\/www\/html\/notas\/wp-content\/uploads\/2024\/12\/Merlo-polis-heroes-23-dic-24-1024x461.jpeg\" alt=\"\" class=\"wp-image-134947\" srcset=\"https:\/\/www.elsindical.com.ar\/notas\/var\/www\/html\/notas\/wp-content\/uploads\/2024\/12\/Merlo-polis-heroes-23-dic-24-1024x461.jpeg 1024w, https:\/\/www.elsindical.com.ar\/notas\/var\/www\/html\/notas\/wp-content\/uploads\/2024\/12\/Merlo-polis-heroes-23-dic-24-300x135.jpeg 300w, https:\/\/www.elsindical.com.ar\/notas\/var\/www\/html\/notas\/wp-content\/uploads\/2024\/12\/Merlo-polis-heroes-23-dic-24-768x346.jpeg 768w, https:\/\/www.elsindical.com.ar\/notas\/var\/www\/html\/notas\/wp-content\/uploads\/2024\/12\/Merlo-polis-heroes-23-dic-24-500x225.jpeg 500w, https:\/\/www.elsindical.com.ar\/notas\/var\/www\/html\/notas\/wp-content\/uploads\/2024\/12\/Merlo-polis-heroes-23-dic-24.jpeg 1280w\" sizes=\"auto, (max-width: 1024px) 100vw, 1024px\" \/><\/a><\/figure>\n\n\n\n<p>   Polic\u00edas del Comanda de Patrullas de Merlo, asistieron a una beba que no respond\u00eda luego de ahogarse con mocos y recibi\u00f3 asistencia de emergencia por RCP por parte de una de los polic\u00edas que asistieron a la beba y su madre.<\/p>\n\n\n\n<p>Pnal. Cdo Merlo a bordo de m\u00f3vil R.O. 31.752, a\/c Tte leg. 179156, Rodr\u00edguez Yamil, secundado por Ofl. Leg. 428850 Sanguine Agustina, en recorrida sobre arterias Estrada y V. Hugo de este medio (jurisdicci\u00f3n Cria. Merlo 4ta.), es interceptado por Rodr\u00edguez Sabrina (38), sol, empl, quien ten\u00eda en sus brazos a su hija Morilla Keimy Alaia, de 3 meses de edad, quien refiere que se habr\u00eda ahogado con mucosidad, no respondiendo a est\u00edmulos realizados, por lo que el Ofl. Sanguine realiza RCP camino a nosocomio, logrando reanimar a la menor, siendo trasladadas al Sanatorio Juan Bautista, asistida por Dr Cuellar Alejandro M.N 168.340 quien recibe al bebe consciente el cual permanece en observaciones, para luego ser dado de alta.<\/p>\n","protected":false},"excerpt":{"rendered":"<p>Polic\u00edas del Comanda de Patrullas de Merlo, asistieron a una beba que no respond\u00eda luego de ahogarse con mocos y recibi\u00f3 asistencia de emergencia por RCP por parte de una de los polic\u00edas que asistieron a la beba y su madre. Pnal. Cdo Merlo a bordo de m\u00f3vil R.O. 31.752, a\/c Tte leg. 179156, Rodr\u00edguez&hellip;<\/p>\n","protected":false},"author":1,"featured_media":134947,"comment_status":"open","ping_status":"open","sticky":false,"template":"","format":"standard","meta":{"footnotes":""},"categories":[22],"tags":[681,44331,2450,42799,42198,1008,42609,18258],"class_list":["post-134946","post","type-post","status-publish","format-standard","has-post-thumbnail","hentry","category-policiales","tag-beba","tag-comando-de-patrullar-de-merlo","tag-diario-el-sindical","tag-jefe-de-policia-comisario-general-javier-carlos-villar","tag-los-bonaerenses","tag-merlo","tag-noticias-policiales","tag-rcp"],"_links":{"self":[{"href":"https:\/\/www.elsindical.com.ar\/notas\/wp-json\/wp\/v2\/posts\/134946","targetHints":{"allow":["GET"]}}],"collection":[{"href":"https:\/\/www.elsindical.com.ar\/notas\/wp-json\/wp\/v2\/posts"}],"about":[{"href":"https:\/\/www.elsindical.com.ar\/notas\/wp-json\/wp\/v2\/types\/post"}],"author":[{"embeddable":true,"href":"https:\/\/www.elsindical.com.ar\/notas\/wp-json\/wp\/v2\/users\/1"}],"replies":[{"embeddable":true,"href":"https:\/\/www.elsindical.com.ar\/notas\/wp-json\/wp\/v2\/comments?post=134946"}],"version-history":[{"count":1,"href":"https:\/\/www.elsindical.com.ar\/notas\/wp-json\/wp\/v2\/posts\/134946\/revisions"}],"predecessor-version":[{"id":134948,"href":"https:\/\/www.elsindical.com.ar\/notas\/wp-json\/wp\/v2\/posts\/134946\/revisions\/134948"}],"wp:featuredmedia":[{"embeddable":true,"href":"https:\/\/www.elsindical.com.ar\/notas\/wp-json\/wp\/v2\/media\/134947"}],"wp:attachment":[{"href":"https:\/\/www.elsindical.com.ar\/notas\/wp-json\/wp\/v2\/media?parent=134946"}],"wp:term":[{"taxonomy":"category","embeddable":true,"href":"https:\/\/www.elsindical.com.ar\/notas\/wp-json\/wp\/v2\/categories?post=134946"},{"taxonomy":"post_tag","embeddable":true,"href":"https:\/\/www.elsindical.com.ar\/notas\/wp-json\/wp\/v2\/tags?post=134946"}],"curies":[{"name":"wp","href":"https:\/\/api.w.org\/{rel}","templated":true}]}}