{"id":134932,"date":"2024-12-23T00:19:07","date_gmt":"2024-12-23T03:19:07","guid":{"rendered":"https:\/\/www.elsindical.com.ar\/notas\/?p=134932"},"modified":"2024-12-23T00:19:13","modified_gmt":"2024-12-23T03:19:13","slug":"moron-condenaron-a-un-hombre-por-abusar-de-una-joven-con-discapacidad-en-castelar","status":"publish","type":"post","link":"https:\/\/www.elsindical.com.ar\/notas\/moron-condenaron-a-un-hombre-por-abusar-de-una-joven-con-discapacidad-en-castelar\/","title":{"rendered":"Mor\u00f3n: Condenaron a un hombre por abusar de una joven con discapacidad en Castelar"},"content":{"rendered":"<div class=\"wp-block-image\">\n<figure class=\"aligncenter size-full\"><a href=\"https:\/\/www.elsindical.com.ar\/notas\/var\/www\/html\/notas\/wp-content\/uploads\/2024\/12\/Tribunales-de-Moron.jpg\"><img loading=\"lazy\" decoding=\"async\" width=\"750\" height=\"457\" src=\"https:\/\/www.elsindical.com.ar\/notas\/var\/www\/html\/notas\/wp-content\/uploads\/2024\/12\/Tribunales-de-Moron.jpg\" alt=\"\" class=\"wp-image-134933\" srcset=\"https:\/\/www.elsindical.com.ar\/notas\/var\/www\/html\/notas\/wp-content\/uploads\/2024\/12\/Tribunales-de-Moron.jpg 750w, https:\/\/www.elsindical.com.ar\/notas\/var\/www\/html\/notas\/wp-content\/uploads\/2024\/12\/Tribunales-de-Moron-300x183.jpg 300w, https:\/\/www.elsindical.com.ar\/notas\/var\/www\/html\/notas\/wp-content\/uploads\/2024\/12\/Tribunales-de-Moron-492x300.jpg 492w\" sizes=\"auto, (max-width: 750px) 100vw, 750px\" \/><\/a><\/figure>\n<\/div>\n\n\n<p>Se hab\u00edan conocido por redes sociales. La joven y su madre fallecieron durante los tres a\u00f1os que dur\u00f3 la instrucci\u00f3n judicial para el juicio oral.<\/p>\n\n\n\n<p>El Tribunal Oral Criminal N\u00b04 de Mor\u00f3n conden\u00f3 a la pena de siete a\u00f1os de prisi\u00f3n a David Ezequiel Garro, un hombre de 49 a\u00f1os domiciliado en Merlo, acusado de abusar sexualmente de una joven discapacitada en Castelar. La v\u00edctima, de 18 a\u00f1os, padec\u00eda discapacidad motriz, retraso madurativo, estaba postrada en su cama y usaba pa\u00f1ales.<\/p>\n\n\n\n<p>El caso se remonta al 1 de enero de 2021, cuando Garro contact\u00f3 a la joven a trav\u00e9s de la plataforma Waplog, destinada a conocer personas, donde intercambiaron mensajes de contenido sexual. Ese d\u00eda, el imputado lleg\u00f3 a la casa de la v\u00edctima, ubicada en la calle Teniente Fern\u00e1ndez al 3100. Fue recibido por la madre de la joven, quien lo acompa\u00f1\u00f3 hasta la habitaci\u00f3n de su hija, un movimiento que no despert\u00f3 sospechas ya que era habitual que la visitaran amistades desconocidas por su familia.<\/p>\n\n\n\n<p>Seg\u00fan el relato de la v\u00edctima, invit\u00f3 a Garro para mantener relaciones sexuales, pero se arrepinti\u00f3 una vez en la habitaci\u00f3n. A pesar de su negativa, Garro decidi\u00f3 continuar. Posteriormente, se retir\u00f3 del lugar, y la joven no relat\u00f3 lo sucedido hasta que su madre not\u00f3 irregularidades en su pa\u00f1al y encontr\u00f3 una servilleta con sangre debajo de la cama. Fue entonces cuando se radic\u00f3 la denuncia.<\/p>\n\n\n\n<p>El juicio present\u00f3 una complejidad adicional debido al fallecimiento de la v\u00edctima y de su madre, quien hab\u00eda realizado la denuncia. Las declaraciones de ambas fueron incorporadas al expediente seg\u00fan lo que expresaron durante la instrucci\u00f3n a cargo de la fiscal Adriana Su\u00e1rez Corripio, de la UFI N\u00b08 de Mor\u00f3n. Tambi\u00e9n se sumaron los testimonios de la hermana de la joven y de la psic\u00f3loga que la asisti\u00f3 tras el ataque, quienes indicaron: \u201cElla dijo que s\u00ed y luego se arrepinti\u00f3, pero \u00e9l decidi\u00f3 seguir\u201d.<\/p>\n\n\n\n<p>El acusado mantuvo su defensa durante todo el proceso, asegurando que la relaci\u00f3n hab\u00eda sido consensuada y presentando como prueba los mensajes intercambiados con la v\u00edctima, que inclu\u00edan fotos \u00edntimas enviadas por ella. Sin embargo, los jueces Carlos Roberto Torti, Rodolfo Casta\u00f1ares y Juan Carlos Uboldi coincidieron con la argumentaci\u00f3n del fiscal del juicio, Patricio Pagani, quien afirm\u00f3 que \u201csi ella dijo no, todo lo que venga despu\u00e9s es nulo y entra en la fase del abuso. Lo acontecido aquella tarde fue un ataque a la libertad sexual de la joven\u201d.<\/p>\n\n\n\n<p>En un fallo un\u00e1nime, el tribunal conden\u00f3 a Garro a la pena de siete a\u00f1os de prisi\u00f3n por el delito de abuso sexual con acceso carnal. \u201cSin consentimiento, la actividad sexual, cualquiera sea el modo, es una agresi\u00f3n sexual\u201d, concluyeron los magistrados. Un dato relevante del fallo es que Garro, quien hab\u00eda estado bajo prisi\u00f3n domiciliaria desde su detenci\u00f3n, continuar\u00e1 cumpliendo la pena en esa modalidad, dado que respet\u00f3 las pautas impuestas por el Juzgado de Garant\u00edas.<\/p>\n","protected":false},"excerpt":{"rendered":"<p>Se hab\u00edan conocido por redes sociales. La joven y su madre fallecieron durante los tres a\u00f1os que dur\u00f3 la instrucci\u00f3n judicial para el juicio oral. El Tribunal Oral Criminal N\u00b04 de Mor\u00f3n conden\u00f3 a la pena de siete a\u00f1os de prisi\u00f3n a David Ezequiel Garro, un hombre de 49 a\u00f1os domiciliado en Merlo, acusado de&hellip;<\/p>\n","protected":false},"author":1,"featured_media":134933,"comment_status":"open","ping_status":"open","sticky":false,"template":"","format":"standard","meta":{"footnotes":""},"categories":[20],"tags":[946,44327,2450,272,1932,3879,271],"class_list":["post-134932","post","type-post","status-publish","format-standard","has-post-thumbnail","hentry","category-judiciales","tag-castelar","tag-david-ezequiel-garro","tag-diario-el-sindical","tag-discapacidad","tag-moron","tag-prision-domiciliaria","tag-violacion"],"_links":{"self":[{"href":"https:\/\/www.elsindical.com.ar\/notas\/wp-json\/wp\/v2\/posts\/134932","targetHints":{"allow":["GET"]}}],"collection":[{"href":"https:\/\/www.elsindical.com.ar\/notas\/wp-json\/wp\/v2\/posts"}],"about":[{"href":"https:\/\/www.elsindical.com.ar\/notas\/wp-json\/wp\/v2\/types\/post"}],"author":[{"embeddable":true,"href":"https:\/\/www.elsindical.com.ar\/notas\/wp-json\/wp\/v2\/users\/1"}],"replies":[{"embeddable":true,"href":"https:\/\/www.elsindical.com.ar\/notas\/wp-json\/wp\/v2\/comments?post=134932"}],"version-history":[{"count":1,"href":"https:\/\/www.elsindical.com.ar\/notas\/wp-json\/wp\/v2\/posts\/134932\/revisions"}],"predecessor-version":[{"id":134934,"href":"https:\/\/www.elsindical.com.ar\/notas\/wp-json\/wp\/v2\/posts\/134932\/revisions\/134934"}],"wp:featuredmedia":[{"embeddable":true,"href":"https:\/\/www.elsindical.com.ar\/notas\/wp-json\/wp\/v2\/media\/134933"}],"wp:attachment":[{"href":"https:\/\/www.elsindical.com.ar\/notas\/wp-json\/wp\/v2\/media?parent=134932"}],"wp:term":[{"taxonomy":"category","embeddable":true,"href":"https:\/\/www.elsindical.com.ar\/notas\/wp-json\/wp\/v2\/categories?post=134932"},{"taxonomy":"post_tag","embeddable":true,"href":"https:\/\/www.elsindical.com.ar\/notas\/wp-json\/wp\/v2\/tags?post=134932"}],"curies":[{"name":"wp","href":"https:\/\/api.w.org\/{rel}","templated":true}]}}