{"id":134869,"date":"2024-12-20T16:48:15","date_gmt":"2024-12-20T19:48:15","guid":{"rendered":"https:\/\/www.elsindical.com.ar\/notas\/?p=134869"},"modified":"2024-12-20T16:48:22","modified_gmt":"2024-12-20T19:48:22","slug":"la-justicia-comenzo-a-investigar-a-los-policias-que-entraron-por-la-fuerza-al-recital-de-los-piojos","status":"publish","type":"post","link":"https:\/\/www.elsindical.com.ar\/notas\/la-justicia-comenzo-a-investigar-a-los-policias-que-entraron-por-la-fuerza-al-recital-de-los-piojos\/","title":{"rendered":"La Justicia comenz\u00f3 a investigar a los polic\u00edas que entraron por la fuerza al recital de Los Piojos"},"content":{"rendered":"<div class=\"wp-block-image\">\n<figure class=\"aligncenter size-full\"><a href=\"https:\/\/www.elsindical.com.ar\/notas\/var\/www\/html\/notas\/wp-content\/uploads\/2024\/12\/Geada-y-Perez.jpg\"><img loading=\"lazy\" decoding=\"async\" width=\"700\" height=\"399\" src=\"https:\/\/www.elsindical.com.ar\/notas\/var\/www\/html\/notas\/wp-content\/uploads\/2024\/12\/Geada-y-Perez.jpg\" alt=\"\" class=\"wp-image-134870\" srcset=\"https:\/\/www.elsindical.com.ar\/notas\/var\/www\/html\/notas\/wp-content\/uploads\/2024\/12\/Geada-y-Perez.jpg 700w, https:\/\/www.elsindical.com.ar\/notas\/var\/www\/html\/notas\/wp-content\/uploads\/2024\/12\/Geada-y-Perez-300x171.jpg 300w, https:\/\/www.elsindical.com.ar\/notas\/var\/www\/html\/notas\/wp-content\/uploads\/2024\/12\/Geada-y-Perez-500x285.jpg 500w, https:\/\/www.elsindical.com.ar\/notas\/var\/www\/html\/notas\/wp-content\/uploads\/2024\/12\/Geada-y-Perez-220x126.jpg 220w\" sizes=\"auto, (max-width: 700px) 100vw, 700px\" \/><\/a><\/figure>\n<\/div>\n\n\n<p>El fiscal \u00c1lvaro Garganta inici\u00f3 la causa contra el Comisario Mayor Christian Geada y la Sargento Y\u00e9sica Silvia P\u00e9rez. Ambos fueron desafectados de sus funciones.<\/p>\n\n\n\n<p>El esc\u00e1ndalo por <strong>el ins\u00f3lito episodio protagonizado por un Comisario Mayor y una Sargento de la Polic\u00eda Bonaerense <\/strong>que intentaron ingresar por la fuerza en un cuatriciclo al recital de Los Piojos el mi\u00e9rcoles por la noche en el Estadio \u00danico de La Plata suma un nuevo cap\u00edtulo.<\/p>\n\n\n\n<p><strong>Christian Geada<\/strong>, cabeza del Grupo de Apoyo Departamental y a cargo del operativo de seguridad en el recital aquella noche y <strong>Y\u00e9sica Silvia P\u00e9rez<\/strong>, tambi\u00e9n secretaria del GAD, ya fueron desafectados de sus funciones por el Ministerio de Seguridad bonaerense. Ahora, <strong>el fiscal \u00c1lvaro Garganta inici\u00f3 el expediente en su contra<\/strong>y comienza a recopilar pruebas para investigarlos, con la b\u00fasqueda de testigos como primera medida.<\/p>\n\n\n\n<p>La imputaci\u00f3n a\u00fan no se encuentra definida. Los posibles delitos que investiga Garganta, por lo pronto, son los de <strong>abuso de autoridad y violaci\u00f3n de los deberes de funcionario p\u00fablico<\/strong>.<\/p>\n\n\n\n<p>Por lo pronto, se desconoce si Geada y P\u00e9rez -ex empleada de una cadena de comidas r\u00e1pidas y de la Municipalidad de La Matanza, que no estaba de uniforme en el incidente, al contrario de Geada- tienen <strong>una relaci\u00f3n m\u00e1s all\u00e1 de lo laboral.<\/strong> Una foto tomada de las redes de P\u00e9rez y viralizada en las \u00faltimas horas, que ilustra esta nota,<strong> los muestra abrazados.<\/strong><\/p>\n\n\n\n<p>Las im\u00e1genes que muestran el episodio se viralizaron en cuesti\u00f3n de horas. En el video, se lo ve a Geada en un estado de excitaci\u00f3n. A bordo del cuatriciclo, se pele\u00f3 con personal de seguridad privada, atropell\u00f3 a uno de los trabajadores e<strong> intent\u00f3 escapar del lugar cuando lo retuvieron.<\/strong><\/p>\n\n\n\n<p><strong>Una posible testigo clave es la joven de pelo rojo que acompa\u00f1aba a ambos polic\u00edas en el cuatriciclo.<\/strong><\/p>\n\n\n\n<p>Su identidad, por lo pronto, se desconoce.<\/p>\n\n\n\n<p>Lo llamativo es que desde hace meses ambos polic\u00edas compart\u00edan en redes sociales fotos ostentando un nivel del vida que no se condice con los sueldos que perciben respectivamente como efectivos de la Polic\u00eda Bonaerense y en el caso de Geada, el mismo es mencionado y denunciado en distintos grupos policiales como un Jefe corrupto, denuncias que parec\u00edan no tener sustento, hasta que se conocieron los hechos por los cuales son investigados.<\/p>\n","protected":false},"excerpt":{"rendered":"<p>El fiscal \u00c1lvaro Garganta inici\u00f3 la causa contra el Comisario Mayor Christian Geada y la Sargento Y\u00e9sica Silvia P\u00e9rez. Ambos fueron desafectados de sus funciones. El esc\u00e1ndalo por el ins\u00f3lito episodio protagonizado por un Comisario Mayor y una Sargento de la Polic\u00eda Bonaerense que intentaron ingresar por la fuerza en un cuatriciclo al recital de&hellip;<\/p>\n","protected":false},"author":1,"featured_media":134870,"comment_status":"open","ping_status":"open","sticky":false,"template":"","format":"standard","meta":{"footnotes":""},"categories":[20],"tags":[44295,2450,26137,9182,2792,3844,44304],"class_list":["post-134869","post","type-post","status-publish","format-standard","has-post-thumbnail","hentry","category-judiciales","tag-christian-guillermo-geada","tag-diario-el-sindical","tag-estadio-unico-la-plata","tag-fiscal-alvaro-garganta","tag-gad","tag-los-piojos","tag-yesica-silvia-perez"],"_links":{"self":[{"href":"https:\/\/www.elsindical.com.ar\/notas\/wp-json\/wp\/v2\/posts\/134869","targetHints":{"allow":["GET"]}}],"collection":[{"href":"https:\/\/www.elsindical.com.ar\/notas\/wp-json\/wp\/v2\/posts"}],"about":[{"href":"https:\/\/www.elsindical.com.ar\/notas\/wp-json\/wp\/v2\/types\/post"}],"author":[{"embeddable":true,"href":"https:\/\/www.elsindical.com.ar\/notas\/wp-json\/wp\/v2\/users\/1"}],"replies":[{"embeddable":true,"href":"https:\/\/www.elsindical.com.ar\/notas\/wp-json\/wp\/v2\/comments?post=134869"}],"version-history":[{"count":1,"href":"https:\/\/www.elsindical.com.ar\/notas\/wp-json\/wp\/v2\/posts\/134869\/revisions"}],"predecessor-version":[{"id":134871,"href":"https:\/\/www.elsindical.com.ar\/notas\/wp-json\/wp\/v2\/posts\/134869\/revisions\/134871"}],"wp:featuredmedia":[{"embeddable":true,"href":"https:\/\/www.elsindical.com.ar\/notas\/wp-json\/wp\/v2\/media\/134870"}],"wp:attachment":[{"href":"https:\/\/www.elsindical.com.ar\/notas\/wp-json\/wp\/v2\/media?parent=134869"}],"wp:term":[{"taxonomy":"category","embeddable":true,"href":"https:\/\/www.elsindical.com.ar\/notas\/wp-json\/wp\/v2\/categories?post=134869"},{"taxonomy":"post_tag","embeddable":true,"href":"https:\/\/www.elsindical.com.ar\/notas\/wp-json\/wp\/v2\/tags?post=134869"}],"curies":[{"name":"wp","href":"https:\/\/api.w.org\/{rel}","templated":true}]}}