{"id":134854,"date":"2024-12-20T00:50:47","date_gmt":"2024-12-20T03:50:47","guid":{"rendered":"https:\/\/www.elsindical.com.ar\/notas\/?p=134854"},"modified":"2024-12-20T00:50:54","modified_gmt":"2024-12-20T03:50:54","slug":"el-ingreso-promedio-de-la-poblacion-ocupada-es-612-035-segun-el-indec","status":"publish","type":"post","link":"https:\/\/www.elsindical.com.ar\/notas\/el-ingreso-promedio-de-la-poblacion-ocupada-es-612-035-segun-el-indec\/","title":{"rendered":"El ingreso promedio de la poblaci\u00f3n ocupada es $612.035, seg\u00fan el INDEC"},"content":{"rendered":"<div class=\"wp-block-image\">\n<figure class=\"aligncenter size-full is-resized\"><a href=\"https:\/\/www.elsindical.com.ar\/notas\/var\/www\/html\/notas\/wp-content\/uploads\/2013\/05\/INDEC-renovado.jpg\"><img loading=\"lazy\" decoding=\"async\" width=\"443\" height=\"272\" src=\"https:\/\/www.elsindical.com.ar\/notas\/var\/www\/html\/notas\/wp-content\/uploads\/2013\/05\/INDEC-renovado.jpg\" alt=\"\" class=\"wp-image-34969\" style=\"width:539px;height:auto\" srcset=\"https:\/\/www.elsindical.com.ar\/notas\/var\/www\/html\/notas\/wp-content\/uploads\/2013\/05\/INDEC-renovado.jpg 443w, https:\/\/www.elsindical.com.ar\/notas\/var\/www\/html\/notas\/wp-content\/uploads\/2013\/05\/INDEC-renovado-300x184.jpg 300w\" sizes=\"auto, (max-width: 443px) 100vw, 443px\" \/><\/a><\/figure>\n<\/div>\n\n\n<p>El coeficiente de Gini <strong>del ingreso per c\u00e1pita familiar de las personas fue de 0,435 <\/strong>para el tercer trimestre de 2024, mientras que en el mismo trimestre de 2023 el valor fue de 0,434, lo que muestra una leve disminuci\u00f3n de la desigualdad en la comparaci\u00f3n interanual.<\/p>\n\n\n\n<p>As\u00ed lo reflej\u00f3 la <strong>Evoluci\u00f3n de la distribuci\u00f3n del ingreso (EPH) del Indec <\/strong>en los resultados del tercer trimestre de 2024 correspondientes a los 31 aglomerados urbanos.<\/p>\n\n\n\n<p>La suma total de ingresos para el total de la poblaci\u00f3n de referencia fue de $12.327.531 millones, lo que<br>signific\u00f3 un incremento de <strong>238,6% en relaci\u00f3n con igual trimestre de 2023<\/strong>.<\/p>\n\n\n\n<p>El ingreso promedio per c\u00e1pita del total de la poblaci\u00f3n, que corresponde a 29.720.283 personas, <strong>alcanz\u00f3 los $414.785, <\/strong>mientras que la mediana del ingreso per c\u00e1pita fue de $300.000.<\/p>\n\n\n\n<p><strong>El 62,8% de la poblaci\u00f3n total (18.660.407 personas) percibi\u00f3 alg\u00fan ingreso, <\/strong>cuyo promedio es igual a $649.163.<\/p>\n\n\n\n<p>Analizado seg\u00fan escala de ingreso individual, <strong>el ingreso promedio del estrato bajo (deciles 1 a 4) fue de $212.282; <\/strong>el del estrato medio (deciles 5 a 8), a $603.688 y el del estrato alto (deciles 9 y 10), a $1.614.039.<\/p>\n\n\n\n<p>Los perceptores <strong>varones tuvieron un ingreso promedio de $754.820, mientras que el de las mujeres fue de $546.317.<\/strong><\/p>\n\n\n\n<p>Respecto a la poblaci\u00f3n ocupada, <strong>se registr\u00f3 un ingreso promedio de $612.035 <\/strong>y un ingreso mediano de $500.000, equivalente al l\u00edmite superior de ingresos del decil 5, bajo el cual se sit\u00faa el 50% de las personas ocupadas.<\/p>\n\n\n\n<p>El ingreso promedio de los primeros cuatro deciles de la poblaci\u00f3n, ordenada seg\u00fan ingreso de la ocupaci\u00f3n principal, fue de $200.163.<\/p>\n\n\n\n<p>El ingreso promedio del estrato medio (deciles del 5 a 8) fue de $602.290, mientras que el ingreso de los deciles 9 y 10 fue de $1.455.768.<\/p>\n\n\n\n<p>Respecto a la poblaci\u00f3n asalariada, se registraron 9.562.508 personas con ingreso promedio de $640.470.<\/p>\n\n\n\n<p>El ingreso promedio de las personas asalariadas con descuento jubilatorio fue de $810.560 (+244,8% interanual), mientras que en el caso de aquellas sin descuento jubilatorio, el ingreso promedio equivale a $334.819 (+199% interanual).<\/p>\n\n\n\n<p>En el caso de los hogares, los ingresos laborales representaron el 77,5% de los ingresos totales, mientras que los ingresos no laborales alcanzaron el 22,5% restante.<\/p>\n\n\n\n<p>El peso de los ingresos no laborales fue mayor para los deciles de ingreso total familiar m\u00e1s bajos, que fueron 61,6% en el primero y 11,2% en el d\u00e9cimo.<\/p>\n\n\n\n<p>Respecto a la relaci\u00f3n de dependencia de los hogares, la cantidad de personas no ocupadas fue de 122 por cada 100 ocupadas, mientras que la cantidad de no perceptoras de ingreso fue de 59 por cada 100 perceptoras.<\/p>\n\n\n\n<p>Esta relaci\u00f3n es mayor en el caso de los deciles m\u00e1s bajos.<\/p>\n\n\n\n<p>La brecha calculada entre la mediana del decil 10 y el decil 1 de ingreso per c\u00e1pita familiar de la poblaci\u00f3n fue de 14.<\/p>\n\n\n\n<p>La brecha de la mediana se mantuvo sin cambios, en la comparaci\u00f3n interanual, con respecto al tercer trimestre de 2023, y descendi\u00f3 un punto en relaci\u00f3n al \u00faltimo trimestre con aguinaldo (primer trimestre de 2024), se inform\u00f3.<\/p>\n","protected":false},"excerpt":{"rendered":"<p>El coeficiente de Gini del ingreso per c\u00e1pita familiar de las personas fue de 0,435 para el tercer trimestre de 2024, mientras que en el mismo trimestre de 2023 el valor fue de 0,434, lo que muestra una leve disminuci\u00f3n de la desigualdad en la comparaci\u00f3n interanual. As\u00ed lo reflej\u00f3 la Evoluci\u00f3n de la distribuci\u00f3n&hellip;<\/p>\n","protected":false},"author":1,"featured_media":34969,"comment_status":"open","ping_status":"open","sticky":false,"template":"","format":"standard","meta":{"footnotes":""},"categories":[9,25],"tags":[2450,22023,17804,2200,3783,41830],"class_list":["post-134854","post","type-post","status-publish","format-standard","has-post-thumbnail","hentry","category-economia","category-sociedad","tag-diario-el-sindical","tag-economia","tag-eph","tag-indec","tag-ingresos","tag-poblacion-ocupada"],"_links":{"self":[{"href":"https:\/\/www.elsindical.com.ar\/notas\/wp-json\/wp\/v2\/posts\/134854","targetHints":{"allow":["GET"]}}],"collection":[{"href":"https:\/\/www.elsindical.com.ar\/notas\/wp-json\/wp\/v2\/posts"}],"about":[{"href":"https:\/\/www.elsindical.com.ar\/notas\/wp-json\/wp\/v2\/types\/post"}],"author":[{"embeddable":true,"href":"https:\/\/www.elsindical.com.ar\/notas\/wp-json\/wp\/v2\/users\/1"}],"replies":[{"embeddable":true,"href":"https:\/\/www.elsindical.com.ar\/notas\/wp-json\/wp\/v2\/comments?post=134854"}],"version-history":[{"count":1,"href":"https:\/\/www.elsindical.com.ar\/notas\/wp-json\/wp\/v2\/posts\/134854\/revisions"}],"predecessor-version":[{"id":134855,"href":"https:\/\/www.elsindical.com.ar\/notas\/wp-json\/wp\/v2\/posts\/134854\/revisions\/134855"}],"wp:featuredmedia":[{"embeddable":true,"href":"https:\/\/www.elsindical.com.ar\/notas\/wp-json\/wp\/v2\/media\/34969"}],"wp:attachment":[{"href":"https:\/\/www.elsindical.com.ar\/notas\/wp-json\/wp\/v2\/media?parent=134854"}],"wp:term":[{"taxonomy":"category","embeddable":true,"href":"https:\/\/www.elsindical.com.ar\/notas\/wp-json\/wp\/v2\/categories?post=134854"},{"taxonomy":"post_tag","embeddable":true,"href":"https:\/\/www.elsindical.com.ar\/notas\/wp-json\/wp\/v2\/tags?post=134854"}],"curies":[{"name":"wp","href":"https:\/\/api.w.org\/{rel}","templated":true}]}}