{"id":134850,"date":"2024-12-20T00:02:43","date_gmt":"2024-12-20T03:02:43","guid":{"rendered":"https:\/\/www.elsindical.com.ar\/notas\/?p=134850"},"modified":"2024-12-20T00:10:11","modified_gmt":"2024-12-20T03:10:11","slug":"sabores-express-no-compre-a-explotadores","status":"publish","type":"post","link":"https:\/\/www.elsindical.com.ar\/notas\/sabores-express-no-compre-a-explotadores\/","title":{"rendered":"Sabores Express NO COMPRE A EXPLOTADORES"},"content":{"rendered":"<div class=\"wp-block-image\">\n<figure class=\"aligncenter size-full\"><a href=\"https:\/\/www.elsindical.com.ar\/notas\/var\/www\/html\/notas\/wp-content\/uploads\/2024\/12\/Sabores-Express-no-compres-a-explotadores.jpg\"><img loading=\"lazy\" decoding=\"async\" width=\"700\" height=\"398\" src=\"https:\/\/www.elsindical.com.ar\/notas\/var\/www\/html\/notas\/wp-content\/uploads\/2024\/12\/Sabores-Express-no-compres-a-explotadores.jpg\" alt=\"\" class=\"wp-image-134851\" srcset=\"https:\/\/www.elsindical.com.ar\/notas\/var\/www\/html\/notas\/wp-content\/uploads\/2024\/12\/Sabores-Express-no-compres-a-explotadores.jpg 700w, https:\/\/www.elsindical.com.ar\/notas\/var\/www\/html\/notas\/wp-content\/uploads\/2024\/12\/Sabores-Express-no-compres-a-explotadores-300x171.jpg 300w, https:\/\/www.elsindical.com.ar\/notas\/var\/www\/html\/notas\/wp-content\/uploads\/2024\/12\/Sabores-Express-no-compres-a-explotadores-500x284.jpg 500w, https:\/\/www.elsindical.com.ar\/notas\/var\/www\/html\/notas\/wp-content\/uploads\/2024\/12\/Sabores-Express-no-compres-a-explotadores-220x126.jpg 220w\" sizes=\"auto, (max-width: 700px) 100vw, 700px\" \/><\/a><\/figure>\n<\/div>\n\n\n<p class=\"wp-block-paragraph\">Conocida la noticia de que la PFA allan\u00f3 diferentes locales y oficinas de una conocida cadena de comidas, por una investigaci\u00f3n judicial a cargo del Juzgado Penal Econ\u00f3mico N\u00b04 a cargo del Dr. Alejandro Catania a ra\u00edz de una solicitud de medidas presentada por la Direcci\u00f3n General Impositiva, libr\u00f3 distintos exhortos para allanar 13 domicilios en las localidades de San Mart\u00edn y Pilar, Provincia de Buenos Aires, pertenecientes a un mismo grupo empresario quienes fabrican y venden empanadas y otros panificados.<\/p>\n\n\n\n<p class=\"wp-block-paragraph\">El operativo fue llevado a cabo por personal del \u00e1rea de Delitos Fiscales de la Polic\u00eda Federal Argentina @PFAOficial con la participaci\u00f3n de los especialistas de este Organismo, qui\u00e9nes en cumplimiento de la orden de allanamiento, revisaron la documentaci\u00f3n y relevaron al personal que se encontraba desarrollando tareas en el lugar.<\/p>\n\n\n\n<p class=\"wp-block-paragraph\">La metodolog\u00eda utilizada por este grupo empresario y detectada por la DGI que motiv\u00f3 la solicitud, consistir\u00eda en simular la concesi\u00f3n de franquicias a personas que ser\u00edan empleados de la cadena, con el objeto de ocultar la relaci\u00f3n laboral y a los verdaderos responsables.<\/p>\n\n\n\n<p class=\"wp-block-paragraph\">En el marco de los procedimientos, se relevaron 257 trabajadores quienes manifestaron que se encontraban trabajando \u201cen negro\u201d, muchos de ellos con a\u00f1os de antiguedad. Se secuestraron cajas con documentaci\u00f3n que ser\u00eda relevante para la causa: planillas de personal, horarios, haberes y turnos, libros societarios y contables, facturas de compra y venta, entre otras. A su vez un t\u00e9cnico inform\u00e1tico de la Polic\u00eda Federal Argentina, perit\u00f3 las computadoras de cada uno de los lugares copiando la informaci\u00f3n relevante. En el domicilio donde funciona la administraci\u00f3n, se encontraron tres cajas fuertes de las que una vez aperturadas se secuestraron una important\u00edsima cantidad de dinero en efectivo que ascendi\u00f3 a la suma de 400 millones de pesos y 13 mil d\u00f3lares as\u00ed como armas de diferente calibre y documentaci\u00f3n comercial importante para la causa.<\/p>\n\n\n\n<p class=\"wp-block-paragraph\">Con el impacto de la noticia, se conoci\u00f3 que la cadena lleva el nombre comercial de <strong>Sabores Express<\/strong>, perteneciente al Grupo <strong>Franquisias Express S.A. <\/strong>Con CUIT: 30-71651600-4, declara no ser empleador, con domicilio en la Avenida Croacia 2260 26 A. de la localidad de Jos\u00e9 Clemente Paz, provincia de Buenos Aires, con actividades de Gesti\u00f3n de Bienes Intangibles no financieros.<\/p>\n\n\n\n<p class=\"wp-block-paragraph\">El mecanismo de evasi\u00f3n detectado por la DGI, era la creaci\u00f3n de supuestas franquicias, que en realidad se otorgaban a empleados, que eran inscriptos como franquiciados para eludir la registraci\u00f3n formal y el cumplimiento de las oblihaciones laborales.<\/p>\n\n\n\n<p class=\"wp-block-paragraph\">Durante el procedimiento policial se busco documentaci\u00f3n que no solo probara el fraude laboral y la evasi\u00f3n previsional, sino la evasi\u00f3n fiscal por lo que se secuestraron distintos libros y facturas.<\/p>\n\n\n\n<p class=\"wp-block-paragraph\">En enero del 2024 la cadena fue noticia en Infobae donde destcaban su \u00e9xito comercial.<\/p>\n\n\n\n<p class=\"wp-block-paragraph\">La cadena de empanadas argentinas Sabores Express ha alcanzado ventas de siete millones de euros y ha abierto 24 tiendas en los 10 meses que lleva de actividad en Espa\u00f1a, seg\u00fan ha informado la ense\u00f1a en un comunicado. En concreto, la firma para lograr estos registros ha llevado a cabo una gran inversi\u00f3n destinada principalmente a la apertura de tiendas, desarrollo e implementaci\u00f3n de la f\u00e1brica, contrataci\u00f3n de personal y publicidad. As\u00ed, ha inaugurado un total de 24 espacios repartidos entre la Comunidad de Madrid con 23 localizaciones y su primera apertura en Castilla La Mancha, que actualmente son 100% propios aunque planea abrir a franquicias de cara a 2024. Sabores Express cuenta con su propia f\u00e1brica y centro log\u00edstico, que est\u00e1 ubicada en Alcorc\u00f3n, con m\u00e1s de 3.000 metros cuadrados y equipos de alta tecnolog\u00eda logrando optimizar sus recursos con una capacidad m\u00e1xima de producci\u00f3n para cinco millones de empanadas mensuales. Con estas aperturas, de tiendas y la f\u00e1brica, la empresa ha creado 200 nuevos puestos de trabajo. Respecto a 2024, la cadena trabaja en su estrategia y objetivos entre los que se ha marcado un \u00abgran n\u00famero de aperturas\u00bb con la llegada de sus empanadas a Barcelona, as\u00ed como el desarrollo de nuevos productos como las medialunas dulces -croissant t\u00edpico argentino- y croquetas y de su propia &#8216;app&#8217;. La cadena tiene una proyecci\u00f3n de abrir 100 establecimientos en dos a\u00f1os a nivel nacional. As\u00ed, en los pr\u00f3ximos meses prev\u00e9n abrir m\u00e1s de 30 locales entre Madrid y Barcelona. A nivel internacional, la expansi\u00f3n de la ense\u00f1a les llevar\u00e1 a desembarcar este a\u00f1o en pa\u00edses como Paraguay, Chile y Uruguay, as\u00ed como seguir creciendo en Argentina. \u00abEstamos muy contentos con las cifras obtenidas, ha sido un a\u00f1o de mucho trabajo en equipo y asentamiento en el mercado espa\u00f1ol. El recibimiento ha sido espectacular, todas nuestras aperturas han sido un \u00e9xito y, desde aqu\u00ed, queremos dar las gracias. Nuestro objetivo es que todo el mundo pueda acceder, tanto por precio como por cercan\u00eda, a un producto tan popular como la empanada argentina, por eso, prometemos ir llegando a m\u00e1s puntos de venta\u00bb, se\u00f1ala el equipo de Sabores Express desde Argentina. Sabores Express, que naci\u00f3 en 2016 de la mano de dos amigos con experiencia en la hosteler\u00eda, es actualmente la cadena de empanadas m\u00e1s importante de Argentina, dedicada a la producci\u00f3n y comercializaci\u00f3n de empanadas, pizzas, medialunas y chip\u00e1s.<\/p>\n\n\n\n<p class=\"wp-block-paragraph\">Es evidente que la justicia tiene pruebas de sobra para avanzar en los allanamientos contra un grupo econ\u00f3mico poderoso, que se expande a Europa mientras algunas de sus sociedades se registran en Panam\u00e1.<\/p>\n\n\n\n<p class=\"wp-block-paragraph\">Habr\u00e1 que esperar el avance judicial y que no quede en un hecho que el peso del dinero termine enterrando y gane la impunidad.<\/p>\n\n\n\n<figure class=\"wp-block-embed is-type-video is-provider-youtube wp-block-embed-youtube wp-embed-aspect-16-9 wp-has-aspect-ratio\"><div class=\"wp-block-embed__wrapper\">\n<iframe loading=\"lazy\" title=\"Sabores Express no compres a explotadores\" width=\"700\" height=\"394\" src=\"https:\/\/www.youtube.com\/embed\/uB83Of179QA?feature=oembed\" frameborder=\"0\" allow=\"accelerometer; autoplay; clipboard-write; encrypted-media; gyroscope; picture-in-picture; web-share\" referrerpolicy=\"strict-origin-when-cross-origin\" allowfullscreen><\/iframe>\n<\/div><\/figure>\n\n\n\n<p class=\"wp-block-paragraph\">Por Marcelo Ricardo Hawrylciw<\/p>\n","protected":false},"excerpt":{"rendered":"<p>Conocida la noticia de que la PFA allan\u00f3 diferentes locales y oficinas de una conocida cadena de comidas, por una investigaci\u00f3n judicial a cargo del Juzgado Penal Econ\u00f3mico N\u00b04 a cargo del Dr. Alejandro Catania a ra\u00edz de una solicitud de medidas presentada por la Direcci\u00f3n General Impositiva, libr\u00f3 distintos exhortos para allanar 13 domicilios&hellip;<\/p>\n","protected":false},"author":1,"featured_media":134851,"comment_status":"open","ping_status":"open","sticky":false,"template":"","format":"standard","meta":{"footnotes":""},"categories":[10],"tags":[493,424,2450,1115,5898,28623,44300,3305,698,44299],"class_list":["post-134850","post","type-post","status-publish","format-standard","has-post-thumbnail","hentry","category-editorial","tag-allanamientos","tag-armas","tag-diario-el-sindical","tag-dolares","tag-europa","tag-evasion-fiscal","tag-franquicias-express-s-a","tag-millones","tag-pfa","tag-sabores-express"],"_links":{"self":[{"href":"https:\/\/www.elsindical.com.ar\/notas\/wp-json\/wp\/v2\/posts\/134850","targetHints":{"allow":["GET"]}}],"collection":[{"href":"https:\/\/www.elsindical.com.ar\/notas\/wp-json\/wp\/v2\/posts"}],"about":[{"href":"https:\/\/www.elsindical.com.ar\/notas\/wp-json\/wp\/v2\/types\/post"}],"author":[{"embeddable":true,"href":"https:\/\/www.elsindical.com.ar\/notas\/wp-json\/wp\/v2\/users\/1"}],"replies":[{"embeddable":true,"href":"https:\/\/www.elsindical.com.ar\/notas\/wp-json\/wp\/v2\/comments?post=134850"}],"version-history":[{"count":2,"href":"https:\/\/www.elsindical.com.ar\/notas\/wp-json\/wp\/v2\/posts\/134850\/revisions"}],"predecessor-version":[{"id":134853,"href":"https:\/\/www.elsindical.com.ar\/notas\/wp-json\/wp\/v2\/posts\/134850\/revisions\/134853"}],"wp:featuredmedia":[{"embeddable":true,"href":"https:\/\/www.elsindical.com.ar\/notas\/wp-json\/wp\/v2\/media\/134851"}],"wp:attachment":[{"href":"https:\/\/www.elsindical.com.ar\/notas\/wp-json\/wp\/v2\/media?parent=134850"}],"wp:term":[{"taxonomy":"category","embeddable":true,"href":"https:\/\/www.elsindical.com.ar\/notas\/wp-json\/wp\/v2\/categories?post=134850"},{"taxonomy":"post_tag","embeddable":true,"href":"https:\/\/www.elsindical.com.ar\/notas\/wp-json\/wp\/v2\/tags?post=134850"}],"curies":[{"name":"wp","href":"https:\/\/api.w.org\/{rel}","templated":true}]}}