{"id":134833,"date":"2024-12-19T12:14:54","date_gmt":"2024-12-19T15:14:54","guid":{"rendered":"https:\/\/www.elsindical.com.ar\/notas\/?p=134833"},"modified":"2024-12-19T21:59:56","modified_gmt":"2024-12-20T00:59:56","slug":"christian-guillermo-geada-antecedentes-de-violencia-del-jefe-policial-del-escandalo-en-el-recital-de-los-piojos","status":"publish","type":"post","link":"https:\/\/www.elsindical.com.ar\/notas\/christian-guillermo-geada-antecedentes-de-violencia-del-jefe-policial-del-escandalo-en-el-recital-de-los-piojos\/","title":{"rendered":"Christian Guillermo Geada, antecedentes de violencia del Jefe policial del esc\u00e1ndalo en el recital de Los Piojos"},"content":{"rendered":"<div class=\"wp-block-image\">\n<figure class=\"aligncenter size-full\"><a href=\"https:\/\/www.elsindical.com.ar\/notas\/var\/www\/html\/notas\/wp-content\/uploads\/2024\/12\/Geada-cara.jpg\"><img loading=\"lazy\" decoding=\"async\" width=\"495\" height=\"629\" src=\"https:\/\/www.elsindical.com.ar\/notas\/var\/www\/html\/notas\/wp-content\/uploads\/2024\/12\/Geada-cara.jpg\" alt=\"\" class=\"wp-image-134845\" srcset=\"https:\/\/www.elsindical.com.ar\/notas\/var\/www\/html\/notas\/wp-content\/uploads\/2024\/12\/Geada-cara.jpg 495w, https:\/\/www.elsindical.com.ar\/notas\/var\/www\/html\/notas\/wp-content\/uploads\/2024\/12\/Geada-cara-236x300.jpg 236w\" sizes=\"auto, (max-width: 495px) 100vw, 495px\" \/><\/a><\/figure>\n<\/div>\n\n\n<p>   Conocida la ins\u00f3lita situaci\u00f3n en la que se coloc\u00f3 el Comisario Mayor Christian Guillermo Geada, cuando uniformado conduciendo un cuatriciclo con dos j\u00f3venes mujeres detr\u00e1s intent\u00f3 ingresar al recital de Los Piojos por la fuerza, derribando una vallas y demostrando una violencia inexplicable, surgieron otros testimonios sobre este jefe policial.<\/p>\n\n\n\n<p><em>Christian<\/em> <em>Guillermo<\/em> <em>GEADA<\/em>, D.N.I. N\u00ba 23.573.485, CUIT: 20-23573485-1, registra distintas sanciones y quiz\u00e1s el dato m\u00e1s llamativo es que en febrero del 2023, en la localidad de Villa Gesell, protagoniz\u00f3 otro hecho ins\u00f3lito donde primero fue v\u00edctima de un il\u00edcito en el cual seg\u00fan declar\u00f3 oportunamente, se comi\u00f3 \u00abel cuento del t\u00edo\u00bb, cuando a bordo de una camioneta Dodge RAM, un hombre le dice que le falta una tuerca a una de las llantas, lo que hace que descienda del rodado y otro sujeto c\u00f3mplice del primero le sustraiga un morral con documentaci\u00f3n y el arma reglamentaria, es raro que un oficial caiga en un enga\u00f1o tan burdo y que siendo jefe de un grupo policial de Fuerzas Especiales, lleve el arma reglamentaria en un morral. Solo por la sustracci\u00f3n del arma, deber\u00eda haber sido sumariado y sancionado.<\/p>\n\n\n\n<p>Seg\u00fan relata el medio El Bonaerense, Geada, fuera de s\u00ed, culpo de c\u00f3mplices a dos mujeres que atend\u00edan un kiosco, madre e hija fueron insultadas y hasta agredidas f\u00edsicamente por el jefe policial, hasta que un video demostr\u00f3 la inocencia de las mujeres agredidas que realizaron la denuncia.<\/p>\n\n\n\n<p>El hecho se produjo el s\u00e1bado al mediod\u00eda cuando el director del Grupo GAD, Christian Guillermo Geada, baj\u00f3 de su camioneta Dodge Ram en Avenida 2 y Paseo 104 y enga\u00f1o mediante perdi\u00f3 su morral con documentaci\u00f3n y su arma,<\/p>\n\n\n\n<p>Las mujeres afectadas presentaron una denuncia formal contra el comisario mayor en la Fiscal\u00eda 6 de Villa Gesell, en la que alegaron violencia de g\u00e9nero y abuso de poder.<\/p>\n\n\n\n<p>Con ese antecedente puntual no se entiende c\u00f3mo segu\u00eda siendo un importante jefe policial, donde los testigos hablan de que adem\u00e1s de violento, el polic\u00eda se encontraba en un estado anormal de excitaci\u00f3n, apuntando a una intoxicaci\u00f3n severa.<\/p>\n\n\n\n<p>En distintos grupos de polic\u00edas que denuncian irregularidades y a jefes policiales, Geada era uno de los m\u00e1s mencionados, acus\u00e1ndolo de desviar del servicio a efectivos policiales del GAD para custodiar lugares espec\u00edficos que pagar\u00edan por esa protecci\u00f3n, tambi\u00e9n denuncian que Asuntos Internos AGAI, no tom\u00f3 medidas con este oficial a cambio de una cuota de 4500 d\u00f3lares, una cifra imposible de pagar con su sueldo y que tampoco justifica el patrimonio declarado oficialmente.<\/p>\n\n\n<div class=\"wp-block-image\">\n<figure class=\"aligncenter size-full\"><a href=\"https:\/\/www.elsindical.com.ar\/notas\/var\/www\/html\/notas\/wp-content\/uploads\/2024\/12\/Comisario-Jnspector-Geada-Christian-Guillermo.jpg\"><img loading=\"lazy\" decoding=\"async\" width=\"195\" height=\"719\" src=\"https:\/\/www.elsindical.com.ar\/notas\/var\/www\/html\/notas\/wp-content\/uploads\/2024\/12\/Comisario-Jnspector-Geada-Christian-Guillermo.jpg\" alt=\"\" class=\"wp-image-134842\" srcset=\"https:\/\/www.elsindical.com.ar\/notas\/var\/www\/html\/notas\/wp-content\/uploads\/2024\/12\/Comisario-Jnspector-Geada-Christian-Guillermo.jpg 195w, https:\/\/www.elsindical.com.ar\/notas\/var\/www\/html\/notas\/wp-content\/uploads\/2024\/12\/Comisario-Jnspector-Geada-Christian-Guillermo-81x300.jpg 81w\" sizes=\"auto, (max-width: 195px) 100vw, 195px\" \/><\/a><\/figure>\n<\/div>","protected":false},"excerpt":{"rendered":"<p>Conocida la ins\u00f3lita situaci\u00f3n en la que se coloc\u00f3 el Comisario Mayor Christian Guillermo Geada, cuando uniformado conduciendo un cuatriciclo con dos j\u00f3venes mujeres detr\u00e1s intent\u00f3 ingresar al recital de Los Piojos por la fuerza, derribando una vallas y demostrando una violencia inexplicable, surgieron otros testimonios sobre este jefe policial. Christian Guillermo GEADA, D.N.I. N\u00ba&hellip;<\/p>\n","protected":false},"author":1,"featured_media":134845,"comment_status":"open","ping_status":"open","sticky":false,"template":"","format":"standard","meta":{"footnotes":""},"categories":[22],"tags":[9986,44295,2450,26137,2792,3844],"class_list":["post-134833","post","type-post","status-publish","format-standard","has-post-thumbnail","hentry","category-policiales","tag-abuso-de-autoridad","tag-christian-guillermo-geada","tag-diario-el-sindical","tag-estadio-unico-la-plata","tag-gad","tag-los-piojos"],"_links":{"self":[{"href":"https:\/\/www.elsindical.com.ar\/notas\/wp-json\/wp\/v2\/posts\/134833","targetHints":{"allow":["GET"]}}],"collection":[{"href":"https:\/\/www.elsindical.com.ar\/notas\/wp-json\/wp\/v2\/posts"}],"about":[{"href":"https:\/\/www.elsindical.com.ar\/notas\/wp-json\/wp\/v2\/types\/post"}],"author":[{"embeddable":true,"href":"https:\/\/www.elsindical.com.ar\/notas\/wp-json\/wp\/v2\/users\/1"}],"replies":[{"embeddable":true,"href":"https:\/\/www.elsindical.com.ar\/notas\/wp-json\/wp\/v2\/comments?post=134833"}],"version-history":[{"count":3,"href":"https:\/\/www.elsindical.com.ar\/notas\/wp-json\/wp\/v2\/posts\/134833\/revisions"}],"predecessor-version":[{"id":134847,"href":"https:\/\/www.elsindical.com.ar\/notas\/wp-json\/wp\/v2\/posts\/134833\/revisions\/134847"}],"wp:featuredmedia":[{"embeddable":true,"href":"https:\/\/www.elsindical.com.ar\/notas\/wp-json\/wp\/v2\/media\/134845"}],"wp:attachment":[{"href":"https:\/\/www.elsindical.com.ar\/notas\/wp-json\/wp\/v2\/media?parent=134833"}],"wp:term":[{"taxonomy":"category","embeddable":true,"href":"https:\/\/www.elsindical.com.ar\/notas\/wp-json\/wp\/v2\/categories?post=134833"},{"taxonomy":"post_tag","embeddable":true,"href":"https:\/\/www.elsindical.com.ar\/notas\/wp-json\/wp\/v2\/tags?post=134833"}],"curies":[{"name":"wp","href":"https:\/\/api.w.org\/{rel}","templated":true}]}}