{"id":134803,"date":"2024-12-18T13:10:41","date_gmt":"2024-12-18T16:10:41","guid":{"rendered":"https:\/\/www.elsindical.com.ar\/notas\/?p=134803"},"modified":"2024-12-18T13:11:09","modified_gmt":"2024-12-18T16:11:09","slug":"avellaneda-violento-robo-a-anciano-en-sarandi-reclamo-vecinal-por-la-inseguridad","status":"publish","type":"post","link":"https:\/\/www.elsindical.com.ar\/notas\/avellaneda-violento-robo-a-anciano-en-sarandi-reclamo-vecinal-por-la-inseguridad\/","title":{"rendered":"Avellaneda: Violento robo a anciano en Sarand\u00ed, reclamo vecinal por la inseguridad"},"content":{"rendered":"\n<figure class=\"wp-block-image size-full\"><a href=\"https:\/\/www.elsindical.com.ar\/notas\/var\/www\/html\/notas\/wp-content\/uploads\/2024\/12\/robo-violento-anciano-en-Sarandi.jpg\"><img loading=\"lazy\" decoding=\"async\" width=\"867\" height=\"439\" src=\"https:\/\/www.elsindical.com.ar\/notas\/var\/www\/html\/notas\/wp-content\/uploads\/2024\/12\/robo-violento-anciano-en-Sarandi.jpg\" alt=\"\" class=\"wp-image-134804\" srcset=\"https:\/\/www.elsindical.com.ar\/notas\/var\/www\/html\/notas\/wp-content\/uploads\/2024\/12\/robo-violento-anciano-en-Sarandi.jpg 867w, https:\/\/www.elsindical.com.ar\/notas\/var\/www\/html\/notas\/wp-content\/uploads\/2024\/12\/robo-violento-anciano-en-Sarandi-300x152.jpg 300w, https:\/\/www.elsindical.com.ar\/notas\/var\/www\/html\/notas\/wp-content\/uploads\/2024\/12\/robo-violento-anciano-en-Sarandi-768x389.jpg 768w, https:\/\/www.elsindical.com.ar\/notas\/var\/www\/html\/notas\/wp-content\/uploads\/2024\/12\/robo-violento-anciano-en-Sarandi-500x253.jpg 500w\" sizes=\"auto, (max-width: 867px) 100vw, 867px\" \/><\/a><\/figure>\n\n\n\n<p>   La v\u00edctima dorm\u00eda en su casa ubicada en Sarand\u00ed, partido de Avellaneda, cuando los ladrones ingresaron de forma violenta; se llevaron d\u00f3lares y una escopeta.<\/p>\n\n\n\n<p>Una situaci\u00f3n de violencia extrema tuvo lugar en la localidad bonaerense de <strong>Sarand\u00ed<\/strong>, cuando durante la madrugada de este mi\u00e9rcoles dos delincuentes ingresaron en la casa de un hombre de 88 a\u00f1os, y <strong>lo maniataron y golpearon para robarle dinero y pertenencias<\/strong>.<\/p>\n\n\n\n<p><strong>Ismael<\/strong>, un herrero art\u00edstico, dorm\u00eda en su casa cuando fue despertado por los ladrones que hab\u00edan ingresado a su morada. \u201cEstaba durmiendo pl\u00e1cidamente cuando sent\u00ed que me agarraban. <strong>Me dijeron que me quede quieto y me ataron de manos y piernas<\/strong>\u201d, detall\u00f3 la v\u00edctima en di\u00e1logo con los distintos medios de prensa que llegaron a su domicilio.<\/p>\n\n\n\n<p>Ah\u00ed fue cuando comenz\u00f3 la violencia. \u201cMe pegaron cachetazos, me golpearon con el mango de un cuchillo en la cabeza y en la cara\u201d, relat\u00f3 y sum\u00f3: \u201cMe dec\u00edan: \u2018\u00bfD\u00f3nde est\u00e1 la plata, d\u00f3nde est\u00e1 el oro?\u2019, y yo les dije: \u2018<strong>Soy jubilado, \u00bfde qu\u00e9 oro me habl\u00e1s?<\/strong>\u2019\u201d.<\/p>\n\n\n\n<p>Con el mismo cuchillo con el que lo golpearon en el rostro, <strong>los agresores tambi\u00e9n lanzaron dos pu\u00f1aladas cerca del abdomen de la v\u00edctima <\/strong>que impactaron sobre el colch\u00f3n en el que estaba recostado y no le provocaron heridas. \u201cMe quise desatar y me ataron m\u00e1s fuerte. Me volv\u00ed a soltar y ah\u00ed me golpearon de nuevo\u201d, dijo.<\/p>\n\n\n\n<p>Una vez que aseguraron a Ismael sobre la cama, los delincuentes pasaron m\u00e1s de dos horas en la casa, de la que se llevaron art\u00edculos personales, un televisor, una escopeta y <strong>hasta los ahorros de la v\u00edctima, que ascend\u00edan a US$7000 y $400 mil<\/strong>. \u201cEsa plata hace much\u00edsimos a\u00f1os que la ven\u00eda juntando&#8230; Estaba barato el d\u00f3lar, yo soy herrero art\u00edstico e hice trabajos buenos y lo ten\u00eda ah\u00ed\u201d, expres\u00f3.<\/p>\n\n\n\n<p>Pese a que los ladrones aun no pudieron ser hallados, <strong>la v\u00edctima identific\u00f3 a uno de ellos como un hombre que se hab\u00eda acercado hac\u00eda pocos d\u00edas<\/strong> como un posible comprador de un autom\u00f3vil que ten\u00eda a la venta. \u201cLe sac\u00f3 fotos y me dijo que iba a venir con su mujer a verlo. No le vi mala pinta\u201d, consider\u00f3 y sum\u00f3: \u201cEran j\u00f3venes, uno tendr\u00eda 21 o 22, y el otro 25 o 26\u2033.<\/p>\n\n\n\n<p>\u201cNo estoy asustado, <strong>el susto es para los cobardes. Estoy acongojado<\/strong>\u201d, cerr\u00f3 la v\u00edctima, visiblemente emocionado, que tambi\u00e9n neg\u00f3 que el gobierno municipal se haya acercado para brindarle asistencia.<\/p>\n\n\n\n<p>Este nuevo hecho de inseguridad se suma a una cadena de diferentes delitos cometidos en los \u00faltimos d\u00edas que motivan a que Avellaneda est\u00e9 en la secci\u00f3n de policiales de los medios, mientras se suman las quejas contra el secretario municipal de seguridad y la polic\u00eda, ya que denuncian los vecinos hay barrios copados por vendedores de drogas lo que genera delitos violentos.<\/p>\n","protected":false},"excerpt":{"rendered":"<p>La v\u00edctima dorm\u00eda en su casa ubicada en Sarand\u00ed, partido de Avellaneda, cuando los ladrones ingresaron de forma violenta; se llevaron d\u00f3lares y una escopeta. Una situaci\u00f3n de violencia extrema tuvo lugar en la localidad bonaerense de Sarand\u00ed, cuando durante la madrugada de este mi\u00e9rcoles dos delincuentes ingresaron en la casa de un hombre de&hellip;<\/p>\n","protected":false},"author":1,"featured_media":134804,"comment_status":"open","ping_status":"open","sticky":false,"template":"","format":"standard","meta":{"footnotes":""},"categories":[22],"tags":[30014,461,22020,2450,6318,16396,30,2330,986],"class_list":["post-134803","post","type-post","status-publish","format-standard","has-post-thumbnail","hentry","category-policiales","tag-alejo-chornobroff","tag-avellaneda","tag-denuncias","tag-diario-el-sindical","tag-inseguirdad","tag-pba","tag-policia","tag-sarandi","tag-vecinos"],"_links":{"self":[{"href":"https:\/\/www.elsindical.com.ar\/notas\/wp-json\/wp\/v2\/posts\/134803","targetHints":{"allow":["GET"]}}],"collection":[{"href":"https:\/\/www.elsindical.com.ar\/notas\/wp-json\/wp\/v2\/posts"}],"about":[{"href":"https:\/\/www.elsindical.com.ar\/notas\/wp-json\/wp\/v2\/types\/post"}],"author":[{"embeddable":true,"href":"https:\/\/www.elsindical.com.ar\/notas\/wp-json\/wp\/v2\/users\/1"}],"replies":[{"embeddable":true,"href":"https:\/\/www.elsindical.com.ar\/notas\/wp-json\/wp\/v2\/comments?post=134803"}],"version-history":[{"count":1,"href":"https:\/\/www.elsindical.com.ar\/notas\/wp-json\/wp\/v2\/posts\/134803\/revisions"}],"predecessor-version":[{"id":134805,"href":"https:\/\/www.elsindical.com.ar\/notas\/wp-json\/wp\/v2\/posts\/134803\/revisions\/134805"}],"wp:featuredmedia":[{"embeddable":true,"href":"https:\/\/www.elsindical.com.ar\/notas\/wp-json\/wp\/v2\/media\/134804"}],"wp:attachment":[{"href":"https:\/\/www.elsindical.com.ar\/notas\/wp-json\/wp\/v2\/media?parent=134803"}],"wp:term":[{"taxonomy":"category","embeddable":true,"href":"https:\/\/www.elsindical.com.ar\/notas\/wp-json\/wp\/v2\/categories?post=134803"},{"taxonomy":"post_tag","embeddable":true,"href":"https:\/\/www.elsindical.com.ar\/notas\/wp-json\/wp\/v2\/tags?post=134803"}],"curies":[{"name":"wp","href":"https:\/\/api.w.org\/{rel}","templated":true}]}}