{"id":134764,"date":"2024-12-16T18:10:34","date_gmt":"2024-12-16T21:10:34","guid":{"rendered":"https:\/\/www.elsindical.com.ar\/notas\/?p=134764"},"modified":"2024-12-16T18:10:39","modified_gmt":"2024-12-16T21:10:39","slug":"lanus-la-oposicion-denuncia-que-el-intendente-no-quiere-debatir-sobre-la-inseguridad-y-no-le-importan-los-vecinos","status":"publish","type":"post","link":"https:\/\/www.elsindical.com.ar\/notas\/lanus-la-oposicion-denuncia-que-el-intendente-no-quiere-debatir-sobre-la-inseguridad-y-no-le-importan-los-vecinos\/","title":{"rendered":"Lan\u00fas: La oposici\u00f3n denuncia que el intendente no quiere debatir sobre la inseguridad y no le importan los vecinos"},"content":{"rendered":"\n<figure class=\"wp-block-image size-large\"><a href=\"https:\/\/www.elsindical.com.ar\/notas\/var\/www\/html\/notas\/wp-content\/uploads\/2024\/12\/HCD-Lanus-oposicion-2024.jpg\"><img loading=\"lazy\" decoding=\"async\" width=\"1024\" height=\"574\" src=\"https:\/\/www.elsindical.com.ar\/notas\/var\/www\/html\/notas\/wp-content\/uploads\/2024\/12\/HCD-Lanus-oposicion-2024-1024x574.jpg\" alt=\"\" class=\"wp-image-134766\" srcset=\"https:\/\/www.elsindical.com.ar\/notas\/var\/www\/html\/notas\/wp-content\/uploads\/2024\/12\/HCD-Lanus-oposicion-2024-1024x574.jpg 1024w, https:\/\/www.elsindical.com.ar\/notas\/var\/www\/html\/notas\/wp-content\/uploads\/2024\/12\/HCD-Lanus-oposicion-2024-300x168.jpg 300w, https:\/\/www.elsindical.com.ar\/notas\/var\/www\/html\/notas\/wp-content\/uploads\/2024\/12\/HCD-Lanus-oposicion-2024-768x431.jpg 768w, https:\/\/www.elsindical.com.ar\/notas\/var\/www\/html\/notas\/wp-content\/uploads\/2024\/12\/HCD-Lanus-oposicion-2024-500x280.jpg 500w, https:\/\/www.elsindical.com.ar\/notas\/var\/www\/html\/notas\/wp-content\/uploads\/2024\/12\/HCD-Lanus-oposicion-2024.jpg 1200w\" sizes=\"auto, (max-width: 1024px) 100vw, 1024px\" \/><\/a><\/figure>\n\n\n\n<p class=\"wp-block-paragraph\">El bloque de concejales de Juntos de Lan\u00fas repudi\u00f3 la decisi\u00f3n de no llevar a cabo la sesi\u00f3n extraordinaria del Concejo Deliberante que <strong>ten\u00eda como objetivo interpelar a Sebasti\u00e1n Castillo, secretario de Seguridad <\/strong>del distrito, respecto al plan de seguridad que tiene el municipio conducido por el camporista Juli\u00e1n \u00c1lvarez, si es que tiene alg\u00fan plan.<\/p>\n\n\n\n<p class=\"wp-block-paragraph\">Desde el bloque opositor <strong>denunciaron \u201cabandono\u201d por parte de la comuna<\/strong>, a la vez que compararon la voluntad que tiene el peronismo para <strong>\u201ccambiar de nombre una plaza\u201d pero no \u201cpara actuar sobre la seguridad directa de los vecinos de Lan\u00fas\u201d, <\/strong>en referencia a la plaza que recibi\u00f3 el nombre \u201cHebe de Bonafini\u201d.<\/p>\n\n\n\n<p class=\"wp-block-paragraph\">\u201cPonerle el nombre a una plaza es extraordinario y la seguridad de los vecinos no. Nuevamente, <strong>los lanusenses fueron testigos de la falta de compromiso <\/strong>por parte de quienes tienen la obligaci\u00f3n de representarlos\u201d, indicaron.<\/p>\n\n\n\n<p class=\"wp-block-paragraph\">Asimismo, agregaron: \u201cLa sesi\u00f3n extraordinaria del Concejo Deliberante donde se deb\u00eda tratar la interpelaci\u00f3n del secretario de Seguridad de Lan\u00fas, Sebasti\u00e1n Castillo, <strong>no se llev\u00f3 a cabo por la acci\u00f3n y omisi\u00f3n del presidente del HCD, el bloque oficialista <\/strong>y aquellos concejales que deben consultar permanentemente a su c\u00fapula partidaria y a los que nada les importa el lanusense\u201d.<\/p>\n\n\n\n<p class=\"wp-block-paragraph\">\u201cNos llama poderosamente la atenci\u00f3n que el presidente del HCD, <strong>Agust\u00edn Balladares, considere que colocar el nombre Hebe de Bonafini a una plaza es un asunto de inter\u00e9s p\u00fablico <\/strong>y urgente para convocar en 24 horas a una sesi\u00f3n extraordinaria, pero no tiene la misma consideraci\u00f3n para convocar al cuerpo y pedir respuestas sobre el plan de seguridad al secretario del \u00e1rea\u201d, agregaron.<\/p>\n\n\n\n<p class=\"wp-block-paragraph\">Asimismo, los ediles subrayaron que la seguridad \u201cno es la preocupaci\u00f3n solo de un sector de Lan\u00fas, sino que es un reclamo integral\u201d. Y agregaron: \u201cEn esta l\u00ednea, queremos destacar que <strong>desde marzo hubo una disminuci\u00f3n en el patrullaje, las medidas de prevenci\u00f3n del delito <\/strong>y se ve, claramente, un incremento en robos, arrebatos y entraderas. Esto se suma al robo de veh\u00edculos, de motos y comercios\u201d.<\/p>\n\n\n\n<p class=\"wp-block-paragraph\">\u201cA pesar de los dichos del intendente y del presidente del Concejo Deliberante, no solo no se refleja un plan de seguridad por parte del Municipio, sino que la situaci\u00f3n de inseguridad se agrava d\u00eda a d\u00eda. <strong>Hoy Lan\u00fas tiene la tasa m\u00e1s alta de homicidios en ocasi\u00f3n de robo de los \u00faltimos 10 a\u00f1os<\/strong>\u201d.<\/p>\n\n\n\n<p class=\"wp-block-paragraph\">La \u00fanica verdad es la realidad, y Lan\u00fas ha ido experimentando un aumento en distintos delitos graves, algunos que como no suman votos no se discuten, como es el de la trata de personas y la explotaci\u00f3n sexual de menores, donde Lan\u00fas encabeza las estad\u00edsticas.<\/p>\n","protected":false},"excerpt":{"rendered":"<p>El bloque de concejales de Juntos de Lan\u00fas repudi\u00f3 la decisi\u00f3n de no llevar a cabo la sesi\u00f3n extraordinaria del Concejo Deliberante que ten\u00eda como objetivo interpelar a Sebasti\u00e1n Castillo, secretario de Seguridad del distrito, respecto al plan de seguridad que tiene el municipio conducido por el camporista Juli\u00e1n \u00c1lvarez, si es que tiene alg\u00fan&hellip;<\/p>\n","protected":false},"author":1,"featured_media":134766,"comment_status":"open","ping_status":"open","sticky":false,"template":"","format":"standard","meta":{"footnotes":""},"categories":[13],"tags":[2450,4443,984,39958,209,1174,41983,986],"class_list":["post-134764","post","type-post","status-publish","format-standard","has-post-thumbnail","hentry","category-politica","tag-diario-el-sindical","tag-homicidios","tag-inseguridad","tag-julian-alvarez-2","tag-lanus","tag-robos","tag-sebastian-castillo","tag-vecinos"],"_links":{"self":[{"href":"https:\/\/www.elsindical.com.ar\/notas\/wp-json\/wp\/v2\/posts\/134764","targetHints":{"allow":["GET"]}}],"collection":[{"href":"https:\/\/www.elsindical.com.ar\/notas\/wp-json\/wp\/v2\/posts"}],"about":[{"href":"https:\/\/www.elsindical.com.ar\/notas\/wp-json\/wp\/v2\/types\/post"}],"author":[{"embeddable":true,"href":"https:\/\/www.elsindical.com.ar\/notas\/wp-json\/wp\/v2\/users\/1"}],"replies":[{"embeddable":true,"href":"https:\/\/www.elsindical.com.ar\/notas\/wp-json\/wp\/v2\/comments?post=134764"}],"version-history":[{"count":2,"href":"https:\/\/www.elsindical.com.ar\/notas\/wp-json\/wp\/v2\/posts\/134764\/revisions"}],"predecessor-version":[{"id":134767,"href":"https:\/\/www.elsindical.com.ar\/notas\/wp-json\/wp\/v2\/posts\/134764\/revisions\/134767"}],"wp:featuredmedia":[{"embeddable":true,"href":"https:\/\/www.elsindical.com.ar\/notas\/wp-json\/wp\/v2\/media\/134766"}],"wp:attachment":[{"href":"https:\/\/www.elsindical.com.ar\/notas\/wp-json\/wp\/v2\/media?parent=134764"}],"wp:term":[{"taxonomy":"category","embeddable":true,"href":"https:\/\/www.elsindical.com.ar\/notas\/wp-json\/wp\/v2\/categories?post=134764"},{"taxonomy":"post_tag","embeddable":true,"href":"https:\/\/www.elsindical.com.ar\/notas\/wp-json\/wp\/v2\/tags?post=134764"}],"curies":[{"name":"wp","href":"https:\/\/api.w.org\/{rel}","templated":true}]}}