{"id":134761,"date":"2024-12-16T14:01:08","date_gmt":"2024-12-16T17:01:08","guid":{"rendered":"https:\/\/www.elsindical.com.ar\/notas\/?p=134761"},"modified":"2024-12-16T14:01:12","modified_gmt":"2024-12-16T17:01:12","slug":"el-centro-de-patrones-cruzo-a-sturzenegger-hay-marina-mercante-y-vos-la-queres-liquidar","status":"publish","type":"post","link":"https:\/\/www.elsindical.com.ar\/notas\/el-centro-de-patrones-cruzo-a-sturzenegger-hay-marina-mercante-y-vos-la-queres-liquidar\/","title":{"rendered":"El Centro de Patrones cruz\u00f3 a Sturzenegger: \u201cHay Marina Mercante y vos la quer\u00e9s liquidar\u201d"},"content":{"rendered":"<div class=\"wp-block-image\">\n<figure class=\"aligncenter size-large\"><a href=\"https:\/\/www.elsindical.com.ar\/notas\/var\/www\/html\/notas\/wp-content\/uploads\/2024\/12\/Mariano-Moreno-patrones.jpeg\"><img loading=\"lazy\" decoding=\"async\" width=\"1024\" height=\"683\" src=\"https:\/\/www.elsindical.com.ar\/notas\/var\/www\/html\/notas\/wp-content\/uploads\/2024\/12\/Mariano-Moreno-patrones-1024x683.jpeg\" alt=\"\" class=\"wp-image-134762\" srcset=\"https:\/\/www.elsindical.com.ar\/notas\/var\/www\/html\/notas\/wp-content\/uploads\/2024\/12\/Mariano-Moreno-patrones-1024x683.jpeg 1024w, https:\/\/www.elsindical.com.ar\/notas\/var\/www\/html\/notas\/wp-content\/uploads\/2024\/12\/Mariano-Moreno-patrones-300x200.jpeg 300w, https:\/\/www.elsindical.com.ar\/notas\/var\/www\/html\/notas\/wp-content\/uploads\/2024\/12\/Mariano-Moreno-patrones-768x512.jpeg 768w, https:\/\/www.elsindical.com.ar\/notas\/var\/www\/html\/notas\/wp-content\/uploads\/2024\/12\/Mariano-Moreno-patrones-450x300.jpeg 450w, https:\/\/www.elsindical.com.ar\/notas\/var\/www\/html\/notas\/wp-content\/uploads\/2024\/12\/Mariano-Moreno-patrones.jpeg 1080w\" sizes=\"auto, (max-width: 1024px) 100vw, 1024px\" \/><\/a><\/figure>\n<\/div>\n\n\n<p>El Sindicato Centro de Patrones y Oficiales Fluviales, de Pesca y de Cabotaje Mar\u00edtimo, que lidera Mariano Moreno apunt\u00f3 contra la reforma de la Ley de Cabotaje impulsada por el ministro de Desregulaci\u00f3n, Federico Sturzenegger, y acus\u00f3 al gobierno de desviar el trabajo a manos extranjera y entregar la soberan\u00eda nacional. \u201cHay Marina Mercante y vos la quer\u00e9s liquidar\u201d, sostuvo Moreno.<\/p>\n\n\n\n<p>As\u00ed, desde el Gremio resaltaron que \u201cuno de los puntos m\u00e1s pol\u00e9micos del proyecto de la nueva Ley de Cabotaje es que permite que los trabajos locales sean realizados por barcos con banderas extranjeras, utilizando tripulaci\u00f3n y mano de obra de otros pa\u00edses\u201d y que \u201cesto suprimir\u00eda la flota fluvial y mar\u00edtima nacional, que opera bajo bandera argentina\u201d.<\/p>\n\n\n\n<p>Cabe recordar que el ministro de Desregulaci\u00f3n y Transformaci\u00f3n del Estado, Federico Sturzenegger, anunci\u00f3 en un medio radial que pronto se publicar\u00e1 el decreto para desregular la navegaci\u00f3n, modificando la Ley de Cabotaje nacional y declar\u00f3 que \u201cel cabotaje en Argentina tiene costos alt\u00edsimos\u201d y que \u201cno existe una Marina Mercante\u201d.<\/p>\n\n\n\n<p>En ese sentido, Mariano Moreno sali\u00f3 al cruce y calific\u00f3 al funcionario de \u201cincompetente, malintencionado y mentiroso\u201d. Seg\u00fan el dirigente, \u201cla Marina Mercante recibi\u00f3 una dura pu\u00f1alada en los a\u00f1os 90 con el decreto 1772\/91, donde nada creci\u00f3, excepto la pauperizaci\u00f3n y p\u00e9rdida de fuentes laborales. En ese entonces, con estos mismos \u00abbeneficios\u00bb que otorga este proyecto lo \u00fanico que creci\u00f3 fue la pobreza y la destrucci\u00f3n de gran parte de la flota existente en ese momento. Hoy, de la mano de Sturzenegger, recibir\u00e1 la pu\u00f1alada final que erradique por completo la flota nacional\u201d y a\u00f1adi\u00f3: \u201cEl decreto 1772\/91 permiti\u00f3 que los armadores argentinos, es decir, los propietarios de los barcos, registraran sus embarcaciones bajo las normas de pa\u00edses con reg\u00edmenes laborales m\u00e1s laxos, como Liberia y Panam\u00e1. Esto les permit\u00eda pagar salarios m\u00e1s bajos, evitar&nbsp;contribuciones a la seguridad social e impuestos locales\u201d.<\/p>\n\n\n\n<p>Por \u00faltimo, Moreno denunci\u00f3 que \u201cel ministro miente descaradamente cuando dice que esto trae una soluci\u00f3n al problema de los costos, porque el problema real es de log\u00edstica e impuestos, como el de Ganancias y cargas burocr\u00e1ticas y administrativas, adem\u00e1s de la falta de muelles de cabotaje en la mayor\u00eda de los puertos.<\/p>\n\n\n\n<p>Tambi\u00e9n refut\u00f3 las declaraciones de Sturzenegger al asegurar que \u201cs\u00ed existen movimientos entre Tierra del Fuego y Buenos Aires; que no desinforme a la poblaci\u00f3n\u201d.<\/p>\n\n\n\n<p>El Capit\u00e1n cont\u00f3 que: \u201cEl buque Argentino II realiza este viaje y enfrenta las deficiencias de un sistema que lo atrasa en su operatoria normal como a aquellos buques y remolcadores de empuje fluviales que hacen y han hecho el flete de contenedores en aguas del R\u00edo Paran\u00e1 por falta de un muelle de cabotaje que permita la carga y descarga sin tener mover el buque a distintas d\u00e1rsenas o radas. Esto, adem\u00e1s, lo obliga a repetir los tr\u00e1mites aduaneros, uso de remolcadores, servicios de amarre y practicaje en cada movimiento\u201d.<\/p>\n\n\n\n<p>\u201cAhora yo le pregunto a Sturzenegger: \u00bfc\u00f3mo piensa que un buque extranjero mejore la prestaci\u00f3n? Si el problema no son los costos, sino la falta de una matriz de transporte nacional que ordene la Marina Mercante y los distintos sistemas de transporte\u201d, cuestion\u00f3.<\/p>\n\n\n\n<p>Moreno tambi\u00e9n puso el foco \u201cen los negocios y negociados\u201d que estar\u00edan detr\u00e1s de esta embestida contra el pabell\u00f3n nacional en el \u00e1mbito fluvial. \u201cDesde que asumi\u00f3 el gobierno, el ministro Sturzenegger se dedic\u00f3 a desmembrar el sistema de derechos laborales argentino, el desarrollo del trabajo con mano de obra local y todo proyecto productivo, entre ellos la Marina Mercante\u201d, y advirti\u00f3 \u201co es con trabajadores argentinos o no ser\u00e1 nada\u00bb.<\/p>\n","protected":false},"excerpt":{"rendered":"<p>El Sindicato Centro de Patrones y Oficiales Fluviales, de Pesca y de Cabotaje Mar\u00edtimo, que lidera Mariano Moreno apunt\u00f3 contra la reforma de la Ley de Cabotaje impulsada por el ministro de Desregulaci\u00f3n, Federico Sturzenegger, y acus\u00f3 al gobierno de desviar el trabajo a manos extranjera y entregar la soberan\u00eda nacional. \u201cHay Marina Mercante y&hellip;<\/p>\n","protected":false},"author":1,"featured_media":134762,"comment_status":"open","ping_status":"open","sticky":false,"template":"","format":"standard","meta":{"footnotes":""},"categories":[16],"tags":[28571,2450,24384,3610,43727,44153],"class_list":["post-134761","post","type-post","status-publish","format-standard","has-post-thumbnail","hentry","category-gremiales","tag-desregulacion","tag-diario-el-sindical","tag-dr-adolfo-federico-sturzenegger","tag-mariano-moreno","tag-marina-mercante","tag-sindicato-centro-de-patrones-y-oficiales-fluviales-de-pesca-y-cabotage"],"_links":{"self":[{"href":"https:\/\/www.elsindical.com.ar\/notas\/wp-json\/wp\/v2\/posts\/134761","targetHints":{"allow":["GET"]}}],"collection":[{"href":"https:\/\/www.elsindical.com.ar\/notas\/wp-json\/wp\/v2\/posts"}],"about":[{"href":"https:\/\/www.elsindical.com.ar\/notas\/wp-json\/wp\/v2\/types\/post"}],"author":[{"embeddable":true,"href":"https:\/\/www.elsindical.com.ar\/notas\/wp-json\/wp\/v2\/users\/1"}],"replies":[{"embeddable":true,"href":"https:\/\/www.elsindical.com.ar\/notas\/wp-json\/wp\/v2\/comments?post=134761"}],"version-history":[{"count":1,"href":"https:\/\/www.elsindical.com.ar\/notas\/wp-json\/wp\/v2\/posts\/134761\/revisions"}],"predecessor-version":[{"id":134763,"href":"https:\/\/www.elsindical.com.ar\/notas\/wp-json\/wp\/v2\/posts\/134761\/revisions\/134763"}],"wp:featuredmedia":[{"embeddable":true,"href":"https:\/\/www.elsindical.com.ar\/notas\/wp-json\/wp\/v2\/media\/134762"}],"wp:attachment":[{"href":"https:\/\/www.elsindical.com.ar\/notas\/wp-json\/wp\/v2\/media?parent=134761"}],"wp:term":[{"taxonomy":"category","embeddable":true,"href":"https:\/\/www.elsindical.com.ar\/notas\/wp-json\/wp\/v2\/categories?post=134761"},{"taxonomy":"post_tag","embeddable":true,"href":"https:\/\/www.elsindical.com.ar\/notas\/wp-json\/wp\/v2\/tags?post=134761"}],"curies":[{"name":"wp","href":"https:\/\/api.w.org\/{rel}","templated":true}]}}