{"id":134750,"date":"2024-12-15T22:12:25","date_gmt":"2024-12-16T01:12:25","guid":{"rendered":"https:\/\/www.elsindical.com.ar\/notas\/?p=134750"},"modified":"2024-12-15T22:12:49","modified_gmt":"2024-12-16T01:12:49","slug":"renuncio-el-viceministro-de-defensa","status":"publish","type":"post","link":"https:\/\/www.elsindical.com.ar\/notas\/renuncio-el-viceministro-de-defensa\/","title":{"rendered":"Renunci\u00f3 el viceministro de Defensa"},"content":{"rendered":"<div class=\"wp-block-image\">\n<figure class=\"aligncenter size-full is-resized\"><a href=\"https:\/\/www.elsindical.com.ar\/notas\/var\/www\/html\/notas\/wp-content\/uploads\/2024\/12\/Claudio-Ernesto-Pasqualini.jpeg\"><img loading=\"lazy\" decoding=\"async\" width=\"733\" height=\"733\" src=\"https:\/\/www.elsindical.com.ar\/notas\/var\/www\/html\/notas\/wp-content\/uploads\/2024\/12\/Claudio-Ernesto-Pasqualini.jpeg\" alt=\"\" class=\"wp-image-134751\" style=\"width:391px;height:auto\" srcset=\"https:\/\/www.elsindical.com.ar\/notas\/var\/www\/html\/notas\/wp-content\/uploads\/2024\/12\/Claudio-Ernesto-Pasqualini.jpeg 733w, https:\/\/www.elsindical.com.ar\/notas\/var\/www\/html\/notas\/wp-content\/uploads\/2024\/12\/Claudio-Ernesto-Pasqualini-300x300.jpeg 300w, https:\/\/www.elsindical.com.ar\/notas\/var\/www\/html\/notas\/wp-content\/uploads\/2024\/12\/Claudio-Ernesto-Pasqualini-150x150.jpeg 150w, https:\/\/www.elsindical.com.ar\/notas\/var\/www\/html\/notas\/wp-content\/uploads\/2024\/12\/Claudio-Ernesto-Pasqualini-50x50.jpeg 50w\" sizes=\"auto, (max-width: 733px) 100vw, 733px\" \/><\/a><\/figure>\n<\/div>\n\n\n<p class=\"wp-block-paragraph\">El viceministro de Defensa, Claudio Ernesto Pasqualini, renunci\u00f3 este domingo a su cargo y aleg\u00f3 motivos personales.<\/p>\n\n\n\n<p class=\"wp-block-paragraph\">El n\u00famero dos de Luis Petri renunci\u00f3 en medio de la escalada de tensi\u00f3n entre la cartera y las Fuerzas Armadas.<\/p>\n\n\n\n<p class=\"wp-block-paragraph\">Pasqualini era teniente general y se desempe\u00f1aba en el cargo de secretario de Estrategia y Asuntos Militares, un virtual viceministro de Defensa.<\/p>\n\n\n\n<p class=\"wp-block-paragraph\">Su renuncia fue de forma \u00abindeclinable\u00bb y por cuestiones familiares, indicaron las fuentes consultadas.<\/p>\n\n\n\n<p class=\"wp-block-paragraph\">Pasqualini hab\u00eda sido jefe del Ej\u00e9rcito durante el gobierno del presidente Mauricio Macri y ahora se desempe\u00f1aba como segundo de Petri.<\/p>\n\n\n\n<p class=\"wp-block-paragraph\">Hab\u00eda llegado al cargo en las Fuerzas Armadas en 2018, con la gesti\u00f3n del ex ministro Oscar Aguad.<\/p>\n\n\n\n<p class=\"wp-block-paragraph\">En 2020, con la administraci\u00f3n del ex mandatario Alberto Fern\u00e1ndez fue pasado a retiro. Desde ese momento ocup\u00f3 la presidencia del Observatorio de Seguridad y Defensa de la Universidad del Centro de Estudios Macroecon\u00f3micos de la Argentina (UCEMA).<\/p>\n","protected":false},"excerpt":{"rendered":"<p>El viceministro de Defensa, Claudio Ernesto Pasqualini, renunci\u00f3 este domingo a su cargo y aleg\u00f3 motivos personales. El n\u00famero dos de Luis Petri renunci\u00f3 en medio de la escalada de tensi\u00f3n entre la cartera y las Fuerzas Armadas. Pasqualini era teniente general y se desempe\u00f1aba en el cargo de secretario de Estrategia y Asuntos Militares,&hellip;<\/p>\n","protected":false},"author":1,"featured_media":134751,"comment_status":"open","ping_status":"open","sticky":false,"template":"","format":"standard","meta":{"footnotes":""},"categories":[13],"tags":[44281,2450,19723,40475,76,44280],"class_list":["post-134750","post","type-post","status-publish","format-standard","has-post-thumbnail","hentry","category-politica","tag-claudio-ernesto-pasqualini","tag-diario-el-sindical","tag-ffaa","tag-luis-petri","tag-mauricio-macri","tag-viceministro-de-defensa"],"_links":{"self":[{"href":"https:\/\/www.elsindical.com.ar\/notas\/wp-json\/wp\/v2\/posts\/134750","targetHints":{"allow":["GET"]}}],"collection":[{"href":"https:\/\/www.elsindical.com.ar\/notas\/wp-json\/wp\/v2\/posts"}],"about":[{"href":"https:\/\/www.elsindical.com.ar\/notas\/wp-json\/wp\/v2\/types\/post"}],"author":[{"embeddable":true,"href":"https:\/\/www.elsindical.com.ar\/notas\/wp-json\/wp\/v2\/users\/1"}],"replies":[{"embeddable":true,"href":"https:\/\/www.elsindical.com.ar\/notas\/wp-json\/wp\/v2\/comments?post=134750"}],"version-history":[{"count":1,"href":"https:\/\/www.elsindical.com.ar\/notas\/wp-json\/wp\/v2\/posts\/134750\/revisions"}],"predecessor-version":[{"id":134752,"href":"https:\/\/www.elsindical.com.ar\/notas\/wp-json\/wp\/v2\/posts\/134750\/revisions\/134752"}],"wp:featuredmedia":[{"embeddable":true,"href":"https:\/\/www.elsindical.com.ar\/notas\/wp-json\/wp\/v2\/media\/134751"}],"wp:attachment":[{"href":"https:\/\/www.elsindical.com.ar\/notas\/wp-json\/wp\/v2\/media?parent=134750"}],"wp:term":[{"taxonomy":"category","embeddable":true,"href":"https:\/\/www.elsindical.com.ar\/notas\/wp-json\/wp\/v2\/categories?post=134750"},{"taxonomy":"post_tag","embeddable":true,"href":"https:\/\/www.elsindical.com.ar\/notas\/wp-json\/wp\/v2\/tags?post=134750"}],"curies":[{"name":"wp","href":"https:\/\/api.w.org\/{rel}","templated":true}]}}