{"id":134716,"date":"2024-12-13T12:53:47","date_gmt":"2024-12-13T15:53:47","guid":{"rendered":"https:\/\/www.elsindical.com.ar\/notas\/?p=134716"},"modified":"2024-12-13T12:53:54","modified_gmt":"2024-12-13T15:53:54","slug":"a-partir-de-2025-se-debera-discriminar-el-iva-en-las-facturas","status":"publish","type":"post","link":"https:\/\/www.elsindical.com.ar\/notas\/a-partir-de-2025-se-debera-discriminar-el-iva-en-las-facturas\/","title":{"rendered":"A partir de 2025, se deber\u00e1 discriminar el IVA en las facturas"},"content":{"rendered":"<div class=\"wp-block-image\">\n<figure class=\"aligncenter size-full\"><a href=\"https:\/\/www.elsindical.com.ar\/notas\/var\/www\/html\/notas\/wp-content\/uploads\/2024\/12\/regimen-transparencia-fiscal.jpg\"><img loading=\"lazy\" decoding=\"async\" width=\"630\" height=\"571\" src=\"https:\/\/www.elsindical.com.ar\/notas\/var\/www\/html\/notas\/wp-content\/uploads\/2024\/12\/regimen-transparencia-fiscal.jpg\" alt=\"\" class=\"wp-image-134717\" srcset=\"https:\/\/www.elsindical.com.ar\/notas\/var\/www\/html\/notas\/wp-content\/uploads\/2024\/12\/regimen-transparencia-fiscal.jpg 630w, https:\/\/www.elsindical.com.ar\/notas\/var\/www\/html\/notas\/wp-content\/uploads\/2024\/12\/regimen-transparencia-fiscal-300x272.jpg 300w, https:\/\/www.elsindical.com.ar\/notas\/var\/www\/html\/notas\/wp-content\/uploads\/2024\/12\/regimen-transparencia-fiscal-331x300.jpg 331w\" sizes=\"auto, (max-width: 630px) 100vw, 630px\" \/><\/a><\/figure>\n<\/div>\n\n\n<p class=\"wp-block-paragraph\">Las grandes empresas deber\u00e1n discriminar el IVA en sus facturas a partir del pr\u00f3ximo 1 de ene. Los dem\u00e1s contribuyentes tienen hasta el 1 de abril.<\/p>\n\n\n\n<p class=\"wp-block-paragraph\"><strong>Las grandes empresas deber\u00e1n discriminar el IVA en sus facturas a partir del pr\u00f3ximo 1 de enero<\/strong>, mientras que el resto de los contribuyentes tendr\u00e1 un plazo opcional hasta el 1 de abril para cumplir con la norma, que desde esa fecha se volver\u00e1 obligatoria.<\/p>\n\n\n\n<p class=\"wp-block-paragraph\">As\u00ed lo anunci\u00f3 este viernes la Agencia de Control y Recaudaci\u00f3n Aduanera (ARCA), que reglament\u00f3 el r\u00e9gimen de transparencia fiscal, que entrar\u00e1 en vigencia desde el 1\u00b0 de enero de 2025.<\/p>\n\n\n\n<p class=\"wp-block-paragraph\">En esta primera etapa, las grandes empresas deber\u00e1n discriminar en sus facturas el IVA y otros impuestos nacionales indirectos. <strong>A partir del 1 de abril, la medida se extender\u00e1 al resto de los contribuyentes.<\/strong><\/p>\n\n\n\n<p class=\"wp-block-paragraph\">Todos los comprobantes deber\u00e1n tener una l\u00ednea en donde se detalle el monto correspondiente al impuesto al valor agregado.<\/p>\n\n\n\n<p class=\"wp-block-paragraph\"><strong>Aquellos contribuyentes que ya utilizan la facturaci\u00f3n electr\u00f3nica por medio de los sistemas de ARCA ver\u00e1n reflejada de forma autom\u00e1tica la discriminaci\u00f3n del IVA desde el 1\u00b0 de enero de 2025.<\/strong><\/p>\n\n\n\n<p class=\"wp-block-paragraph\">El objetivo del r\u00e9gimen de transparencia fiscal es permitir a los consumidores conocer el impacto de los impuestos en las operaciones y que puedan contar con informaci\u00f3n para tomar sus decisiones comerciales.<\/p>\n","protected":false},"excerpt":{"rendered":"<p>Las grandes empresas deber\u00e1n discriminar el IVA en sus facturas a partir del pr\u00f3ximo 1 de ene. Los dem\u00e1s contribuyentes tienen hasta el 1 de abril. Las grandes empresas deber\u00e1n discriminar el IVA en sus facturas a partir del pr\u00f3ximo 1 de enero, mientras que el resto de los contribuyentes tendr\u00e1 un plazo opcional hasta&hellip;<\/p>\n","protected":false},"author":1,"featured_media":134717,"comment_status":"open","ping_status":"open","sticky":false,"template":"","format":"standard","meta":{"footnotes":""},"categories":[9],"tags":[43924,2450,22023,44264,1319,3194],"class_list":["post-134716","post","type-post","status-publish","format-standard","has-post-thumbnail","hentry","category-economia","tag-arca","tag-diario-el-sindical","tag-economia","tag-facturacion-electronica","tag-facturas","tag-iva"],"_links":{"self":[{"href":"https:\/\/www.elsindical.com.ar\/notas\/wp-json\/wp\/v2\/posts\/134716","targetHints":{"allow":["GET"]}}],"collection":[{"href":"https:\/\/www.elsindical.com.ar\/notas\/wp-json\/wp\/v2\/posts"}],"about":[{"href":"https:\/\/www.elsindical.com.ar\/notas\/wp-json\/wp\/v2\/types\/post"}],"author":[{"embeddable":true,"href":"https:\/\/www.elsindical.com.ar\/notas\/wp-json\/wp\/v2\/users\/1"}],"replies":[{"embeddable":true,"href":"https:\/\/www.elsindical.com.ar\/notas\/wp-json\/wp\/v2\/comments?post=134716"}],"version-history":[{"count":1,"href":"https:\/\/www.elsindical.com.ar\/notas\/wp-json\/wp\/v2\/posts\/134716\/revisions"}],"predecessor-version":[{"id":134718,"href":"https:\/\/www.elsindical.com.ar\/notas\/wp-json\/wp\/v2\/posts\/134716\/revisions\/134718"}],"wp:featuredmedia":[{"embeddable":true,"href":"https:\/\/www.elsindical.com.ar\/notas\/wp-json\/wp\/v2\/media\/134717"}],"wp:attachment":[{"href":"https:\/\/www.elsindical.com.ar\/notas\/wp-json\/wp\/v2\/media?parent=134716"}],"wp:term":[{"taxonomy":"category","embeddable":true,"href":"https:\/\/www.elsindical.com.ar\/notas\/wp-json\/wp\/v2\/categories?post=134716"},{"taxonomy":"post_tag","embeddable":true,"href":"https:\/\/www.elsindical.com.ar\/notas\/wp-json\/wp\/v2\/tags?post=134716"}],"curies":[{"name":"wp","href":"https:\/\/api.w.org\/{rel}","templated":true}]}}