{"id":134701,"date":"2024-12-12T18:36:11","date_gmt":"2024-12-12T21:36:11","guid":{"rendered":"https:\/\/www.elsindical.com.ar\/notas\/?p=134701"},"modified":"2024-12-12T18:36:16","modified_gmt":"2024-12-12T21:36:16","slug":"el-senado-expulso-a-edgardo-kueider","status":"publish","type":"post","link":"https:\/\/www.elsindical.com.ar\/notas\/el-senado-expulso-a-edgardo-kueider\/","title":{"rendered":"El Senado expuls\u00f3 a Edgardo Kueider"},"content":{"rendered":"\n<figure class=\"wp-block-image size-full\"><a href=\"https:\/\/www.elsindical.com.ar\/notas\/var\/www\/html\/notas\/wp-content\/uploads\/2024\/12\/Edgardo-Kueider-detenido-en-Paraguay.jpg\"><img loading=\"lazy\" decoding=\"async\" width=\"754\" height=\"502\" src=\"https:\/\/www.elsindical.com.ar\/notas\/var\/www\/html\/notas\/wp-content\/uploads\/2024\/12\/Edgardo-Kueider-detenido-en-Paraguay.jpg\" alt=\"\" class=\"wp-image-134702\" srcset=\"https:\/\/www.elsindical.com.ar\/notas\/var\/www\/html\/notas\/wp-content\/uploads\/2024\/12\/Edgardo-Kueider-detenido-en-Paraguay.jpg 754w, https:\/\/www.elsindical.com.ar\/notas\/var\/www\/html\/notas\/wp-content\/uploads\/2024\/12\/Edgardo-Kueider-detenido-en-Paraguay-300x200.jpg 300w, https:\/\/www.elsindical.com.ar\/notas\/var\/www\/html\/notas\/wp-content\/uploads\/2024\/12\/Edgardo-Kueider-detenido-en-Paraguay-451x300.jpg 451w\" sizes=\"auto, (max-width: 754px) 100vw, 754px\" \/><\/a><\/figure>\n\n\n\n<p>El Senado de la Naci\u00f3n expuls\u00f3 hoy al senador peronista por Entre R\u00edos, <strong>Edgardo Kueider, detenido en Paraguay por llevar m\u00e1s 200.000 d\u00f3lares en efectivo sin declarar <\/strong>y por quien pesa un pedido de detenci\u00f3n por parte de la Justicia argentina en otra causa por enriquecimiento il\u00edcito.<\/p>\n\n\n\n<p>Fue removido del cargo por <strong>60 votos afirmativos, seis negativos y una abstenci\u00f3n<\/strong>, superando ampliamente los dos tercios necesarios. La votaci\u00f3n se encauz\u00f3 alrededor del pedido de remoci\u00f3n que impuls\u00f3 el interbloque peronista que lidera el senador formose\u00f1o Jos\u00e9 Mayans y que fue resistido hasta esta ma\u00f1ana por algunos integrantes del resto de las bancadas.<\/p>\n\n\n\n<p>Los votos negativos los aportaron <strong>cuatro senadores del PRO<\/strong>: Alfredo De Angeli (Entre R\u00edos); Carmen \u00c1lvarez Rivero (C\u00f3rdoba); Andrea Cristina (Chubut) y Mart\u00edn Goerling Lara. Los restantes lo aportaron el correligionario <strong>Maximiliano Abad (Buenos Aires) y Carlos Camau Esp\u00ednola (Corrientes). <\/strong>La abstenci\u00f3n, por su parte, la aport\u00f3 Juan C. Romero (Salta).<\/p>\n\n\n\n<p>El ingreso de la <strong>solicitud de quitarle los fueros a Kueider por parte de la jueza Sandra Arroyo Salgado <\/strong>minutos antes del inicio de la sesi\u00f3n, que arranc\u00f3 pasadas las 11:20, pate\u00f3 el tablero pol\u00edtico de la C\u00e1mara alta y envalenton\u00f3 a senadores de los bloques aliados al Gobierno que no estaban de acuerdo con votar la suspensi\u00f3n.<\/p>\n\n\n\n<p>La <strong>suspensi\u00f3n de Kueider fue la opci\u00f3n intermedia a la que hab\u00edan arribado <\/strong>La Libertad Avanza, el PRO y la Uni\u00f3n C\u00edvica Radical (UCR) -ambos partidos con disidencias internas para plegarse a esa iniciativa-, al igual que los bloques denominados federales que, en su mayor\u00eda, tienen terminales en gobernadores.<\/p>\n\n\n\n<p>Estos espacios resist\u00edan el pedido de expulsi\u00f3n de Kueider -alentado oficialmente por el peronismo- a ra\u00edz del <strong>eventual ingreso de Stefan\u00eda Cora, referenciada en La C\u00e1mpora <\/strong>y segunda en la lista del Frente de Todos del 2019 por la ingres\u00f3 Kueider.<\/p>\n\n\n\n<p>Uno de los primeros indicios del cambio de postura en los bloques dialoguistas lo dio con un fuerte y claro discurso la <strong>senadora porte\u00f1a del PRO Guadalupe Tagliaferri <\/strong>-que en todo momento tuvo la postura de expulsar a Kueider y era una de las disidentes dentro de su partido- contra el juego del oficialismo y el kirchnerismo.<\/p>\n\n\n\n<p>\u201cTiene que tener en claro que los dos sectores, desde que esto sucedi\u00f3, <strong>lo que est\u00e1n haciendo es viendo c\u00f3mo especulan pol\u00edticamente <\/strong>frente a esta situaci\u00f3n\u201d, inici\u00f3 Tagliaferri y ejemplific\u00f3 con el caso de Jos\u00e9 Alperovich, el senador K acusado de violaci\u00f3n y licencia por la C\u00e1mara alta a\u00f1os atr\u00e1s.<\/p>\n\n\n\n<p>\u201cSe rasgan las vestiduras, pero no lo hicieron cuando <strong>dejaron a una provincia como fue Tucum\u00e1n sin representaci\u00f3n <\/strong>y fing\u00edan demencia\u201d, dijo la representante porte\u00f1a y remat\u00f3: \u201cYo tengo convicciones firmes y no como cuando sopla el viento como tienen el kirchnerismo y La Libertad Avanza\u201d.<\/p>\n\n\n\n<p>En la misma t\u00f3nica fue el radicalismo que, ayer, en una reuni\u00f3n en el despacho del bloque del Senado, hab\u00eda definido que votar\u00eda la suspensi\u00f3n aunque <strong>la acci\u00f3n de Arroyo Salgado borr\u00f3 de un plumazo esa opci\u00f3n.<\/strong><\/p>\n\n\n\n<p>Y as\u00ed lo ratific\u00f3 en su discurso de cierre el jefe de bloque de la UCR, el correntino Eduardo Vischi: \u201cVan pasando los d\u00edas y la situaci\u00f3n se pone muy dif\u00edcil. Estamos en este recinto hoy, pero <strong>la sociedad ya lo conden\u00f3 y eso media a este Senado. <\/strong>Elementos que tienen que ver con la flagrancia\u2026 Hoy no estamos juzgando derecho penal, sino valores y la \u00e9tica del Senado\u201d.<\/p>\n\n\n\n<p>\u201cEl reproche es que <strong>estamos convencidos es que los hechos que se le atribuyen es la expulsi\u00f3n del Senado<\/strong>. Lamento que no hayamos avanzado en la investigaci\u00f3n y poder avanzar en ese proceso\u201d, agreg\u00f3 Vischi al lamentarse por no haber activado los mecanismos parlamentarios para estudiar el caso Kueider.<\/p>\n\n\n\n<p>Adem\u00e1s, el correntino, alineado con el oficialismo a lo largo de este a\u00f1o en much\u00edsimas votaciones, aprovech\u00f3 y lanz\u00f3 dardos al kirchnerismo: \u201cDa\u00f1a tanto lo que hizo Kueider como <strong>la hipocres\u00eda de los \u00faltimos 20 a\u00f1os que se hace el distra\u00eddo <\/strong>de la serie de condenamos que tiene por procesos de corrupci\u00f3n\u201d.<\/p>\n\n\n\n<p>Efusivo y subido de tono fue el discurso de cierre del senador cordob\u00e9s y jefe del bloque PRO, Luis Juez, que fue uno de los \u00fanicos legisladores del grupo de los \u201cdialoguistas\u201d con el gobierno de Javier Milei que se hab\u00eda expresado d\u00edas atr\u00e1s sobre el futuro de Kueider. <strong>Como Tagliaferri, Juez se inclin\u00f3 por la expulsi\u00f3n desde el inicio de la novela.<\/strong><\/p>\n\n\n\n<p>\u201cEn la historia de mi vida, 40 a\u00f1os haciendo pol\u00edtica, <strong>pero siempre he defendido como se defiende el honor. La \u00fanica sanci\u00f3n que le corresponde es la expulsi\u00f3n\u201d, <\/strong>dijo Juez en un efusivo discurso de 10 minutos, en la sesi\u00f3n donde se discute la remoci\u00f3n o expulsi\u00f3n de Kueider.<\/p>\n\n\n\n<p>Seg\u00fan Juez, la discusi\u00f3n sobre Kueider deber\u00eda unificar a los bloques: \u201cPodemos tener pensamientos distintos, pero <strong>hay cosas que no podemos tener una mirada distinta. <\/strong>Pero el acto de Kueider es un acto indecoroso\u201d.<\/p>\n\n\n\n<p>Las palabras finales por parte del interbloque peronista la tuvo Mayans, su l\u00edder, y uno de los impulsores de la sesi\u00f3n especial de hoy. <strong>Mayans utiliz\u00f3 declaraciones de Milei sobre supuestas coimas para el voto<\/strong><\/p>\n\n\n\n<p>El senador de Uni\u00f3n por la Patria parafrase\u00f3 al Presidente y apunt\u00f3 contra el senador detenido en Paraguay: <strong>\u201cMilei dijo que hubo coimas ac\u00e1. Y dijo que hubo coimas en Diputados. Despu\u00e9s, cuando sac\u00f3 la ley, comi\u00f3 un asado porque lo ayudaron con el veto y los nombr\u00f3 h\u00e9roes\u201d<\/strong><\/p>\n\n\n\n<p>Sobre el final, Villarruel puso a votaci\u00f3n el pedido del bloque libertario para discutir la suspensi\u00f3n del senador peronista por Neuqu\u00e9n, Oscar Parrilli, <strong>por estar procesado en la causa conocida como Memor\u00e1ndum con Ir\u00e1n, pero fue rechazado <\/strong>por no alcanzar los dos tercios necesarios: cosech\u00f3 34 adhesiones afirmativas, 31 rechazos y una abstenci\u00f3n.<\/p>\n","protected":false},"excerpt":{"rendered":"<p>El Senado de la Naci\u00f3n expuls\u00f3 hoy al senador peronista por Entre R\u00edos, Edgardo Kueider, detenido en Paraguay por llevar m\u00e1s 200.000 d\u00f3lares en efectivo sin declarar y por quien pesa un pedido de detenci\u00f3n por parte de la Justicia argentina en otra causa por enriquecimiento il\u00edcito. Fue removido del cargo por 60 votos afirmativos,&hellip;<\/p>\n","protected":false},"author":1,"featured_media":134702,"comment_status":"open","ping_status":"open","sticky":false,"template":"","format":"standard","meta":{"footnotes":""},"categories":[13],"tags":[2450,44214,781,2310],"class_list":["post-134701","post","type-post","status-publish","format-standard","has-post-thumbnail","hentry","category-politica","tag-diario-el-sindical","tag-edgardo-dario-kueider","tag-expulsion","tag-senado-de-la-nacion"],"_links":{"self":[{"href":"https:\/\/www.elsindical.com.ar\/notas\/wp-json\/wp\/v2\/posts\/134701","targetHints":{"allow":["GET"]}}],"collection":[{"href":"https:\/\/www.elsindical.com.ar\/notas\/wp-json\/wp\/v2\/posts"}],"about":[{"href":"https:\/\/www.elsindical.com.ar\/notas\/wp-json\/wp\/v2\/types\/post"}],"author":[{"embeddable":true,"href":"https:\/\/www.elsindical.com.ar\/notas\/wp-json\/wp\/v2\/users\/1"}],"replies":[{"embeddable":true,"href":"https:\/\/www.elsindical.com.ar\/notas\/wp-json\/wp\/v2\/comments?post=134701"}],"version-history":[{"count":1,"href":"https:\/\/www.elsindical.com.ar\/notas\/wp-json\/wp\/v2\/posts\/134701\/revisions"}],"predecessor-version":[{"id":134703,"href":"https:\/\/www.elsindical.com.ar\/notas\/wp-json\/wp\/v2\/posts\/134701\/revisions\/134703"}],"wp:featuredmedia":[{"embeddable":true,"href":"https:\/\/www.elsindical.com.ar\/notas\/wp-json\/wp\/v2\/media\/134702"}],"wp:attachment":[{"href":"https:\/\/www.elsindical.com.ar\/notas\/wp-json\/wp\/v2\/media?parent=134701"}],"wp:term":[{"taxonomy":"category","embeddable":true,"href":"https:\/\/www.elsindical.com.ar\/notas\/wp-json\/wp\/v2\/categories?post=134701"},{"taxonomy":"post_tag","embeddable":true,"href":"https:\/\/www.elsindical.com.ar\/notas\/wp-json\/wp\/v2\/tags?post=134701"}],"curies":[{"name":"wp","href":"https:\/\/api.w.org\/{rel}","templated":true}]}}