{"id":13468,"date":"2011-04-08T20:48:20","date_gmt":"2011-04-08T23:48:20","guid":{"rendered":"http:\/\/www.elsindical.com.ar\/notas\/?p=13468"},"modified":"2011-04-08T20:48:20","modified_gmt":"2011-04-08T23:48:20","slug":"allanaron-las-oficinas-del-same-por-la-muerte-de-un-habitante-de-la-villa-31","status":"publish","type":"post","link":"https:\/\/www.elsindical.com.ar\/notas\/allanaron-las-oficinas-del-same-por-la-muerte-de-un-habitante-de-la-villa-31\/","title":{"rendered":"Allanaron las oficinas del SAME por la muerte de un habitante de la Villa 31"},"content":{"rendered":"<div>\n<p style=\"text-align: justify;\"><em><a href=\"http:\/\/www.elsindical.com.ar\/notas\/var\/www\/html\/notas\/wp-content\/uploads\/2010\/10\/ambulancia-SAME-gen\u00e9rico.jpg\"><img loading=\"lazy\" decoding=\"async\" class=\"alignleft size-full wp-image-10180\" title=\"ambulancia-SAME-gen\u00e9rico\" src=\"http:\/\/www.elsindical.com.ar\/notas\/var\/www\/html\/notas\/wp-content\/uploads\/2010\/10\/ambulancia-SAME-gen\u00e9rico.jpg\" alt=\"\" width=\"236\" height=\"213\" \/><\/a>Funcionarios judiciales realizaron un procedimiento en las oficinas del <strong>Sistema de Asistencia M\u00e9dica de Emergencia <\/strong>a ra\u00edz de la denuncia por la muerte de un vecino de la Villa 31 por falta de asistencia. <strong>Incautaron grabaciones y el registro de operaciones.<\/strong><\/em><\/p>\n<p style=\"text-align: justify;\">La Justicia dispuso hoy <strong>un allanamiento en las oficinas del SAME<\/strong>,\u00a0en donde<strong>\u00a0secuestr\u00f3 grabaciones y el libro de registro del organismo<\/strong>, tras una denuncia presentada por el Observatorio de Derechos Humanos a ra\u00edz de la muerte de una persona por falta de asistencia.<\/p>\n<p style=\"text-align: justify;\">As\u00ed lo asegur\u00f3 hoy a la agencia de noticias\u00a0<em>DyN <\/em>el Observatorio, que destac\u00f3 que \u00ab<strong>se allan\u00f3 el SAME por incumplimiento y abandono de persona en la Villa<\/strong><br \/>\n<strong>31&#8243;.<\/strong><\/p>\n<p style=\"text-align: justify;\">Vecinos de la Villa 31 denunciaron que un habitante del asentamiento falleci\u00f3 por falta de asistencia luego de padecer un ataque de epilepsia.<\/p>\n<p style=\"text-align: justify;\">Seg\u00fan indicaron, el personal m\u00e9dico lleg\u00f3 hasta el acceso al barrio precario de Retiro y se neg\u00f3 a llegar hasta el domicilio del paciente por temor a hechos de inseguridad.<\/p>\n<p style=\"text-align: justify;\">Este\u00a0suceso gener\u00f3 el corte de la autopista Illia por siete horas el pasado mi\u00e9rcoles, medida que colaps\u00f3 gran parte del tr\u00e1nsito de la zona norte.<\/p>\n<\/div>\n","protected":false},"excerpt":{"rendered":"<p>Funcionarios judiciales realizaron un procedimiento en las oficinas del Sistema de Asistencia M\u00e9dica de Emergencia a ra\u00edz de la denuncia por la muerte de un vecino de la Villa 31 por falta de asistencia. Incautaron grabaciones y el registro de operaciones. La Justicia dispuso hoy un allanamiento en las oficinas del SAME,\u00a0en donde\u00a0secuestr\u00f3 grabaciones y&hellip;<\/p>\n","protected":false},"author":1,"featured_media":0,"comment_status":"open","ping_status":"open","sticky":false,"template":"","format":"standard","meta":{"footnotes":""},"categories":[20],"tags":[6455,1454,1011,6456,1280,2499,3414],"class_list":["post-13468","post","type-post","status-publish","format-standard","hentry","category-judiciales","tag-emergencias","tag-funcionarios-judiciales","tag-gobierno-de-la-ciudad","tag-muerte-vecino","tag-procedimiento","tag-same","tag-villa-31"],"_links":{"self":[{"href":"https:\/\/www.elsindical.com.ar\/notas\/wp-json\/wp\/v2\/posts\/13468","targetHints":{"allow":["GET"]}}],"collection":[{"href":"https:\/\/www.elsindical.com.ar\/notas\/wp-json\/wp\/v2\/posts"}],"about":[{"href":"https:\/\/www.elsindical.com.ar\/notas\/wp-json\/wp\/v2\/types\/post"}],"author":[{"embeddable":true,"href":"https:\/\/www.elsindical.com.ar\/notas\/wp-json\/wp\/v2\/users\/1"}],"replies":[{"embeddable":true,"href":"https:\/\/www.elsindical.com.ar\/notas\/wp-json\/wp\/v2\/comments?post=13468"}],"version-history":[{"count":1,"href":"https:\/\/www.elsindical.com.ar\/notas\/wp-json\/wp\/v2\/posts\/13468\/revisions"}],"predecessor-version":[{"id":13469,"href":"https:\/\/www.elsindical.com.ar\/notas\/wp-json\/wp\/v2\/posts\/13468\/revisions\/13469"}],"wp:attachment":[{"href":"https:\/\/www.elsindical.com.ar\/notas\/wp-json\/wp\/v2\/media?parent=13468"}],"wp:term":[{"taxonomy":"category","embeddable":true,"href":"https:\/\/www.elsindical.com.ar\/notas\/wp-json\/wp\/v2\/categories?post=13468"},{"taxonomy":"post_tag","embeddable":true,"href":"https:\/\/www.elsindical.com.ar\/notas\/wp-json\/wp\/v2\/tags?post=13468"}],"curies":[{"name":"wp","href":"https:\/\/api.w.org\/{rel}","templated":true}]}}